{"id":50986,"date":"2025-05-27T20:27:14","date_gmt":"2025-05-28T02:27:14","guid":{"rendered":"https:\/\/radiozapatista.org\/?p=50986"},"modified":"2025-05-27T20:27:16","modified_gmt":"2025-05-28T02:27:16","slug":"el-salvador-un-religioso-y-un-abogado-ambientalista-van-presos-por-defender-sus-tierras","status":"publish","type":"post","link":"https:\/\/radiozapatista.org\/?p=50986","title":{"rendered":"El Salvador, un religioso y un abogado ambientalista van presos por defender sus tierras"},"content":{"rendered":"\n<p>Fuente: <a href=\"https:\/\/avispa.org\/el-salvador-un-religioso-y-un-abogado-ambientalista-van-presos-por-defender-sus-tierras\/\">Avispa Midia<\/a><\/p>\n\n\n\n<p>Por Santiago Navarro F<\/p>\n\n\n\n<p><em><sup>En portada: Habitantes de la cooperativa El Bosque se concentraron en la calle a Comasagua, San Salvador, para manifestarse ante \u00f3rdenes de desalojo para 300 familias.<\/sup><\/em><\/p>\n\n\n\n<p>El pasado 12 de mayo, mientras la comunidad campesina de la Cooperativa El Bosque, en el El Salvador, realizaba una vigilia pac\u00edfica como acto de protesta contra una orden de desalojo de sus tierras, un operativo de la Unidad de Mantenimiento del Orden (UMO) y la Polic\u00eda Militar irrumpi\u00f3 con lujo de violencia. Detuvieron a Jos\u00e9 \u00c1ngel P\u00e9rez, pastor evang\u00e9lico y presidente de la cooperativa de estas tierras. Al d\u00eda siguiente, sin una orden oficial, en la capital de este pa\u00eds, tambi\u00e9n aprendieron al abogado y defensor ambientalista Alejandro Henr\u00edquez. Ambos fueron incomunicados por nueve d\u00edas.<\/p>\n\n\n\n<p>En entrevista para Avispa M\u00eddia, Dalia Gonz\u00e1les, quien al igual que el abogado Henr\u00edquez, es parte del Movimiento Pol\u00edtico Rebeli\u00f3n Verde (ReverdES) y del Foro del Agua del El Salvador, dijo que la detenci\u00f3n del abogado no es un caso aislado, sino que es selectivo por su activismo. \u201cDesde meses atr\u00e1s ven\u00eda acompa\u00f1ando a la comunida El Bosque, en Santa Tecla. Porque enfrentan un proceso judicial injusto e irregular de desalojo de tierras\u201d, se\u00f1ala la activista.<\/p>\n\n\n\n<p>Esta comunidad, que acompa\u00f1a el abogado, ten\u00eda una orden de desalojo emitida por el Juzgado de lo Laboral de Santa Tecla y tendr\u00eda que ser ejecutada el pasado 22 de mayo, afectando al menos 300 personas que conforman esta comunidad. Es por ello que inmediatamente los campesinos se pusieron en alerta para evitar que se llevar\u00e1 a cabo este acto, \u201cla comunidad hizo un planton pac\u00edfico en las cercan\u00edas de la residencia donde vive el presidente Nayib Bukele, pero las fuerzas del orden reprimieron y fue donde detuvieron al pastor de la comunidad, el 12 de mayo\u201d, se\u00f1ala la activista Gonz\u00e1les.<\/p>\n\n\n\n<figure class=\"wp-block-image\"><a class=\"td-modal-image\" href=\"https:\/\/avispa.org\/wp-content\/uploads\/2025\/05\/Protesta-para-exigir-la-liberacion-de-defensores-de-la-Cooperativa-El-Bosque-en-El-Salvador.webp\"><img decoding=\"async\" src=\"https:\/\/avispa.org\/wp-content\/uploads\/2025\/05\/Protesta-para-exigir-la-liberacion-de-defensores-de-la-Cooperativa-El-Bosque-en-El-Salvador-1024x550.webp\" alt=\"\" class=\"wp-image-119961\"\/><\/a><figcaption class=\"wp-element-caption\"><em><sup>Protesta para exigir la liberaci\u00f3n de defensores de la Cooperativa El Bosque en El Salvador<\/sup><\/em><\/figcaption><\/figure>\n\n\n\n<p>Al d\u00eda siguiente (13), sin una orden oficial, tambi\u00e9n detienen al agobado Henr\u00edquez, bajo la consigna de que su detenci\u00f3n era \u201cpor el delito de des\u00f3rdenes p\u00fablicos. Hoy se cumplen m\u00e1s de 15 d\u00edas desde la detenci\u00f3n\u201d, explica la militante de ReverdES y del Foro del Agua.<\/p>\n\n\n\n<p>\u201cLa acusaci\u00f3n de \u2018des\u00f3rdenes p\u00fablicos\u2019 carece de fundamento, ya que la vigilia fue pac\u00edfica. Esto refleja un uso instrumental de figuras penales ambiguas para reprimir la protesta social\u201d, destaca la organizaci\u00f3n Foro del Agua en un comumicado.<\/p>\n\n\n\n<p>As\u00ed mismo, en el comunicado refirman que estas detenciones responden a una estrategia de criminalizaci\u00f3n contra la lucha por el agua, la defensa del territorio y la resistencia antiminera en El Salvador.<\/p>\n\n\n\n<p>\u201cSu rol como abogado y defensor ambiental lo ha convertido en blanco de hostigamiento, buscando desincentivar el acompa\u00f1amiento legal a comunidades en resistencia\u201d, abunda el comunicado.<\/p>\n\n\n\n<p>Tras una campa\u00f1a p\u00fablica, incluyendo la entrega de una carta al presidente Nayib Bukele, el juzgado suspendi\u00f3 el desalojo. No obstante, no se respet\u00f3 esta orden y se ejecut\u00f3 una acci\u00f3n represiva donde se detuvieron a los activistas.<\/p>\n\n\n\n<h3 class=\"wp-block-heading\" id=\"h-la-cooperativa-el-bosque\"><strong>La Cooperativa El Bosque<\/strong><\/h3>\n\n\n\n<p>La modalidad de Cooperativa, bajo la cual tienen en posesi\u00f3n estas tierras, fue producto de la reforma agraria a trav\u00e9s de la cual se transfirieron las tierras por el Instituto Salvadore\u00f1o de Transformaci\u00f3n Agraria (ISTA), en el a\u00f1o de 1985. Posteriormente, en los a\u00f1os 90s, la Cooperativa recibi\u00f3 prestamos del Banco Rural para el cultivo de caf\u00e9, pues en ese momento se vivia una crisis de este grano.<\/p>\n\n\n\n<p>En ese contexto de crisis, los campesinos contrataron al ingeniero agr\u00f3nomo Luis Antonio Palomo Urbin, para reactivar la producci\u00f3n y poder pagar el cr\u00e9dito, \u201cpero no les ayud\u00f3. M\u00e1s bien se aprovech\u00f3 de la gente que no sab\u00eda leer y escribir y les hizo firmar unos pagares. As\u00ed que lo hecharon de la cooperativa en 2006, pero tiempo desp\u00faes us\u00f3 esos documentos firmados para demandar a la comunidad\u201d, puntualiza la activista Gonz\u00e1les. La comunidad ten\u00eda que pagar en un primer momento 130 mil d\u00f3lares, con la orden de desalojo el monto asciende a m\u00e1s 800 mil d\u00f3lares por moratorias e intereses.<\/p>\n\n\n\n<figure class=\"wp-block-image\"><a class=\"td-modal-image\" href=\"https:\/\/avispa.org\/wp-content\/uploads\/2025\/05\/Cooperativa-El-Bosque-Foto-Victoria-Paz_Mala-Yerba.jpg\"><img decoding=\"async\" src=\"https:\/\/avispa.org\/wp-content\/uploads\/2025\/05\/Cooperativa-El-Bosque-Foto-Victoria-Paz_Mala-Yerba-1024x683.jpg\" alt=\"\" class=\"wp-image-119958\"\/><\/a><figcaption class=\"wp-element-caption\"><em><sup>Cooperativa El Bosque. Foto: Victoria Paz\/Mala Yerba<\/sup><\/em><\/figcaption><\/figure>\n\n\n\n<p>\u201cEntonces este personaje pretende cobrarse con la tierra y mediante documentos y procesos viciados\u201d, denuncia la activista. El ingeniero Luis Antonio Palomo Urbin, quien denuncian por haber recibido favoritismo de las autoridades, es tambi\u00e9n prestador de servicio del gobierno de Nayib Bukele, a trav\u00e9s de su empresa Proyectos e Inversiones Diversas SA de CV (PROYIN S.A. DE C.V.).<\/p>\n\n\n\n<h3 class=\"wp-block-heading\" id=\"h-otros-casos\"><strong>Otros casos<\/strong><\/h3>\n\n\n\n<p>Estas detenciones se dan en un contexto donde El Salvador vive un r\u00e9gimen de excepci\u00f3n, que ha suspendido derechos b\u00e1sicos, bajo la narrativa de una \u201cguerra contra las pandillas\u201d, dice la activista.<\/p>\n\n\n\n<p><a href=\"https:\/\/avispa.org\/continuan-detenciones-arbitrarias-bajo-regimen-de-excepcion-en-el-salvador\/\"><strong>Te puede interesar &#8211; Contin\u00faan detenciones arbitrarias bajo r\u00e9gimen de excepci\u00f3n en El Salvador<\/strong><\/a><\/p>\n\n\n\n<p>Lo ocurrido \u201cno es un caso aislado\u201d dice la activista del Foro del Agua. La criminalizaci\u00f3n de l\u00edderes comunitarios, abogados y defensores de derechos humanos se ha intensificado en El Salvador bajo el r\u00e9gimen de excepci\u00f3n. Alejandro Henr\u00edquez ha asesorado a m\u00e1s de 100 juntas de agua y ha acompa\u00f1ado casos emblem\u00e1ticos de defensa territorial, como Valle \u00c1ngel, amenazado por la especulaci\u00f3n inmobiliaria.<\/p>\n\n\n\n<p>Henr\u00edquez tambi\u00e9n es uno de los firmantes de la demanda de inconstitucionalidad contra la nueva Ley de Miner\u00eda Met\u00e1lica, aprobada en diciembre de 2024, que permite nuevamente la explotaci\u00f3n minera en el pa\u00eds tras a\u00f1os de moratoria. Lo mismo con la abogada Ruth L\u00f3pez, que es la jefa de la Unidad Anticorrupci\u00f3n y Justicia de Cristosal de El Salvador, \u201cquien fue detenida de manera arbitraria en otro contexto\u201d, agrega Gonz\u00e1les.<\/p>\n\n\n\n<p><a href=\"https:\/\/avispa.org\/comunidades-de-el-salvador-llaman-a-movilizaciones-para-rechazar-reactivacion-de-mineria\/\"><strong>Te puede interesar &#8211; Comunidades de El Salvador llaman a movilizaciones para rechazar reactivaci\u00f3n de miner\u00eda<\/strong><\/a><\/p>\n\n\n\n<p>La activista Gonz\u00e1lez, polit\u00f3loga y compa\u00f1era del movimiento ReverdES, concluye que la detenci\u00f3n de su compa\u00f1ero \u201ces por su activismo, ya que ha trabajado con comunidades que el Estado quiere silenciar. Esta es una estrategia de terror: encarcelar a quienes organizan, a quienes dan herramientas legales a la gente pobre, a quienes dicen que el agua no puede ser un negocio\u201d.<\/p>\n\n\n\n<h2 class=\"wp-block-heading\" id=\"h-repudio-internacional\"><strong>Repudio internacional<\/strong><\/h2>\n\n\n\n<p>Las detenciones han generado condena internacional. La Relatora Especial de la ONU sobre defensores de derechos humanos, Mary Lawlor, ha expresado su preocupaci\u00f3n. Organizaciones como Amnist\u00eda Internacional y hasta el Partido Verde de Alemania han exigido su liberaci\u00f3n inmediata.<\/p>\n\n\n\n<figure class=\"wp-block-image\"><a class=\"td-modal-image\" href=\"https:\/\/avispa.org\/wp-content\/uploads\/2025\/05\/Protesta-para-exigir-la-liberacion-de-defensores-de-la-Cooperativa-El-Bosque-en-El-Salvador.jpg\"><img decoding=\"async\" src=\"https:\/\/avispa.org\/wp-content\/uploads\/2025\/05\/Protesta-para-exigir-la-liberacion-de-defensores-de-la-Cooperativa-El-Bosque-en-El-Salvador-1024x495.jpg\" alt=\"\" class=\"wp-image-119960\"\/><\/a><figcaption class=\"wp-element-caption\"><em><sup>Protesta para exigir la liberaci\u00f3n de defensores de la Cooperativa El Bosque en El Salvador.<\/sup><\/em><\/figcaption><\/figure>\n\n\n\n<p>La Comisi\u00f3n Interamericana de Derechos Humanos (CIDH) ha documentado patrones de criminalizaci\u00f3n contra defensores ambientales y territoriales en toda la regi\u00f3n. En El Salvador, hoy, \u201cdenunciar un despojo puede costarte la libertad \u2014o la vida\u201d, dice la activista.<\/p>\n\n\n\n<p><\/p>\n","protected":false},"excerpt":{"rendered":"<p>Fuente: Avispa Midia Por Santiago Navarro F En portada: Habitantes de la cooperativa El Bosque se concentraron en la calle a Comasagua, San Salvador, para manifestarse ante \u00f3rdenes de desalojo para 300 familias. El pasado 12 de mayo, mientras la comunidad campesina de la Cooperativa El Bosque, en el El Salvador, realizaba una vigilia pac\u00edfica [&hellip;]<\/p>\n","protected":false},"author":21,"featured_media":50988,"comment_status":"open","ping_status":"closed","sticky":false,"template":"","format":"standard","meta":{"footnotes":""},"categories":[957,51,1284,826,958,962,935],"tags":[58,53,1305,567,147,545,148,27,483],"class_list":["post-50986","post","type-post","status-publish","format-standard","has-post-thumbnail","hentry","category-autonomia","category-autor","category-latinoamerica","category-medios-libres-2","category-megaproyectos","category-presos","category-temas","tag-derechos-humanos","tag-justicia","tag-latinoamerica","tag-megaproyectos","tag-militarizacion","tag-pueblos-indigenas","tag-resistencia","tag-solidaridad","tag-tierra-y-territorio"],"_links":{"self":[{"href":"https:\/\/radiozapatista.org\/index.php?rest_route=\/wp\/v2\/posts\/50986","targetHints":{"allow":["GET"]}}],"collection":[{"href":"https:\/\/radiozapatista.org\/index.php?rest_route=\/wp\/v2\/posts"}],"about":[{"href":"https:\/\/radiozapatista.org\/index.php?rest_route=\/wp\/v2\/types\/post"}],"author":[{"embeddable":true,"href":"https:\/\/radiozapatista.org\/index.php?rest_route=\/wp\/v2\/users\/21"}],"replies":[{"embeddable":true,"href":"https:\/\/radiozapatista.org\/index.php?rest_route=%2Fwp%2Fv2%2Fcomments&post=50986"}],"version-history":[{"count":1,"href":"https:\/\/radiozapatista.org\/index.php?rest_route=\/wp\/v2\/posts\/50986\/revisions"}],"predecessor-version":[{"id":50987,"href":"https:\/\/radiozapatista.org\/index.php?rest_route=\/wp\/v2\/posts\/50986\/revisions\/50987"}],"wp:featuredmedia":[{"embeddable":true,"href":"https:\/\/radiozapatista.org\/index.php?rest_route=\/wp\/v2\/media\/50988"}],"wp:attachment":[{"href":"https:\/\/radiozapatista.org\/index.php?rest_route=%2Fwp%2Fv2%2Fmedia&parent=50986"}],"wp:term":[{"taxonomy":"category","embeddable":true,"href":"https:\/\/radiozapatista.org\/index.php?rest_route=%2Fwp%2Fv2%2Fcategories&post=50986"},{"taxonomy":"post_tag","embeddable":true,"href":"https:\/\/radiozapatista.org\/index.php?rest_route=%2Fwp%2Fv2%2Ftags&post=50986"}],"curies":[{"name":"wp","href":"https:\/\/api.w.org\/{rel}","templated":true}]}}