{"id":50963,"date":"2025-05-22T16:52:59","date_gmt":"2025-05-22T22:52:59","guid":{"rendered":"https:\/\/radiozapatista.org\/?p=50963"},"modified":"2025-05-22T16:53:44","modified_gmt":"2025-05-22T22:53:44","slug":"ernesto-zedillo-ponce-de-leon-esta-en-mexico-nos-preguntamos-a-que-vino-con-las-manos-manchadas-de-sangre","status":"publish","type":"post","link":"https:\/\/radiozapatista.org\/?p=50963","title":{"rendered":"Ernesto Zedillo Ponce de Le\u00f3n est\u00e1 en M\u00e9xico, \u00bfNos preguntamos a qu\u00e9 vino con las manos manchadas de sangre?"},"content":{"rendered":"\n<p><strong>Organizaci\u00f3n Sociedad Civil Las Abejas de Acteal<\/strong><\/p>\n\n\n\n<figure class=\"wp-block-image\"><a href=\"https:\/\/blogger.googleusercontent.com\/img\/b\/R29vZ2xl\/AVvXsEiPwP0goEzI3MlAjDN4JMeqXwmaAVlWfd7efIt7PgCYooL_fFErSmjbBmA2uEI2J8-yJUMQjZnbUPn4Ybl_hT5Ay3Vq2tDRNgQdUXOjKyIh_EoMl2IEhtE0Tx_Df7YVWPO2IP9LacfAQZtDNYjrXFf3dA-EdX5RYxJ2-THO9OpPLbuYun8UtgoiM7YgSIl-\/s259\/Blog,%20Acteal.jpg\"><img decoding=\"async\" src=\"https:\/\/blogger.googleusercontent.com\/img\/b\/R29vZ2xl\/AVvXsEiPwP0goEzI3MlAjDN4JMeqXwmaAVlWfd7efIt7PgCYooL_fFErSmjbBmA2uEI2J8-yJUMQjZnbUPn4Ybl_hT5Ay3Vq2tDRNgQdUXOjKyIh_EoMl2IEhtE0Tx_Df7YVWPO2IP9LacfAQZtDNYjrXFf3dA-EdX5RYxJ2-THO9OpPLbuYun8UtgoiM7YgSIl-\/w165-h124\/Blog,%20Acteal.jpg\" alt=\"\"\/><\/a><\/figure>\n\n\n\n<p><strong><em>Tierra Sagrada de los M\u00e1rtires de Acteal<\/em><\/strong><\/p>\n\n\n\n<p><br>Acteal, Chenalh\u00f3, Chiapas, M\u00e9xico.<\/p>\n\n\n\n<p>22 de mayo 2025<\/p>\n\n\n\n<p>Al Congreso Nacional Ind\u00edgena<\/p>\n\n\n\n<p>Al Consejo Ind\u00edgena de Gobierno<\/p>\n\n\n\n<p>A la Comisi\u00f3n Interamericana de Derechos Humanos<\/p>\n\n\n\n<p>A las y los Defensores de los Derechos Humanos<\/p>\n\n\n\n<p>A los Medios Libres y Alternativos<\/p>\n\n\n\n<p>A los Medios de Comunicaci\u00f3n Nacional e Internacional&nbsp;<\/p>\n\n\n\n<p>A la Sociedad Civil, Nacional e Internacional<\/p>\n\n\n\n<p><strong>Hermanas y hermanos:<\/strong><\/p>\n\n\n\n<p>Lleg\u00f3 el tiempo de sembrar nuestro ma\u00edz y frijol, con la poca lluvia que cay\u00f3, se reg\u00f3 nuestra milpa. Tambi\u00e9n es tiempo de sembrar la palabra hecha historia de nuestros M\u00e1rtires, porque mientras ellos oraban y ayunaban&nbsp;un grupo de violentos paramilitares<strong>&nbsp;les dispararon con armas de uso exclusivo del Ej\u00e9rcito mexicano<\/strong>&nbsp;en Acteal, el 22 de diciembre de 1997, donde se encontraban desplazados labrando la paz, que acab\u00f3 siendo regada con su propia sangre.<\/p>\n\n\n\n<figure class=\"wp-block-image\"><a href=\"https:\/\/blogger.googleusercontent.com\/img\/b\/R29vZ2xl\/AVvXsEhpChQV94LQVjZN1JirfQKXrqXiut1SNPG75XfpW1xigSb3dRFMPtBbITN9kEbocgahW1Y1ZmmwWuFCu_awn6rUxJ3jOT6wXj_Rj1aHa6NITrwfL7Vz9cX7C5aYyw-UrQfkr0ZJE5aNsYHAU2_Nx5Ad8Loieg7u7P0HGdR-FWonMYxt3n_hjCsvYEcuCDID\/s5184\/IMG_3977.JPG\"><img decoding=\"async\" src=\"https:\/\/blogger.googleusercontent.com\/img\/b\/R29vZ2xl\/AVvXsEhpChQV94LQVjZN1JirfQKXrqXiut1SNPG75XfpW1xigSb3dRFMPtBbITN9kEbocgahW1Y1ZmmwWuFCu_awn6rUxJ3jOT6wXj_Rj1aHa6NITrwfL7Vz9cX7C5aYyw-UrQfkr0ZJE5aNsYHAU2_Nx5Ad8Loieg7u7P0HGdR-FWonMYxt3n_hjCsvYEcuCDID\/s320\/IMG_3977.JPG\" alt=\"\"\/><\/a><\/figure>\n\n\n\n<p>A prop\u00f3sito de la violencia de los a\u00f1os 1997-1998, supimos que Ernesto Zedillo Ponce de Le\u00f3n est\u00e1 en M\u00e9xico, \u00bfNos preguntamos a qu\u00e9 vino con las manos manchadas de sangre? \u00bf<strong>A cosechar lo que sembr\u00f3<\/strong><strong>de los cr\u00edmenes que cometi\u00f3<\/strong>: 11 campesinos desarmados, asesinados en la comunidad del Charco, 17 campesinos asesinados en Aguas Blancas, los 8 campesinos del Bosque y la&nbsp;<strong>masacre de Acteal<\/strong>&nbsp;cometida en el marco del&nbsp;<strong>Plan de Campa\u00f1a Chiapas 94?<\/strong>&nbsp;La presencia de Zedillo en M\u00e9xico es una burla a la justicia y a las v\u00edctimas y sobrevivientes de los cr\u00edmenes cometidos durante su gobierno.<s><\/s><\/p>\n\n\n\n<p>La impunidad en el Caso Acteal, est\u00e1 causando burlas y amenazas de muerte, tal, as\u00ed que antier 20 de mayo un paramilitar autor material confeso de la Masacre de Acteal, liberado en el a\u00f1o de 2010 por la mal llamada Suprema Corte de Justicia de la Naci\u00f3n, amenaz\u00f3 de muerte a una sobreviviente de Acteal, porque le molesta que Las Abejas de Acteal no se han olvidado y que sigan denunciando y exigiendo verdad y justicia de la Masacre de Acteal.<\/p>\n\n\n\n<p>Ante esta intimidaci\u00f3n, responsabilizamos directamente a este paramilitar y al Estado mexicano de la integridad f\u00edsica y psicol\u00f3gica de nuestra compa\u00f1era, junto con su familia, como la de todas y todos los sobrevivientes de Acteal.<\/p>\n\n\n\n<figure class=\"wp-block-image\"><a href=\"https:\/\/blogger.googleusercontent.com\/img\/b\/R29vZ2xl\/AVvXsEgiES3cVmrnsTolWvDC_DwxN1Ya2JMOfYBM7PrwwrGNZnC9LrTER1DC9TqX7cuy3tw560GL9M4Z6xgQuO1CbpOwre1havKVWFCVhzjK4G9fXfTwRRMUiGgCdMLc0klOChpn-4kWKo3793cr82jyZqSyoz2AoQZx1b3CdwGJzDJR8Zf8ybaslt5HGgLEtl_J\/s5184\/IMG_4002.JPG\"><img decoding=\"async\" src=\"https:\/\/blogger.googleusercontent.com\/img\/b\/R29vZ2xl\/AVvXsEgiES3cVmrnsTolWvDC_DwxN1Ya2JMOfYBM7PrwwrGNZnC9LrTER1DC9TqX7cuy3tw560GL9M4Z6xgQuO1CbpOwre1havKVWFCVhzjK4G9fXfTwRRMUiGgCdMLc0klOChpn-4kWKo3793cr82jyZqSyoz2AoQZx1b3CdwGJzDJR8Zf8ybaslt5HGgLEtl_J\/s320\/IMG_4002.JPG\" alt=\"\"\/><\/a><\/figure>\n\n\n\n<p>Esta nueva agresi\u00f3n paramilitar es consecuencia directa de la impunidad que prevalece en el caso Acteal. A pesar de esta realidad, no nos callaremos, no vamos a detenernos en decir la verdad y exigir la justicia verdadera como ya lo dijeron nuestras ni\u00f1as y ni\u00f1os y j\u00f3venes en su carta le\u00edda antes de este comunicado. Del mismo modo volvemos a insistir a la Comisi\u00f3n Interamericana de Derechos Humanos que emita ya el informe de fondo del&nbsp;<strong>Caso 12.790 Manuel Santiz Culebra y otros<\/strong>&nbsp;(Masacre de Acteal).<\/p>\n\n\n\n<p>La realidad que hoy vivimos es m\u00e1s peligroso que como en el a\u00f1o de 1997, porque los paramilitares se convirtieron en sicarios, por ejemplo, hay m\u00e1s drogas y alcohol. En algunas comunidades, llegan hombres armados, juegan en la cancha, convirti\u00e9ndolas en refugio de sicarios, pues todav\u00eda hay comunidades que se llaman zonas neutrales o campamentos de paz.<\/p>\n\n\n\n<p>Tambi\u00e9n sabemos que las familias desplazadas en la cabecera de Chenalh\u00f3, sufren y lloran por falta de alimentos y sin condiciones de retornar a sus casas.<\/p>\n\n\n\n<p>&nbsp;Por otra parte, el gobernador afirma \u201cSin educaci\u00f3n no hay transformaci\u00f3n\u201d \u201c\u00a1Chiapas s\u00ed puede!\u201d Pero la realidad es otra, hay comunidades en donde los ni\u00f1os y las ni\u00f1as no llegan a la escuela. Desde 2023, los maestros salieron por miedo y no regresaron, pensamos que, mientras no se acabe la complicidad de las autoridades con el crimen organizado, y sin&nbsp;&nbsp;verdadera seguridad&nbsp;<strong>\u00a1Chiapas no puede!<\/strong><\/p>\n\n\n\n<p>En algunos lugares se escuchan disparos, aunque no todo el tiempo, quiere decir, que&nbsp;<strong>no hubo desarme<\/strong>&nbsp;<strong>por parte de las Fuerza de Reacci\u00f3n Inmediata Pakal (Pakales)<\/strong>. Los campamentos de los militares, de la Guardia Nacional, y de los polic\u00edas, no garantizan la tranquilidad de las comunidades, algunas y algunos han visto se\u00f1ales de complicidad con los que maltratan, y amenazan con enfrentamientos. Los operativos de los Pakales, fueron espect\u00e1culos aplaudidos, los sicarios se escondieron, ahora caminan a cualquier hora del d\u00eda, y nada pasa.&nbsp;<strong><em>Estamos viviendo en una violenta normalidad disfrazada de paz.<\/em><\/strong><\/p>\n\n\n\n<p>Recordamos que en tiempos de los gobiernos priistas en el a\u00f1o de 1997, durante los hechos previos a la Masacre de Acteal, los polic\u00edas de la Seguridad P\u00fablica del Estado de Chiapas, robaban junto a los paramilitares, saqueando casas y tiendas de miembros de Las Abejas de Acteal y de las bases de apoyo del Ej\u00e9rcito Zapatista de Liberaci\u00f3n Nacional (EZLN), delitos que hasta la fecha siguen impunes. Ahora, en tiempos del gobierno morenista, sucedi\u00f3 que el pasado 24 de abril, el Ej\u00e9rcito mexicano, Guardia Nacional, Pakales, Agencia de Investigaci\u00f3n de Inteligencia Ministerial, Polic\u00eda Estatal Preventiva, Secretar\u00eda de Seguridad y Protecci\u00f3n Ciudadana del Gobierno Federal, detuvieron sin \u00f3rdenes de aprehenci\u00f3n a dos bases del EZLN de la comunidad San Pedro Cotzilnam, municipio oficial de Aldama Chiapas; adem\u00e1s de esta detenci\u00f3n arbitraria dichas fuerzas de seguridad y los militares robaron un autom\u00f3vil, una motocicleta y fuerte cantidad de dinero en efectivo.<\/p>\n\n\n\n<p>Mientras tanto, nosotros hemos aprendido que hay otra justicia, que tarda, pero llega:&nbsp;<strong>\u201c<em>El reino de los cielos se parece a un hombre que sembr\u00f3 buena semilla en su campo. Pero mientras los hombres dorm\u00edan, vino su enemigo y sembr\u00f3 ciza\u00f1a entre el trigo, y se fue. Cuando produjo grano, apareci\u00f3 la ciza\u00f1a. Y los siervos del due\u00f1o le dijeron: Se\u00f1or, \u00bfno sembraste buena semilla en tu campo? \u00bfTiene ciza\u00f1a? \u00c9l les dijo: Un enemigo hizo esto. Y los siervos le dijeron: \u00bfQuieres, que vayamos a cortarla? \u00c9l dijo: No, no sea que, al cortar la ciza\u00f1a, arranquen tambi\u00e9n el trigo. Dejen que los dos crezcan juntos; Cuando llegue el tiempo de la cosecha dir\u00e9 a los sembradores: Recojan primero la ciza\u00f1a, \u00e1tenla en manojos para quemarla, pero el trigo gu\u00e1rdenlo en mi granero.&#8221; (Cfr. Mt. 13, 24-30)<\/em><\/strong><strong><\/strong><\/p>\n\n\n\n<p><strong>Hermanas y hermanos,&nbsp;<\/strong>de nueva cuenta&nbsp;les compartimos el dolor que tenemos, sabiendo que el pueblo de Palestina, est\u00e1 siendo asesinado por Israel, de muchas formas: bombardeada, con desalojos masivos, prisioneros en su propia tierra convertida en campo de concentraci\u00f3n, con hambre y enfermedades usadas como armas que aumentan los miles de muertos que parecen no importar al mundo, ni algunos&nbsp;&nbsp;medios de comunicaci\u00f3n que no respetan la&nbsp;verdad,&nbsp;ya que todos los d\u00edas justifican las acciones genocidas de Israel, aunque los muertos,&nbsp;<strong>sean ni\u00f1os, ni\u00f1as<\/strong>. Ante tal infamia,&nbsp;<strong>\u00a1Unamos nuestra voz, a las voces que gritan la Urgencia de parar el genocidio en Gaza!<\/strong><\/p>\n\n\n\n<p><strong>Por eso exigimos<\/strong><\/p>\n\n\n\n<ul class=\"wp-block-list\">\n<li>\u00b7\u00a0\u00a0\u00a0\u00a0\u00a0\u00a0A la Presidenta Claudia Sheinbaum, que considere romper relaciones diplom\u00e1ticas con el gobierno de Israel, hasta que pare el fuego y se rompa el cerco que impide entrar la ayuda humanitaria.<\/li>\n\n\n\n<li>\u00b7\u00a0\u00a0\u00a0\u00a0\u00a0\u00a0Al gobierno de Chiapas, d\u00e9 garant\u00edas reales de seguridad, para establecer el estado de derecho y que la\u00a0<strong>Fuerza de Reacci\u00f3n Inmediata Pakal, no act\u00fae como un grupo criminal que roba a los pueblos originarios y a cualquier ciudadano en Chiapas.<\/strong><\/li>\n<\/ul>\n\n\n\n<p>No olvidamos a nuestro hermano Sim\u00f3n Pedro y Padre Marcelo, ahora unidos a nuestros m\u00e1rtires, tambi\u00e9n sembraron con su vida el camino de la resistencia no violenta y:&nbsp;<strong><em>TRABAJEMOS JUNTOS POR UNA PAZ DESARMADA Y DESARMANTE (Cfr. Papa Le\u00f3n XIV)<\/em><\/strong><\/p>\n\n\n\n<p>Desde&nbsp;<strong>Acteal, Casa de la Memoria y de la Esperanza.<\/strong><\/p>\n\n\n\n<p><strong>Atentamente.<\/strong><\/p>\n\n\n\n<p><strong>La Voz de la Organizaci\u00f3n Sociedad Civil Las Abejas de Acteal.<\/strong><\/p>\n\n\n\n<p>La Mesa Directiva:<\/p>\n\n\n\n<p>&nbsp;&nbsp;&nbsp;&nbsp;____________________\u00ad_&nbsp;&nbsp;&nbsp;&nbsp;&nbsp;&nbsp;&nbsp;___________________________&nbsp;&nbsp;&nbsp;&nbsp;&nbsp;&nbsp;&nbsp;&nbsp;&nbsp;&nbsp;&nbsp;&nbsp;&nbsp;&nbsp;&nbsp;&nbsp;&nbsp;&nbsp;&nbsp;&nbsp;<\/p>\n\n\n\n<p>&nbsp;&nbsp;&nbsp;&nbsp;&nbsp;&nbsp;&nbsp;Victorio Santiz G\u00f3mez&nbsp;&nbsp;&nbsp;&nbsp;&nbsp;&nbsp;&nbsp;&nbsp;&nbsp;&nbsp;&nbsp;&nbsp;&nbsp;Juan Gabriel V\u00e1zquez V\u00e1zquez<\/p>\n\n\n\n<p>&nbsp;&nbsp;&nbsp;&nbsp;&nbsp;&nbsp;&nbsp;&nbsp;&nbsp;&nbsp;&nbsp;&nbsp;&nbsp;&nbsp;&nbsp;Presidente&nbsp;&nbsp;&nbsp;&nbsp;&nbsp;&nbsp;&nbsp;&nbsp;&nbsp;&nbsp;&nbsp;&nbsp;&nbsp;&nbsp;&nbsp;&nbsp;&nbsp;&nbsp;&nbsp;&nbsp;&nbsp;&nbsp;&nbsp;&nbsp;&nbsp;&nbsp;&nbsp;&nbsp;&nbsp;&nbsp;&nbsp;&nbsp;&nbsp;&nbsp;&nbsp;&nbsp;&nbsp;&nbsp;&nbsp;Secretario<\/p>\n\n\n\n<p>&nbsp;&nbsp;&nbsp;&nbsp;&nbsp;&nbsp;&nbsp;&nbsp;&nbsp;&nbsp;&nbsp;&nbsp;&nbsp;&nbsp;&nbsp;&nbsp;&nbsp;&nbsp;&nbsp;&nbsp;&nbsp;&nbsp;&nbsp;&nbsp;&nbsp;&nbsp;&nbsp;&nbsp;&nbsp;&nbsp;&nbsp;&nbsp;&nbsp;&nbsp;&nbsp;&nbsp;&nbsp;&nbsp;&nbsp;&nbsp;&nbsp;&nbsp;&nbsp;&nbsp;&nbsp;&nbsp;&nbsp;&nbsp;&nbsp;&nbsp;&nbsp;&nbsp;__________________<\/p>\n\n\n\n<p>&nbsp;&nbsp;&nbsp;&nbsp;&nbsp;&nbsp;&nbsp;&nbsp;&nbsp;&nbsp;&nbsp;&nbsp;&nbsp;&nbsp;&nbsp;&nbsp;&nbsp;&nbsp;&nbsp;&nbsp;&nbsp;&nbsp;&nbsp;&nbsp;&nbsp;&nbsp;&nbsp;&nbsp;&nbsp;&nbsp;&nbsp;&nbsp;&nbsp;&nbsp;&nbsp;&nbsp;&nbsp;&nbsp;&nbsp;&nbsp;&nbsp;&nbsp;&nbsp;&nbsp;&nbsp;Manuel G\u00f3mez Ruiz<\/p>\n\n\n\n<p>&nbsp;&nbsp;&nbsp;&nbsp;&nbsp;&nbsp;&nbsp;&nbsp;&nbsp;&nbsp;&nbsp;&nbsp;&nbsp;&nbsp;&nbsp;&nbsp;&nbsp;&nbsp;&nbsp;&nbsp;&nbsp;&nbsp;&nbsp;&nbsp;&nbsp;&nbsp;&nbsp;&nbsp;&nbsp;&nbsp;&nbsp;&nbsp;&nbsp;&nbsp;&nbsp;&nbsp;&nbsp;&nbsp;&nbsp;&nbsp;&nbsp;&nbsp;&nbsp;&nbsp;&nbsp;&nbsp;&nbsp;&nbsp;&nbsp;&nbsp;&nbsp;&nbsp;&nbsp;&nbsp;&nbsp;&nbsp;Tesorero<\/p>\n\n\n\n<figure class=\"wp-block-image\"><a href=\"https:\/\/blogger.googleusercontent.com\/img\/b\/R29vZ2xl\/AVvXsEjB8IE_2lFtQjgMEXVIPujclzrkta1s9yGFwouw3Drh_J4PkJFGHKhuQ4sexSM9GVajKEWC7jWnfkPlQ6LvvkC_pdR2Hx9lbevP-fsALQXIFnnZmhVzGudso0xrIPmCVT79VFzzyo2VVBRCmK78kXly4x926eW3igmQMJzJTR9URQeiUQxQ6Jvm107PqduL\/s1170\/WhatsApp%20Image%202025-05-22%20at%2012.49.16%20PM.jpeg\"><img decoding=\"async\" src=\"https:\/\/blogger.googleusercontent.com\/img\/b\/R29vZ2xl\/AVvXsEjB8IE_2lFtQjgMEXVIPujclzrkta1s9yGFwouw3Drh_J4PkJFGHKhuQ4sexSM9GVajKEWC7jWnfkPlQ6LvvkC_pdR2Hx9lbevP-fsALQXIFnnZmhVzGudso0xrIPmCVT79VFzzyo2VVBRCmK78kXly4x926eW3igmQMJzJTR9URQeiUQxQ6Jvm107PqduL\/w290-h400\/WhatsApp%20Image%202025-05-22%20at%2012.49.16%20PM.jpeg\" alt=\"\"\/><\/a><\/figure>\n\n\n\n<figure class=\"wp-block-image\"><a href=\"https:\/\/blogger.googleusercontent.com\/img\/b\/R29vZ2xl\/AVvXsEgV3ea2ZGCsXkvGG1ANY8UihbmjmVZnJHfg5MdYSSpSo08lEHaUL0D2Ne7EUgCeDL6xAk1TKylGuQSYKkdSNxd6ZrR6btDoGrNJlJ82cM9szb37KkRSzUfiYjXZjsUaNnuAbS6RZLXov2VOlUkE6bXFie1KS8tIuhJx-_4HCo_BFAaeiXs3jZmLRxXHF3T8\/s1170\/WhatsApp%20Image%202025-05-22%20at%2012.49.16%20PM-2.jpeg\"><img decoding=\"async\" src=\"https:\/\/blogger.googleusercontent.com\/img\/b\/R29vZ2xl\/AVvXsEgV3ea2ZGCsXkvGG1ANY8UihbmjmVZnJHfg5MdYSSpSo08lEHaUL0D2Ne7EUgCeDL6xAk1TKylGuQSYKkdSNxd6ZrR6btDoGrNJlJ82cM9szb37KkRSzUfiYjXZjsUaNnuAbS6RZLXov2VOlUkE6bXFie1KS8tIuhJx-_4HCo_BFAaeiXs3jZmLRxXHF3T8\/w290-h400\/WhatsApp%20Image%202025-05-22%20at%2012.49.16%20PM-2.jpeg\" alt=\"\"\/><\/a><\/figure>\n\n\n\n<figure class=\"wp-block-image\"><a href=\"https:\/\/blogger.googleusercontent.com\/img\/b\/R29vZ2xl\/AVvXsEj-p0mouS2oQW59F3230tepR8qKsqM6TW0kvu2BDI_JDd-nlSAofKBQvTiofa_izcGokF3b_5kfyDM9IKt_pughuMJaXeG8vAKOA1N78B_9CsdST5UTnGqYG4hWdGgd-wFX37ACNQ7S-ZdLKWoYWlJ1FaevMnH1TjGCXIvRtcNTgZTGkBTJDxUZEtUx4g62\/s1170\/WhatsApp%20Image%202025-05-22%20at%2012.49.15%20PM.jpeg\"><img decoding=\"async\" src=\"https:\/\/blogger.googleusercontent.com\/img\/b\/R29vZ2xl\/AVvXsEj-p0mouS2oQW59F3230tepR8qKsqM6TW0kvu2BDI_JDd-nlSAofKBQvTiofa_izcGokF3b_5kfyDM9IKt_pughuMJaXeG8vAKOA1N78B_9CsdST5UTnGqYG4hWdGgd-wFX37ACNQ7S-ZdLKWoYWlJ1FaevMnH1TjGCXIvRtcNTgZTGkBTJDxUZEtUx4g62\/w290-h400\/WhatsApp%20Image%202025-05-22%20at%2012.49.15%20PM.jpeg\" alt=\"\"\/><\/a><\/figure>\n\n\n\n<figure class=\"wp-block-image\"><a href=\"https:\/\/blogger.googleusercontent.com\/img\/b\/R29vZ2xl\/AVvXsEiPwP0goEzI3MlAjDN4JMeqXwmaAVlWfd7efIt7PgCYooL_fFErSmjbBmA2uEI2J8-yJUMQjZnbUPn4Ybl_hT5Ay3Vq2tDRNgQdUXOjKyIh_EoMl2IEhtE0Tx_Df7YVWPO2IP9LacfAQZtDNYjrXFf3dA-EdX5RYxJ2-THO9OpPLbuYun8UtgoiM7YgSIl-\/s259\/Blog,%20Acteal.jpg\"><img decoding=\"async\" src=\"https:\/\/blogger.googleusercontent.com\/img\/b\/R29vZ2xl\/AVvXsEiPwP0goEzI3MlAjDN4JMeqXwmaAVlWfd7efIt7PgCYooL_fFErSmjbBmA2uEI2J8-yJUMQjZnbUPn4Ybl_hT5Ay3Vq2tDRNgQdUXOjKyIh_EoMl2IEhtE0Tx_Df7YVWPO2IP9LacfAQZtDNYjrXFf3dA-EdX5RYxJ2-THO9OpPLbuYun8UtgoiM7YgSIl-\/w181-h136\/Blog,%20Acteal.jpg\" alt=\"\"\/><\/a><\/figure>\n\n\n\n<p>Organizaci\u00f3n Sociedad Civil las Abejas de Acteal,<\/p>\n\n\n\n<p>Acteal, Chenalh\u00f3, Chiapas, M\u00e9xico&nbsp;<\/p>\n\n\n\n<p>&nbsp;22 de Mayo de 2025<\/p>\n\n\n\n<p>Para: La Comisi\u00f3n Interamericana de Derechos Humanos y<\/p>\n\n\n\n<p>&nbsp;&nbsp;&nbsp;&nbsp;&nbsp;&nbsp;&nbsp;&nbsp;&nbsp;la Sociedad Civil Nacional e Internacional.<\/p>\n\n\n\n<p>De: Las ni\u00f1as, los ni\u00f1os y j\u00f3venes de Las Abejas de Acteal, hijas e hijos de sobrevivientes.<\/p>\n\n\n\n<p>&nbsp;&nbsp;&nbsp;&nbsp;Por este medio nos dirijimos a ustedes con el debido respeto que se merecen, con la finalidad de&nbsp;&nbsp;&nbsp;&nbsp;&nbsp;&nbsp;&nbsp;&nbsp;<\/p>\n\n\n\n<p>hacer de su conocimiento nuestros sentires, pensamientos y exigencias por la Masacre de Acteal, nos referimos al&nbsp;<strong>caso 12.790 Manuel Santis Culebra y otros (Masacre de Acteal).<\/strong><\/p>\n\n\n\n<figure class=\"wp-block-image\"><a href=\"https:\/\/blogger.googleusercontent.com\/img\/b\/R29vZ2xl\/AVvXsEj48B8dcSwIVJzQpFjoDZxt0w5cp0v-YAVtSmZYVuJS6nzB88aFZEJsanc3XZbxSe_8fSx-MqjjH1ZY8KceoK_QUeZ5iJ4fv66P6JxOlhj7waqmYSrhTmkel7Jex9-dl56VqQWwGWp2QaDTgFYjDqmGRPsbs_76N7DipCyHY0WfZR1eQZcXBZH_aBICUeM9\/s5184\/IMG_3969.JPG\"><img decoding=\"async\" src=\"https:\/\/blogger.googleusercontent.com\/img\/b\/R29vZ2xl\/AVvXsEj48B8dcSwIVJzQpFjoDZxt0w5cp0v-YAVtSmZYVuJS6nzB88aFZEJsanc3XZbxSe_8fSx-MqjjH1ZY8KceoK_QUeZ5iJ4fv66P6JxOlhj7waqmYSrhTmkel7Jex9-dl56VqQWwGWp2QaDTgFYjDqmGRPsbs_76N7DipCyHY0WfZR1eQZcXBZH_aBICUeM9\/s320\/IMG_3969.JPG\" alt=\"\"\/><\/a><\/figure>\n\n\n\n<p>&nbsp;&nbsp;&nbsp;&nbsp;&nbsp;Nosotras y nosotros, las ni\u00f1as, ni\u00f1os y j\u00f3venes de la organizaci\u00f3n Sociedad Civil las Abejas de Acteal, queremos expresar nuestros pensamientos, pues&nbsp;<strong>somos el fruto de una extinci\u00f3n fallida del Estado Mexicano, lo que tambien nos convierte en sobrevivientes. La masacre fue cometida durante el sexenio de Ernesto Zedillo Ponce de Le\u00f3n,<\/strong>&nbsp;a quien nuestros padres y madres han se\u00f1alado durante mas de 27 a\u00f1os su responsabilidad, sin ser escuchados en ninguna instancia. Es por ello que nosotras y nosotros en este d\u00eda hemos decidido levantar la voz junto a nuestros padres, porque nos duele lo que el estado y los grandes empresarios nos han hecho con tal de obtener mas riquezas. No les importa la vida de los pueblos originarios, ni la de los ni\u00f1os y las ni\u00f1as, para ellos no somos m\u00e1s que basura, no les importa nuestro dolor, pues&nbsp;&nbsp;hemos sufrido la ausencia de nuestras abuelas y nuestros abuelos, de quienes jam\u00e1s llegamos a conocer sus rostros, nunca pudimos sentir su cari\u00f1o.<\/p>\n\n\n\n<p>&nbsp;&nbsp;&nbsp;&nbsp;Muchas y muchos de nosotras y nosotros este pasado 10 de mayo d\u00eda de las madres visitamos el pante\u00f3n, lloramos en una tumba porque es todo lo que tenemos de ellos, una tumba. Nos duele mucho no poder abrazarlos, no poder escucharlos. Algunos de nosotros llevamos el nombre de ellos por que eso es lo que nos queda, sus nombres, sus historias, el recuerdo que nos cuentan nuestros padres.<\/p>\n\n\n\n<p>&nbsp;&nbsp;&nbsp;&nbsp;Sabemos que el d\u00eda que fueron masacrados se encontraban en el segundo d\u00eda de ayuno y oraci\u00f3n, no estaban haciendo nada malo s\u00f3lo querian la paz en nuestro pueblo de Chenalh\u00f3 frente a la guerra de baja intensidad que se desarrollaba en el Plan Campa\u00f1a Chiapas 94.<\/p>\n\n\n\n<p>&nbsp;&nbsp;&nbsp;&nbsp;En el a\u00f1o de 2009 la Suprema Corte de Justicia de la Naci\u00f3n liber\u00f3 a los paramilitares confesos de la masacre de Acteal, ahi le demostr\u00f3 al pueblo mexicano su complicidad y su incapacidad de impartir justicia. Es por ello que en 2005, nuestros padres mandaron el caso a la Comision Interamericana de Derechos Humanos , el cual fue admitido en el a\u00f1o de 2010.&nbsp;<strong>Se entregaron pruebas y hemos entendido que el informe est\u00e1 listo.&nbsp;<\/strong><\/p>\n\n\n\n<p>Queremos saber hasta cu\u00e1ndo van a dictar dicho informe, pues ya han pasado muchos a\u00f1os. Nosotros queremos que se castigue a los responsables intelectuales porque no han sido investigados y la violencia ha vuelto en nuestras comunidades. Nos cuentan nuestros padres que los disparos, enfrentamientos y desplazamientos que vemos y escuchamos hoy en d\u00eda es el mismo que se viv\u00eda en los a\u00f1os 90.<\/p>\n\n\n\n<p>&nbsp;&nbsp;&nbsp;&nbsp;Por todo lo que ya hemos expresado exigimos:<\/p>\n\n\n\n<p><strong>\u2022&nbsp;&nbsp;&nbsp;&nbsp;&nbsp;&nbsp;&nbsp;&nbsp;&nbsp;&nbsp;Dicten ya el informe de fondo<\/strong><\/p>\n\n\n\n<p><strong>\u2022&nbsp;&nbsp;&nbsp;&nbsp;&nbsp;&nbsp;&nbsp;&nbsp;&nbsp;&nbsp;Castigo a Ernesto Zedillo Ponce de Leon, principal autor intgelectual de la Masacre&nbsp;&nbsp;&nbsp;&nbsp;&nbsp;de Acteal.<\/strong><\/p>\n\n\n\n<p><strong>\u2022&nbsp;&nbsp;&nbsp;&nbsp;&nbsp;&nbsp;&nbsp;&nbsp;&nbsp;&nbsp;No mas violencia en Chiapas.<\/strong><\/p>\n\n\n\n<p>Desde Acteal Casa de la memoria y de la Esperanza.<\/p>\n\n\n\n<p>Atentamente.<\/p>\n\n\n\n<p>Las ni\u00f1as, los ni\u00f1os y j\u00f3venes de la Organizaci\u00f3n Sociedad&nbsp;&nbsp;Civil las Abejas de Acteal.<\/p>\n\n\n\n<p>Firman:<\/p>\n\n\n\n<figure class=\"wp-block-image\"><a href=\"https:\/\/blogger.googleusercontent.com\/img\/b\/R29vZ2xl\/AVvXsEgB3XRTXaEYRg5orhBKry-8Q2JBJLGUz6uio1ZdqCsuGs70obHBPshG1ZZ6RRxC8ifh4E64nvrkgMvvEfCroxiLVWnX3doQbrfFF5H9rpf0jfcyD-nE6i6w7xqzZjCViAaVMClsONHCpclOqN-0rae5-Z4e31FguC_ieBvDZmrZQJ7oOy3fde4nSoBZVscN\/s1170\/WhatsApp%20Image%202025-05-22%20at%2012.49.31%20PM.jpeg\"><img decoding=\"async\" src=\"https:\/\/blogger.googleusercontent.com\/img\/b\/R29vZ2xl\/AVvXsEgB3XRTXaEYRg5orhBKry-8Q2JBJLGUz6uio1ZdqCsuGs70obHBPshG1ZZ6RRxC8ifh4E64nvrkgMvvEfCroxiLVWnX3doQbrfFF5H9rpf0jfcyD-nE6i6w7xqzZjCViAaVMClsONHCpclOqN-0rae5-Z4e31FguC_ieBvDZmrZQJ7oOy3fde4nSoBZVscN\/w290-h400\/WhatsApp%20Image%202025-05-22%20at%2012.49.31%20PM.jpeg\" alt=\"\"\/><\/a><\/figure>\n\n\n\n<figure class=\"wp-block-image\"><a href=\"https:\/\/blogger.googleusercontent.com\/img\/b\/R29vZ2xl\/AVvXsEhL0wjAZUFUetS8edX4lm-luYbGyG1jlZ0o9a5VUkmSdYHEsyxknBljK3KKVvj_slwAupkp6ZQu_D15IJgM1qp3ac7UygOBzX6VjdjbvAQqtRIQ2pKl5u7bzF44eGuhQvp7WvBDaY5kuQqH0Q0FzE0n6jlMMJz-jOx-PHrUDuaJ5L1gHGBJMXrgEqGqMXAo\/s1170\/WhatsApp%20Image%202025-05-22%20at%2012.49.31%20PM-2.jpeg\"><img decoding=\"async\" src=\"https:\/\/blogger.googleusercontent.com\/img\/b\/R29vZ2xl\/AVvXsEhL0wjAZUFUetS8edX4lm-luYbGyG1jlZ0o9a5VUkmSdYHEsyxknBljK3KKVvj_slwAupkp6ZQu_D15IJgM1qp3ac7UygOBzX6VjdjbvAQqtRIQ2pKl5u7bzF44eGuhQvp7WvBDaY5kuQqH0Q0FzE0n6jlMMJz-jOx-PHrUDuaJ5L1gHGBJMXrgEqGqMXAo\/w290-h400\/WhatsApp%20Image%202025-05-22%20at%2012.49.31%20PM-2.jpeg\" alt=\"\"\/><\/a><\/figure>\n","protected":false},"excerpt":{"rendered":"<p>Organizaci\u00f3n Sociedad Civil Las Abejas de Acteal Tierra Sagrada de los M\u00e1rtires de Acteal Acteal, Chenalh\u00f3, Chiapas, M\u00e9xico. 22 de mayo 2025 Al Congreso Nacional Ind\u00edgena Al Consejo Ind\u00edgena de Gobierno A la Comisi\u00f3n Interamericana de Derechos Humanos A las y los Defensores de los Derechos Humanos A los Medios Libres y Alternativos A los [&hellip;]<\/p>\n","protected":false},"author":21,"featured_media":50964,"comment_status":"open","ping_status":"closed","sticky":false,"template":"","format":"standard","meta":{"footnotes":""},"categories":[957,51,6,826,954,935],"tags":[100,58,53,106,567,147,23,545,87,148,27,483],"class_list":["post-50963","post","type-post","status-publish","format-standard","has-post-thumbnail","hentry","category-autonomia","category-autor","category-chiapas","category-medios-libres-2","category-mexico","category-temas","tag-acteal","tag-derechos-humanos","tag-justicia","tag-las-abejas-de-acteal","tag-megaproyectos","tag-militarizacion","tag-paramilitares","tag-pueblos-indigenas","tag-represion","tag-resistencia","tag-solidaridad","tag-tierra-y-territorio"],"_links":{"self":[{"href":"https:\/\/radiozapatista.org\/index.php?rest_route=\/wp\/v2\/posts\/50963","targetHints":{"allow":["GET"]}}],"collection":[{"href":"https:\/\/radiozapatista.org\/index.php?rest_route=\/wp\/v2\/posts"}],"about":[{"href":"https:\/\/radiozapatista.org\/index.php?rest_route=\/wp\/v2\/types\/post"}],"author":[{"embeddable":true,"href":"https:\/\/radiozapatista.org\/index.php?rest_route=\/wp\/v2\/users\/21"}],"replies":[{"embeddable":true,"href":"https:\/\/radiozapatista.org\/index.php?rest_route=%2Fwp%2Fv2%2Fcomments&post=50963"}],"version-history":[{"count":1,"href":"https:\/\/radiozapatista.org\/index.php?rest_route=\/wp\/v2\/posts\/50963\/revisions"}],"predecessor-version":[{"id":50965,"href":"https:\/\/radiozapatista.org\/index.php?rest_route=\/wp\/v2\/posts\/50963\/revisions\/50965"}],"wp:featuredmedia":[{"embeddable":true,"href":"https:\/\/radiozapatista.org\/index.php?rest_route=\/wp\/v2\/media\/50964"}],"wp:attachment":[{"href":"https:\/\/radiozapatista.org\/index.php?rest_route=%2Fwp%2Fv2%2Fmedia&parent=50963"}],"wp:term":[{"taxonomy":"category","embeddable":true,"href":"https:\/\/radiozapatista.org\/index.php?rest_route=%2Fwp%2Fv2%2Fcategories&post=50963"},{"taxonomy":"post_tag","embeddable":true,"href":"https:\/\/radiozapatista.org\/index.php?rest_route=%2Fwp%2Fv2%2Ftags&post=50963"}],"curies":[{"name":"wp","href":"https:\/\/api.w.org\/{rel}","templated":true}]}}