{"id":50922,"date":"2025-04-26T12:23:00","date_gmt":"2025-04-26T18:23:00","guid":{"rendered":"https:\/\/radiozapatista.org\/?p=50922"},"modified":"2025-05-06T14:29:05","modified_gmt":"2025-05-06T20:29:05","slug":"solicitudes-de-refugio-en-mexico-caen-56-en-2024-inoperancia-de-la-comar-o-barreras-deliberadas","status":"publish","type":"post","link":"https:\/\/radiozapatista.org\/?p=50922","title":{"rendered":"Solicitudes de refugio en M\u00e9xico caen 56% en 2024: \u00bfInoperancia de la COMAR o barreras deliberadas?"},"content":{"rendered":"\n<p>Fuente: <a href=\"https:\/\/avispa.org\/solicitudes-de-refugio-en-mexico-caen-56-en-2024-inoperancia-de-la-comar-o-barreras-deliberadas\/\">Avispa Midia<\/a><\/p>\n\n\n\n<p>Por Jeny Pascacio<\/p>\n\n\n\n<p>La Comisi\u00f3n Mexicana de Ayuda a Refugiados (Comar),&nbsp;\u00f3rgano desconcentrado de la Secretar\u00eda de Gobernaci\u00f3n de M\u00e9xico,&nbsp;es se\u00f1alada por la sociedad civil de M\u00e9xico, Honduras, Guatemala y El Salvador de no atender, ni dar certeza jur\u00eddica a las personas con necesidades de protecci\u00f3n internacional que buscan refugio en M\u00e9xico, luego de ser desplazadas de sus pa\u00edses por la violencia criminal, persecuci\u00f3n del Estado y despojo de los territorios, principalmente.&nbsp;<\/p>\n\n\n\n<p>Tapachula, estado de Chiapas, es un punto neur\u00e1lgico en la ruta migrante hacia Estados Unidos, donde miles de personas procedentes de Centroam\u00e9rica y otras regiones convergen para buscar la regularizaci\u00f3n de su estatus migratorio. La ciudad registra el mayor n\u00famero de solicitudes de refugio en M\u00e9xico y es escenario de frecuentes detenciones de migrantes, lo que la convierte en un punto cr\u00edtico para la protecci\u00f3n de derechos y la gesti\u00f3n migratoria en el pa\u00eds.<\/p>\n\n\n\n<p>Durante el 2023, la Unidad de Pol\u00edtica Migratoria report\u00f3 229,379 detenciones de personas que clasific\u00f3 en situaci\u00f3n migratoria irregular en Chiapas, de las cuales, 70,665 sucedieron en Tapachula. Solo de enero a agosto de 2024 la cidra se super\u00f3 con 315,887 detenciones; 114,131 ocurrieron en la citada ciudad. La estad\u00edstica mensual de 2025, a\u00fan no est\u00e1 disponible debido a un proceso de reestructuraci\u00f3n, se lee en el portal de la unidad.<\/p>\n\n\n\n<p>En el recuento del abogado y defensor de los derechos humanos, Luis Garc\u00eda Villagr\u00e1n, la migraci\u00f3n disminuy\u00f3 desde enero con la llegada de Donald Trump a la Casa Blanca, pero no se detuvo, las personas contin\u00faan llegando por las deportaciones desde Estados Unidos y buscan el refugio en M\u00e9xico, pues regresar a sus pa\u00edses no es opci\u00f3n.<\/p>\n\n\n\n<p>\u201cLa presi\u00f3n que ejerce Trump a M\u00e9xico, arrastra al pa\u00eds a una pol\u00edtica id\u00e9ntica a la de \u00e9l: racista, elitista y clasista. Lo que pasa en el norte tiene todo que ver con lo que sucede en la frontera sur (de M\u00e9xico)\u201d, refiere Villagr\u00e1n sobre el acceso parcial al derecho de protecci\u00f3n internacional.&nbsp;<\/p>\n\n\n\n<figure class=\"wp-block-image\"><a class=\"td-modal-image\" href=\"https:\/\/avispa.org\/wp-content\/uploads\/2025\/04\/Corrupcion3.jpeg\"><img decoding=\"async\" src=\"https:\/\/avispa.org\/wp-content\/uploads\/2025\/04\/Corrupcion3-1024x461.jpeg\" alt=\"\" class=\"wp-image-119511\"\/><\/a><\/figure>\n\n\n\n<p><strong>Estad\u00edsticas versus realidad<\/strong><\/p>\n\n\n\n<p>La Comar report\u00f3 un total de 140,720 personas que solicitaron refugio en 2023. En 2024, la cifra disminuy\u00f3 56%, con 78,975 solicitudes contabilizadas, de las cuales, 50,742 se tramitaron en Tapachula y 14,367 en la Ciudad de M\u00e9xico.&nbsp;&nbsp;<\/p>\n\n\n\n<p>Del total de solicitudes que recibi\u00f3 la Comar en 2023, 41.8% fueron de mujeres y 19.1% ni\u00f1as, ni\u00f1os y adolescentes, m\u00e1xime de Hait\u00ed, Honduras, Cuba, El Salvador, Guatemala, Venezuela, Brasil, Chile, Colombia y Afganist\u00e1n. En 2024, los solicitantes fueron en su mayor\u00eda de Honduras, Cuba, Hait\u00ed, El Salvador, Venezuela, Guatemala, Colombia, Ecuador, Nicaragua y Chile.&nbsp;&nbsp;&nbsp;<\/p>\n\n\n\n<p>La Red Regional de Protecci\u00f3n (RRP) en el informe \u201cAcciones realizadas en 2023\u201d, que document\u00f3 el contexto de la movilidad humana de 2022 a 2024 en M\u00e9xico, Honduras, El Salvador y Guatemala, da cuenta de los cambios en las pr\u00e1cticas migratorias en M\u00e9xico. Seg\u00fan el informe, las barreras en el acceso a la solicitud de asilo provocan esta disminuci\u00f3n estad\u00edstica.&nbsp;<\/p>\n\n\n\n<figure class=\"wp-block-image\"><a class=\"td-modal-image\" href=\"https:\/\/avispa.org\/wp-content\/uploads\/2025\/04\/Corrupcion2.jpeg\"><img decoding=\"async\" src=\"https:\/\/avispa.org\/wp-content\/uploads\/2025\/04\/Corrupcion2-1024x461.jpeg\" alt=\"\" class=\"wp-image-119512\"\/><\/a><\/figure>\n\n\n\n<p>Pero eso no quiere decir que disminuy\u00f3 el n\u00famero de personas que llegan a las instalaciones de gobierno para pedir el asilo o refugio. El trabajo directo de la RRP con las personas en movilidad muestra que la b\u00fasqueda por solicitar refugio increment\u00f3 de forma gradual en los \u00faltimos tres a\u00f1os, tambi\u00e9n las tendencias de nacionalidad y composici\u00f3n familiar, con m\u00e1s mujeres, ni\u00f1as, ni\u00f1os, adolescentes y poblaci\u00f3n LGBTTTIQ+. Sin embargo, son detenidos y etiquetados como migraci\u00f3n irregular, lo que les impide hacer formalmente la solicitud, representando una merma en las estad\u00edsticas de la Comar, aunque no es el \u00fanico motivo.&nbsp;<\/p>\n\n\n\n<p>Para Villagr\u00e1n, a la comisi\u00f3n le beneficia se\u00f1alar que existe una baja en las solicitudes, aunque en la realidad la mengua, de igual modo, se debe a la corrupci\u00f3n vinculada con altos mandos de la Comar y del Instituto Nacional de Migraci\u00f3n (INM).&nbsp;<\/p>\n\n\n\n<p>\u201cLa tramitolog\u00eda ha superado la Ley sobre Refugiados, Protecci\u00f3n Complementaria y Asilo Pol\u00edtico en M\u00e9xico [&#8230;] A pesar de todo lo que diga la Comar, est\u00e1n vendiendo las citas, las constancias y las respuestas positivas, es decir, todos los tr\u00e1mites\u201d, denuncia Villagr\u00e1n para&nbsp;<em>Avispa M\u00eddia<\/em>.&nbsp;<\/p>\n\n\n\n<p>Cuando una persona acude a las oficinas de la \u201cComar 1\u201d para hacer el tr\u00e1mite, en la periferia de Tapachula, le indican que recibir\u00e1 un correo electr\u00f3nico que demora varios meses y, en el peor de los casos, nunca llega.&nbsp;<\/p>\n\n\n\n<p>En el mensaje electr\u00f3nico les dan una fecha para presentarse en las oficinas de \u201cComar 2\u201d (en el centro de la ciudad) y estando vuelven a citarlos en semana o dos para continuar con el procedimiento, pero no les dan ning\u00fan documento que les brinde certeza jur\u00eddica.&nbsp;<\/p>\n\n\n\n<p>Pasado el tiempo acuden a las oficinas, pero no hay respuestas, entonces las personas con necesidades de protecci\u00f3n internacional se ven obligadas a contratar los servicios de un abogado para interponer un amparo ante el Juzgado de Distrito para hacer valer sus derechos como refugiados.&nbsp;<\/p>\n\n\n\n<p>A decir de Villagr\u00e1n, los abogados est\u00e1n coludidos en este negocio redondo. \u201cLos abogados, estoy seguro, est\u00e1n en contubernio con la Comar. En Tapachula uno de ellos cobra de 2,000 a 25,000 pesos a las personas en movilidad humana, pero solo el 10 por ciento (de los solicitantes) tiene para pagar esa representaci\u00f3n ante los juzgados de distrito\u201d, explica Villagr\u00e1n.&nbsp;<\/p>\n\n\n\n<p>Continua, \u201cpodr\u00eda decir que la mitad de las solicitudes es atendida por orden de un juez federal. En Tapachula son cuatro juzgados, de ellos, el tercero y el cuarto se dedican a atender los juicios de garant\u00edas para que la Comar reciba las solicitudes de refugio, sin embargo, tampoco es garant\u00eda del respeto a los derechos\u201d.&nbsp;<\/p>\n\n\n\n<p>En caso de que la persona logre acceder al refugio en M\u00e9xico, la Comar la env\u00eda a las oficinas del INM para que pida una Visa por Razones Humanitarias, pero el tr\u00e1mite tambi\u00e9n debe agilizarse a trav\u00e9s del juez.&nbsp;<\/p>\n\n\n\n<figure class=\"wp-block-image\"><a class=\"td-modal-image\" href=\"https:\/\/avispa.org\/wp-content\/uploads\/2025\/04\/IMG_20190520_145505120_HDR.jpeg\"><img decoding=\"async\" src=\"https:\/\/avispa.org\/wp-content\/uploads\/2025\/04\/IMG_20190520_145505120_HDR-1024x576.jpeg\" alt=\"\" class=\"wp-image-119513\"\/><\/a><\/figure>\n\n\n\n<p>Pero eso no quiere decir que disminuy\u00f3 el n\u00famero de personas que llegan a las instalaciones de gobierno para pedir el asilo o refugio. El trabajo directo de la RRP con las personas en movilidad muestra que la b\u00fasqueda por solicitar refugio increment\u00f3 de forma gradual en los \u00faltimos tres a\u00f1os, tambi\u00e9n las tendencias de nacionalidad y composici\u00f3n familiar, con m\u00e1s mujeres, ni\u00f1as, ni\u00f1os, adolescentes y poblaci\u00f3n LGBTTTIQ+. Sin embargo, son detenidos y etiquetados como migraci\u00f3n irregular, lo que les impide hacer formalmente la solicitud, representando una merma en las estad\u00edsticas de la Comar, aunque no es el \u00fanico motivo.&nbsp;<\/p>\n\n\n\n<p>Para Villagr\u00e1n, a la comisi\u00f3n le beneficia se\u00f1alar que existe una baja en las solicitudes, aunque en la realidad la mengua, de igual modo, se debe a la corrupci\u00f3n vinculada con altos mandos de la Comar y del Instituto Nacional de Migraci\u00f3n (INM).&nbsp;<\/p>\n\n\n\n<p>\u201cLa tramitolog\u00eda ha superado la Ley sobre Refugiados, Protecci\u00f3n Complementaria y Asilo Pol\u00edtico en M\u00e9xico [&#8230;] A pesar de todo lo que diga la Comar, est\u00e1n vendiendo las citas, las constancias y las respuestas positivas, es decir, todos los tr\u00e1mites\u201d, denuncia Villagr\u00e1n para&nbsp;<em>Avispa M\u00eddia<\/em>.&nbsp;<\/p>\n\n\n\n<p>Cuando una persona acude a las oficinas de la \u201cComar 1\u201d para hacer el tr\u00e1mite, en la periferia de Tapachula, le indican que recibir\u00e1 un correo electr\u00f3nico que demora varios meses y, en el peor de los casos, nunca llega.&nbsp;<\/p>\n\n\n\n<p>En el mensaje electr\u00f3nico les dan una fecha para presentarse en las oficinas de \u201cComar 2\u201d (en el centro de la ciudad) y estando vuelven a citarlos en semana o dos para continuar con el procedimiento, pero no les dan ning\u00fan documento que les brinde certeza jur\u00eddica.&nbsp;<\/p>\n\n\n\n<p>Pasado el tiempo acuden a las oficinas, pero no hay respuestas, entonces las personas con necesidades de protecci\u00f3n internacional se ven obligadas a contratar los servicios de un abogado para interponer un amparo ante el Juzgado de Distrito para hacer valer sus derechos como refugiados.&nbsp;<\/p>\n\n\n\n<p>A decir de Villagr\u00e1n, los abogados est\u00e1n coludidos en este negocio redondo. \u201cLos abogados, estoy seguro, est\u00e1n en contubernio con la Comar. En Tapachula uno de ellos cobra de 2,000 a 25,000 pesos a las personas en movilidad humana, pero solo el 10 por ciento (de los solicitantes) tiene para pagar esa representaci\u00f3n ante los juzgados de distrito\u201d, explica Villagr\u00e1n.&nbsp;<\/p>\n\n\n\n<p>Continua, \u201cpodr\u00eda decir que la mitad de las solicitudes es atendida por orden de un juez federal. En Tapachula son cuatro juzgados, de ellos, el tercero y el cuarto se dedican a atender los juicios de garant\u00edas para que la Comar reciba las solicitudes de refugio, sin embargo, tampoco es garant\u00eda del respeto a los derechos\u201d.&nbsp;<\/p>\n\n\n\n<p>En caso de que la persona logre acceder al refugio en M\u00e9xico, la Comar la env\u00eda a las oficinas del INM para que pida una Visa por Razones Humanitarias, pero el tr\u00e1mite tambi\u00e9n debe agilizarse a trav\u00e9s del juez.&nbsp;<\/p>\n\n\n\n<figure class=\"wp-block-image\"><a class=\"td-modal-image\" href=\"https:\/\/avispa.org\/wp-content\/uploads\/2025\/04\/IMG_20190520_180517608_HDR.jpeg\"><img decoding=\"async\" src=\"https:\/\/avispa.org\/wp-content\/uploads\/2025\/04\/IMG_20190520_180517608_HDR-1024x576.jpeg\" alt=\"\" class=\"wp-image-119514\"\/><\/a><\/figure>\n\n\n\n<p>\u201cEs muy grave porque todo se hace en los juzgados federales, pero el migrante que no tiene para pagar un abogado queda fuera del asilo y refugio, aunque sea potencialmente un perseguido pol\u00edtico, religioso, de la comunidad LGBTTTI u otro sector\u201d, explica Villagr\u00e1n, que acompa\u00f1a alrededor de 20 casos ante los tribunales.&nbsp;<\/p>\n\n\n\n<p>Pasan los meses y sin un documento que le de certeza, se encuentra en un limbo burocr\u00e1tico. \u201cEs corrupci\u00f3n, el burocratismo hace omisi\u00f3n y la omisi\u00f3n es corrupci\u00f3n\u201d, expone que estas pr\u00e1cticas han ido evolucionando en 10 a\u00f1os, \u201cnada ha cambiado\u201d.<\/p>\n\n\n\n<p>Aunado a todo lo mencionado, si no cuentan con los documentos o el tr\u00e1mite correspondiente, las personas son m\u00e1s vulnerables a ser extorsionadas por la polic\u00eda municipal y por agentes del propio INM o detenidos y deportados en la frontera de comunidad Honduras y Guatemala.&nbsp;<\/p>\n\n\n\n<p>De manera reciente, la comunidad migrante contenida en Tapachula hizo p\u00fablica una carta dirigida a la presidenta Claudia Sheinbaum, en la que manifiesta su preocupaci\u00f3n por la \u201cemergencia social\u201d en la frontera sur de M\u00e9xico, que se agrava sin el acceso a los servicios b\u00e1sicos.<\/p>\n\n\n\n<p>En el texto, destaca que la situaci\u00f3n es particularmente preocupante y es necesario el apoyo del gobierno mexicano a trav\u00e9s del Programa para el Bienestar, para acceder a necesidades b\u00e1sicas de alimentaci\u00f3n, medicamentos, entre otras<\/p>\n\n\n\n<p>Tambi\u00e9n explica, a grandes rasgos, la compleja situaci\u00f3n laboral en Tapachula y otras ciudades del territorio chiapaneco en las que encuentran varados. Buscan la manera de sobrevivir, pero, sin documentos, resulta m\u00e1s dif\u00edcil conseguir empleo o bien, les pagan 80 pesos al d\u00eda por trabajos pesados.&nbsp;<\/p>\n\n\n\n<p>\u201cLe solicitamos que se tomen las medidas necesarias lo m\u00e1s pronto posible para garantizar el apoyo a las personas que ya son beneficiarias del programa federal y que no reciben el recurso desde el primer mes de 2025\u201d, dice el escrito.&nbsp;<\/p>\n\n\n\n<p>La larga espera para regularizar su estancia en M\u00e9xico, los mantiene en situaciones precarias, viviendo en los parques p\u00fablicos, aceras y terminales de autobuses, bajo altas temperaturas.&nbsp;<\/p>\n\n\n\n<p>\u201cA partir del art\u00edculo 1o y 133 de la Constituci\u00f3n M\u00e9xico est\u00e1 obligado a cumplir todos los tratados internacionales en materia de derechos humanos, entre otros temas; con el Pacto de San Jos\u00e9 de la OEA y la Declaraci\u00f3n Universal de los Derechos Humanos\u201d, especifica Villagr\u00e1n.&nbsp;<\/p>\n\n\n\n<p>Entre los casos que acompa\u00f1a Villagr\u00e1n, una madre e hija con una condici\u00f3n de salud especial est\u00e1n en riesgo de ser deportadas por la dilaci\u00f3n del tr\u00e1mite ante Comar.&nbsp;<\/p>\n\n\n\n<figure class=\"wp-block-image\"><a class=\"td-modal-image\" href=\"https:\/\/avispa.org\/wp-content\/uploads\/2025\/04\/Corrupcion5.jpeg\"><img decoding=\"async\" src=\"https:\/\/avispa.org\/wp-content\/uploads\/2025\/04\/Corrupcion5-1024x461.jpeg\" alt=\"\" class=\"wp-image-119515\"\/><\/a><\/figure>\n\n\n\n<p><strong>La gallera&nbsp;<\/strong><\/p>\n\n\n\n<p>A principios de octubre de 2024, Julio Rodr\u00edguez, de 35 a\u00f1os de edad y origen venezolano, tom\u00f3 la decisi\u00f3n de huir de su pa\u00eds junto a su esposa y su hijo, por la persecuci\u00f3n que vivi\u00f3 por el gobierno de Nicol\u00e1s Maduro.&nbsp;<\/p>\n\n\n\n<p>\u201cLastimosamente yo trabajaba cerca de los puntos de concentraci\u00f3n de las manifestaciones pac\u00edficas de la oposici\u00f3n al chavismo. Yo pasaba por ah\u00ed y sal\u00ed en fotograf\u00edas de un peri\u00f3dico en las que me catalogaron como alguien que hac\u00eda disturbios y tuve que abandonar Venezuela\u201d, relata Julio para&nbsp;<em>Avispa M\u00eddia<\/em>.&nbsp;<\/p>\n\n\n\n<p>La traves\u00eda por cinco pa\u00edses hasta llegar a Guatemala fue a pie y por transporte p\u00fablico. Al pisar territorio mexicano fueron secuestrados y trasladados a una casa de seguridad que Julio recuerda como sombr\u00eda y con ventanas totalmente tapadas. \u201cNo \u00e9ramos los \u00fanicos, hab\u00edan muchas m\u00e1s personas de diferentes nacionalidades y no pod\u00edamos huir porque los secuestradores estaban armados. Nos pidieron 100 d\u00f3lares a cada uno para que nos llevaran a Tapachula y deb\u00edamos conseguirlo a como diera lugar\u201d, recuerda.&nbsp;<\/p>\n\n\n\n<p>Julio tuvo que rogar para que le aceptaran 260 d\u00f3lares que hab\u00edan reunido para llegar al norte de M\u00e9xico. Aceptaron,&nbsp;\u201cluego nos enviaron a otra casa donde nos pusieron un sello en el brazo con la imagen de un gallo,&nbsp;nos trasladaron a una gallera y luego caminamos por varias horas hasta llegar a unos taxis que nos llevaron a Tapachula\u201d.&nbsp;&nbsp;<\/p>\n\n\n\n<p>Desde que entraron a la llamada \u201cPerla del Soconusco\u201d, el 9 de diciembre, Julio comenz\u00f3 a buscar trabajo e indag\u00f3 sobre los tr\u00e1mites para la CBP One, pero cuando Donald Trump asumi\u00f3 la presidencia de Estados Unidos en enero de 2025, los planes de Julio y su familia cambiaron.&nbsp;<\/p>\n\n\n\n<p>\u201cPresentamos una carta ante Comar el 17 de febrero, nos debieron regresar un correo, pero nunca nos lleg\u00f3. Entonces tuvimos que hacer un documento de apelaci\u00f3n para que nos atendiera y, en eso, el defensor Luis Garc\u00eda Villagr\u00e1n nos est\u00e1 acompa\u00f1ando\u201d.<\/p>\n\n\n\n<p>Julio confirma que los abogados cobran sumas excesivas para llevar el proceso, pues al no contar con la nacionalidad mexicana, no pueden acceder al recurso sin un representante legal. \u201cNo es simple, nos ponen muros a pesar de estar huyendo de un pa\u00eds en crisis y Comar no nos escucha porque no le estamos pagando el tr\u00e1mite\u201d.&nbsp;<\/p>\n\n\n\n<p>Esto sucede a pesar de que M\u00e9xico es uno de los siete pa\u00edses que participan en el Marco Integral de Protecci\u00f3n y Soluciones Regionales (MIRPS), compromiso que fue adoptado en 2017, como contribuci\u00f3n regional al Pacto Mundial sobre Refugiados, entre otros acuerdos internacionales.&nbsp;<\/p>\n\n\n\n<p>\u201cLa movilidad es multifactorial pero las personas que caminan por esta parte de M\u00e9xico huyen de las pandillas, de las extorsiones, los secuestros, la criminalidad que incrementa en Honduras. La pobreza es un factor muy importante en El Salvador, no hay empleo. El Salvador, Honduras, Guatemala y Venezuela siguen siendo de los pa\u00edses muy pobres y persiste una migraci\u00f3n forzada, no tienen de otra\u201d, enfatiza Villagr\u00e1n.&nbsp;<\/p>\n\n\n\n<p>En febrero de 2018, Comisi\u00f3n Nacional de Derechos Humanos hizo un llamado al gobierno federal y admiti\u00f3 el posible colapso del Sistema de Protecci\u00f3n a Refugiados en M\u00e9xico. Entonces se contabilizaron 14,596 solicitudes iniciadas, 60% no fueron atendidas (7,719) y por la suspensi\u00f3n de operaciones en su oficina de la Ciudad de M\u00e9xico.<\/p>\n\n\n\n<p>Te puede interesar \u2013&nbsp;<a href=\"https:\/\/avispa.org\/militarizacion-del-proceso-migratorio-debe-continuar-con-nuevo-director-del-inm\/\">Militarizaci\u00f3n del proceso migratorio debe continuar con nuevo director del INM<\/a><\/p>\n\n\n\n<figure class=\"wp-block-image\"><a class=\"td-modal-image\" href=\"https:\/\/avispa.org\/wp-content\/uploads\/2025\/04\/Corrupcion.jpeg\"><img decoding=\"async\" src=\"https:\/\/avispa.org\/wp-content\/uploads\/2025\/04\/Corrupcion-1024x768.jpeg\" alt=\"\" class=\"wp-image-119516\"\/><\/a><\/figure>\n","protected":false},"excerpt":{"rendered":"<p>Fuente: Avispa Midia Por Jeny Pascacio La Comisi\u00f3n Mexicana de Ayuda a Refugiados (Comar),&nbsp;\u00f3rgano desconcentrado de la Secretar\u00eda de Gobernaci\u00f3n de M\u00e9xico,&nbsp;es se\u00f1alada por la sociedad civil de M\u00e9xico, Honduras, Guatemala y El Salvador de no atender, ni dar certeza jur\u00eddica a las personas con necesidades de protecci\u00f3n internacional que buscan refugio en M\u00e9xico, luego [&hellip;]<\/p>\n","protected":false},"author":21,"featured_media":50923,"comment_status":"open","ping_status":"closed","sticky":false,"template":"","format":"standard","meta":{"footnotes":""},"categories":[51,826,958,954,959,935],"tags":[58,567,30,147,87,148,27,483],"class_list":["post-50922","post","type-post","status-publish","format-standard","has-post-thumbnail","hentry","category-autor","category-medios-libres-2","category-megaproyectos","category-mexico","category-migracion","category-temas","tag-derechos-humanos","tag-megaproyectos","tag-migracion","tag-militarizacion","tag-represion","tag-resistencia","tag-solidaridad","tag-tierra-y-territorio"],"_links":{"self":[{"href":"https:\/\/radiozapatista.org\/index.php?rest_route=\/wp\/v2\/posts\/50922","targetHints":{"allow":["GET"]}}],"collection":[{"href":"https:\/\/radiozapatista.org\/index.php?rest_route=\/wp\/v2\/posts"}],"about":[{"href":"https:\/\/radiozapatista.org\/index.php?rest_route=\/wp\/v2\/types\/post"}],"author":[{"embeddable":true,"href":"https:\/\/radiozapatista.org\/index.php?rest_route=\/wp\/v2\/users\/21"}],"replies":[{"embeddable":true,"href":"https:\/\/radiozapatista.org\/index.php?rest_route=%2Fwp%2Fv2%2Fcomments&post=50922"}],"version-history":[{"count":1,"href":"https:\/\/radiozapatista.org\/index.php?rest_route=\/wp\/v2\/posts\/50922\/revisions"}],"predecessor-version":[{"id":50924,"href":"https:\/\/radiozapatista.org\/index.php?rest_route=\/wp\/v2\/posts\/50922\/revisions\/50924"}],"wp:featuredmedia":[{"embeddable":true,"href":"https:\/\/radiozapatista.org\/index.php?rest_route=\/wp\/v2\/media\/50923"}],"wp:attachment":[{"href":"https:\/\/radiozapatista.org\/index.php?rest_route=%2Fwp%2Fv2%2Fmedia&parent=50922"}],"wp:term":[{"taxonomy":"category","embeddable":true,"href":"https:\/\/radiozapatista.org\/index.php?rest_route=%2Fwp%2Fv2%2Fcategories&post=50922"},{"taxonomy":"post_tag","embeddable":true,"href":"https:\/\/radiozapatista.org\/index.php?rest_route=%2Fwp%2Fv2%2Ftags&post=50922"}],"curies":[{"name":"wp","href":"https:\/\/api.w.org\/{rel}","templated":true}]}}