{"id":50455,"date":"2025-04-08T19:26:51","date_gmt":"2025-04-09T01:26:51","guid":{"rendered":"https:\/\/radiozapatista.org\/?p=50455"},"modified":"2025-04-09T05:46:14","modified_gmt":"2025-04-09T11:46:14","slug":"mas-de-1000-35-y-27-subcomandante-insurgente-moises-abril-de-2025","status":"publish","type":"post","link":"https:\/\/radiozapatista.org\/?p=50455","title":{"rendered":"M\u00e1s de 1000, 35 y 27 | Subcomandante insurgente Mois\u00e9s | Abril de 2025"},"content":{"rendered":"\n<h2 class=\"wp-block-heading has-text-align-center\">M\u00e1s de 1000, 35 y 27<\/h2>\n\n\n\n<p class=\"has-text-align-center\"><strong>CIERRE DE REGISTRO DE PARTICIPANTES EN EL ENCUENTRO<br><\/strong><strong>\u201cREBEL (Arte)\/ REVEL (arte).<\/strong><\/p>\n\n\n\n<p>8 de abril del 2025.<\/p>\n\n\n\n<p>&nbsp; Les aviso c\u00f3mo qued\u00f3 el registro de participantes para el pr\u00f3ximo encuentro de Artes, los d\u00edas del 13 al 20 de abril del 2025.<br>&nbsp; Se han registrado m\u00e1s de 480 grupos e individuos artistas, con m\u00e1s de 35 artes como son:<\/p>\n\n\n\n<figure class=\"wp-block-table\"><table class=\"has-fixed-layout\"><tbody><tr><td>Antipoes\u00eda<br>Arte acci\u00f3n<br>Arte sonoro<br>Arte textil<br>Arte visual<br>Artes pl\u00e1sticas<br>Artesan\u00eda<br>Bordado<br>Cartograf\u00eda<br>Cer\u00e1mica<br>Cine<br>Circo<br>Clown<br>Collage<br>Danza<br>Escultura<br>Est\u00e9ncil<br>Escritura<\/td><td>Fotograf\u00eda<br>Grabado<br>Gr\u00e1fica<br>Ilustraci\u00f3n<br>Literatura<br>Magia<br>Marionetas<br>M\u00fasica<br>Narrativa<br>Parkour<br>Performance<br>Pintura<br>Poes\u00eda<br>Spoken Word<br>Tatuajes<br>Teatro<br>T\u00edteres<\/td><\/tr><\/tbody><\/table><\/figure>\n\n\n\n<p>&nbsp; Tomando en cuenta que, de esos 480, hay casi 200 grupos o colectivos de 3 o m\u00e1s personas en promedio, ser\u00edan alrededor de 750 artistas for\u00e1neos.&nbsp; Y se suman los m\u00e1s de 500 zapatistas.&nbsp; M\u00e1s de 1000 artistas en total.<\/p>\n\n\n\n<p><strong>GEOGRAF\u00cdAS DE ARTISTAS<\/strong><\/p>\n\n\n\n<p>Registrados participantes de 27 geograf\u00edas:<\/p>\n\n\n\n<p>Alemania; Argentina; B\u00e9lgica; Bolivia; Brasil; Chile; Colombia; Ecuador; El Salvador; Espa\u00f1a; Estados Unidos; Francia; Galiza; Grecia; Guatemala; Inglaterra; Irlanda; Italia; Jap\u00f3n; M\u00e9xico; Palestina; Per\u00fa; Polonia; Sud\u00e1n; Suiza; Turqu\u00eda; Venezuela.<\/p>\n\n\n\n<p>&nbsp; A partir de hoy se cierra el registro de participantes.<\/p>\n\n\n\n<p>&nbsp; Quienes se han registrado en los \u00faltimos d\u00edas, se han ido incorporando a la lista publicada el d\u00eda 1 de abril en este enlace: <a href=\"https:\/\/enlacezapatista.ezln.org.mx\/2025\/04\/01\/mas-de-866-y-23\/\">https:\/\/enlacezapatista.ezln.org.mx\/2025\/04\/01\/mas-de-866-y-23\/<\/a><\/p>\n\n\n\n<p class=\"has-text-align-center\"><strong>-*-<\/strong><\/p>\n\n\n\n<p>&nbsp; Tambi\u00e9n les informo que estamos viendo la forma en que los d\u00edas del Encuentro del 16 y 17, que originalmente estaba planeado en Oventik, mejor sean en el caracol de Jacinto Canek, para evitarles complicaciones en los traslados.&nbsp; Sigue en pie que el 18 y 19 de abril, la sede es el CIDECI de San Crist\u00f3bal de Las Casas, Chiapas, M\u00e9xico.<\/p>\n\n\n\n<p>Es todo.<\/p>\n\n\n\n<p>Desde las monta\u00f1as del sureste mexicano.<\/p>\n\n\n\n<p>Subcomandante Insurgente Mois\u00e9s.<br>M\u00e9xico, abril del 2025.<\/p>\n\n\n\n<figure class=\"wp-block-embed is-type-video is-provider-vimeo wp-block-embed-vimeo\"><div class=\"wp-block-embed__wrapper\">\n<iframe loading=\"lazy\" title=\"M\u00e1s de 1000, 35 y 27\" src=\"https:\/\/player.vimeo.com\/video\/1073753994?dnt=1&amp;app_id=122963\" width=\"500\" height=\"281\" frameborder=\"0\" allow=\"autoplay; fullscreen; picture-in-picture; clipboard-write; encrypted-media\"><\/iframe>\n<\/div><\/figure>\n\n\n\n<p>Im\u00e1genes de Tercios Compas Zapatistas&nbsp;<br>M\u00fasica Amparanoia, \u00abQue te den\u00bb&nbsp;<\/p>\n","protected":false},"excerpt":{"rendered":"<p>M\u00e1s de 1000, 35 y 27 CIERRE DE REGISTRO DE PARTICIPANTES EN EL ENCUENTRO\u201cREBEL (Arte)\/ REVEL (arte). 8 de abril del 2025. &nbsp; Les aviso c\u00f3mo qued\u00f3 el registro de participantes para el pr\u00f3ximo encuentro de Artes, los d\u00edas del 13 al 20 de abril del 2025.&nbsp; Se han registrado m\u00e1s de 480 grupos e [&hellip;]<\/p>\n","protected":false},"author":21,"featured_media":50456,"comment_status":"open","ping_status":"closed","sticky":false,"template":"","format":"standard","meta":{"footnotes":""},"categories":[957,51,6,118,955,954,935,222],"tags":[644,58,926,53,567,147,545,87,148,27,483],"class_list":["post-50455","post","type-post","status-publish","format-standard","has-post-thumbnail","hentry","category-autonomia","category-autor","category-chiapas","category-ezln","category-ezln-temas","category-mexico","category-temas","category-video","tag-comunicados-ezln","tag-derechos-humanos","tag-ezln","tag-justicia","tag-megaproyectos","tag-militarizacion","tag-pueblos-indigenas","tag-represion","tag-resistencia","tag-solidaridad","tag-tierra-y-territorio"],"_links":{"self":[{"href":"https:\/\/radiozapatista.org\/index.php?rest_route=\/wp\/v2\/posts\/50455","targetHints":{"allow":["GET"]}}],"collection":[{"href":"https:\/\/radiozapatista.org\/index.php?rest_route=\/wp\/v2\/posts"}],"about":[{"href":"https:\/\/radiozapatista.org\/index.php?rest_route=\/wp\/v2\/types\/post"}],"author":[{"embeddable":true,"href":"https:\/\/radiozapatista.org\/index.php?rest_route=\/wp\/v2\/users\/21"}],"replies":[{"embeddable":true,"href":"https:\/\/radiozapatista.org\/index.php?rest_route=%2Fwp%2Fv2%2Fcomments&post=50455"}],"version-history":[{"count":2,"href":"https:\/\/radiozapatista.org\/index.php?rest_route=\/wp\/v2\/posts\/50455\/revisions"}],"predecessor-version":[{"id":50459,"href":"https:\/\/radiozapatista.org\/index.php?rest_route=\/wp\/v2\/posts\/50455\/revisions\/50459"}],"wp:featuredmedia":[{"embeddable":true,"href":"https:\/\/radiozapatista.org\/index.php?rest_route=\/wp\/v2\/media\/50456"}],"wp:attachment":[{"href":"https:\/\/radiozapatista.org\/index.php?rest_route=%2Fwp%2Fv2%2Fmedia&parent=50455"}],"wp:term":[{"taxonomy":"category","embeddable":true,"href":"https:\/\/radiozapatista.org\/index.php?rest_route=%2Fwp%2Fv2%2Fcategories&post=50455"},{"taxonomy":"post_tag","embeddable":true,"href":"https:\/\/radiozapatista.org\/index.php?rest_route=%2Fwp%2Fv2%2Ftags&post=50455"}],"curies":[{"name":"wp","href":"https:\/\/api.w.org\/{rel}","templated":true}]}}