{"id":50448,"date":"2025-04-08T13:24:06","date_gmt":"2025-04-08T19:24:06","guid":{"rendered":"https:\/\/radiozapatista.org\/?p=50448"},"modified":"2025-04-08T13:33:22","modified_gmt":"2025-04-08T19:33:22","slug":"comunicado-en-respaldo-al-companero-david-peralta-betanzos-fotoperiodista-mazateco-atacado-por-caciques-de-eloxohitlan-de-flores-magon","status":"publish","type":"post","link":"https:\/\/radiozapatista.org\/?p=50448","title":{"rendered":"Comunicado en respaldo al compa\u00f1ero David Peralta Betanzos, fotoperiodista mazateco, atacado por caciques de Eloxochitl\u00e1n de Flores Mag\u00f3n"},"content":{"rendered":"\n<p>Sierra Mazateca a 6 de abril de 2025<\/p>\n\n\n\n<p>Al pueblo de la sierra Mazateca<\/p>\n\n\n\n<p>Al Ej\u00e9rcito Zapatista de Liberaci\u00f3n Nacional (EZLN)<\/p>\n\n\n\n<p>Al Congreso Nacional Ind\u00edgena (CNI)<\/p>\n\n\n\n<p>A los medios libres e independientes<\/p>\n\n\n\n<p>A los organismos de derechos humanos<\/p>\n\n\n\n<p>Desde las profundidades de la Sierra Mazateca, a trav\u00e9s del Movimiento de Articulaci\u00f3n de los Pueblos Olvidados de la Ca\u00f1ada (MAPOC), expresamos nuestra m\u00e1s firme solidaridad y apoyo a el compa\u00f1ero David Peralta Betanzos, foto periodista mazateco comprometido con la lucha social y ambiental de los&nbsp; pueblos originarios.<\/p>\n\n\n\n<p>Condenamos en\u00e9rgicamente el atentado que sufri\u00f3 el pasado 3 de abril 2025 en contra su vida mientras documentaba los da\u00f1os al medio ambiente en Eloxochitl\u00e1n de Flores Mag\u00f3n,&nbsp; derivados de las actividades extractivistas de piedra y arena del cacique local Manuel Zepeda.<\/p>\n\n\n\n<p>El d\u00eda mencionado, mientras David se dirig\u00eda a su hogar, el se\u00f1or Manuel Zepeda intent\u00f3 atropellarlo en dos ocasiones. David logr\u00f3 escapar, pero fue perseguido por Marco Antonio Ortiz Gallardo, trabajador de Zepeda, quien lo alcanz\u00f3 en motocicleta y con violencia le despoj\u00f3 de su c\u00e1mara&nbsp; fotogr\u00e1fica. Este acto no solo representa una agresi\u00f3n f\u00edsica, sino un claro intento de silenciar el trabajo period\u00edstico y defender la verdad.<\/p>\n\n\n\n<p>David Peralta, ind\u00edgena mazateco, ha dedicado su labor foto period\u00edstica a documentar no solo la rica&nbsp; cultura de su comunidad, sino tambi\u00e9n las injusticias que afectan a su pueblo. Ha sido un testigo visual&nbsp; de las tragedias ambientales que ocurren en la regi\u00f3n mazateca, como los incendios forestales que&nbsp; devastaron gran parte de la regi\u00f3n el a\u00f1o pasado. A trav\u00e9s de su lente, David ha mostrado al mundo&nbsp; las luchas y desaf\u00edos que enfrentan las comunidades ind\u00edgenas, convirti\u00e9ndose en un referente para&nbsp; los j\u00f3venes mazatecos que desean acercarse al arte de la fotograf\u00eda como una herramienta de&nbsp; narraci\u00f3n y denuncia.<\/p>\n\n\n\n<p>A ra\u00edz de este ataque, David se ha visto obligado a desplazarse de su comunidad debido al largo&nbsp; historial de violencia que Manuel Zepeda y su familia han ejercido contra defensoras y defensores&nbsp; comunitarios. El gobierno de Oaxaca, a pesar de tener conocimiento de esta situaci\u00f3n, sigue&nbsp; protegiendo a Zepeda y su familia, quienes han continuado con su persecuci\u00f3n de aquellos que se oponen a sus actividades ilegales. Elisa Zepeda Lagunas, hija de Manuel Zepeda, fue designada diputada plurinominal por el gobernador Salom\u00f3n Jara en la actual legislatura, y previamente fue<br>Secretaria de la Mujer en el mismo gobierno.<\/p>\n\n\n\n<p>Adem\u00e1s, es importante destacar que Manuel Zepeda ha acusado a David de estar en su propiedad privada, cuando en realidad David se encontraba realizando su trabajo period\u00edstico en un espacio p\u00fablico, como es su derecho. Esta acusaci\u00f3n forma parte de un patr\u00f3n de criminalizaci\u00f3n de su labor como fotoperiodista, un ataque directo a la libertad de expresi\u00f3n y a la funci\u00f3n fundamental del periodismo independiente.<\/p>\n\n\n\n<p>Exigimos que se garantice la seguridad de David Peralta y de todos aquellos que ejercen el periodismo<br>en contextos de vulnerabilidad. La labor documental es crucial para las comunidades, pues permite visibilizar las injusticias, defender los derechos humanos y proteger el medio ambiente. Para que este trabajo pueda llevarse a cabo, es indispensable que se ofrezcan condiciones de seguridad y libertad<br>para los y las periodistas.<\/p>\n\n\n\n<p>Exigimos justicia para David Peralta, el fin de la persecuci\u00f3n en su contra, y que se investigue y sancione con el debido proceso a los responsables de este ataque. La impunidad no debe prevalecer, y la justicia debe ser garantizada para todos los periodistas, especialmente para aquellos que documentan la verdad en situaciones de riesgo.<\/p>\n\n\n\n<p>\u00a1Exigimos justicia para David Peralta Betanzos y la protecci\u00f3n de su labor!<\/p>\n\n\n\n<p>\u00a1Las familias de Eloxochitl\u00e1n merecen vivir en paz!<\/p>\n\n\n\n<p>\u00a1No a la criminalizaci\u00f3n de la labor period\u00edstica!<\/p>\n\n\n\n<p>Atentamente,<br>Movimiento de Articulaci\u00f3n de los Pueblos Olvidados de la Ca\u00f1ada<\/p>\n","protected":false},"excerpt":{"rendered":"<p>Sierra Mazateca a 6 de abril de 2025 Al pueblo de la sierra Mazateca Al Ej\u00e9rcito Zapatista de Liberaci\u00f3n Nacional (EZLN) Al Congreso Nacional Ind\u00edgena (CNI) A los medios libres e independientes A los organismos de derechos humanos Desde las profundidades de la Sierra Mazateca, a trav\u00e9s del Movimiento de Articulaci\u00f3n de los Pueblos Olvidados [&hellip;]<\/p>\n","protected":false},"author":21,"featured_media":50449,"comment_status":"open","ping_status":"closed","sticky":false,"template":"","format":"standard","meta":{"footnotes":""},"categories":[957,51,826,954,935],"tags":[58,53,567,147,23,545,87,148,27,483],"class_list":["post-50448","post","type-post","status-publish","format-standard","has-post-thumbnail","hentry","category-autonomia","category-autor","category-medios-libres-2","category-mexico","category-temas","tag-derechos-humanos","tag-justicia","tag-megaproyectos","tag-militarizacion","tag-paramilitares","tag-pueblos-indigenas","tag-represion","tag-resistencia","tag-solidaridad","tag-tierra-y-territorio"],"_links":{"self":[{"href":"https:\/\/radiozapatista.org\/index.php?rest_route=\/wp\/v2\/posts\/50448","targetHints":{"allow":["GET"]}}],"collection":[{"href":"https:\/\/radiozapatista.org\/index.php?rest_route=\/wp\/v2\/posts"}],"about":[{"href":"https:\/\/radiozapatista.org\/index.php?rest_route=\/wp\/v2\/types\/post"}],"author":[{"embeddable":true,"href":"https:\/\/radiozapatista.org\/index.php?rest_route=\/wp\/v2\/users\/21"}],"replies":[{"embeddable":true,"href":"https:\/\/radiozapatista.org\/index.php?rest_route=%2Fwp%2Fv2%2Fcomments&post=50448"}],"version-history":[{"count":2,"href":"https:\/\/radiozapatista.org\/index.php?rest_route=\/wp\/v2\/posts\/50448\/revisions"}],"predecessor-version":[{"id":50454,"href":"https:\/\/radiozapatista.org\/index.php?rest_route=\/wp\/v2\/posts\/50448\/revisions\/50454"}],"wp:featuredmedia":[{"embeddable":true,"href":"https:\/\/radiozapatista.org\/index.php?rest_route=\/wp\/v2\/media\/50449"}],"wp:attachment":[{"href":"https:\/\/radiozapatista.org\/index.php?rest_route=%2Fwp%2Fv2%2Fmedia&parent=50448"}],"wp:term":[{"taxonomy":"category","embeddable":true,"href":"https:\/\/radiozapatista.org\/index.php?rest_route=%2Fwp%2Fv2%2Fcategories&post=50448"},{"taxonomy":"post_tag","embeddable":true,"href":"https:\/\/radiozapatista.org\/index.php?rest_route=%2Fwp%2Fv2%2Ftags&post=50448"}],"curies":[{"name":"wp","href":"https:\/\/api.w.org\/{rel}","templated":true}]}}