{"id":50428,"date":"2025-04-04T19:16:55","date_gmt":"2025-04-05T01:16:55","guid":{"rendered":"https:\/\/radiozapatista.org\/?p=50428"},"modified":"2025-04-04T19:16:58","modified_gmt":"2025-04-05T01:16:58","slug":"llamado-a-solidaridad-internacional-frente-a-intensificacion-de-represion-contra-pueblo-mapuche","status":"publish","type":"post","link":"https:\/\/radiozapatista.org\/?p=50428","title":{"rendered":"Llamado a solidaridad internacional frente a intensificaci\u00f3n de represi\u00f3n contra pueblo Mapuche"},"content":{"rendered":"\n<p>Fuente: <a href=\"https:\/\/avispa.org\/llamado-a-solidaridad-internacional-frente-a-intensificacion-de-represion-contra-pueblo-mapuche\/\">Avispa Midia<\/a><\/p>\n\n\n\n<p>A partir de este martes (1) y hasta el 20 de abril, la Red Internacional de Apoyo a los Presos Pol\u00edticos Mapuche de la&nbsp;Coordinadora Arauco Malleco (CAM) mantendr\u00e1 una Campa\u00f1a de Solidaridad Internacional con el objetivo de visibilizar la creciente criminalizaci\u00f3n, persecuci\u00f3n y represi\u00f3n contra el movimiento autonomista del pueblo originario por parte del Estado de Chile.<\/p>\n\n\n\n<p>La Red denuncia que el actual gobierno chileno, bajo la administraci\u00f3n de Gabriel Boric, ha intensificado la militarizaci\u00f3n en favor de grandes empresas forestales y energ\u00e9ticas, por lo cual busca busca exponer las agresiones contra el Wallmapu (territorio ancestral mapuche) y la vulneraci\u00f3n sist\u00e9mica de los derechos del pueblo mapuche.<\/p>\n\n\n\n<p>Acorde a un comunicado difundido el martes (1), esta situaci\u00f3n est\u00e1 siendo agravada por una campa\u00f1a de desinformaci\u00f3n medi\u00e1tica que estigmatiza la resistencia mapuche y la presenta como una amenaza terrorista, deslegitimando sus demandas hist\u00f3ricas por la autonom\u00eda y territorio. A la vez, el aumento de la represi\u00f3n estatal intensifica la detenci\u00f3n arbitraria de autoridades ancestrales, como los machi, lonko y werken del pueblo mapuche.<\/p>\n\n\n\n<p><a href=\"https:\/\/avispa.org\/hector-llaitul-no-es-una-apologia-de-la-violencia-es-un-choque-de-mundos\/\" target=\"_blank\" rel=\"noreferrer noopener\">Te puede interesar &#8211; H\u00e9ctor Llaitul: \u201cno es una apolog\u00eda de la violencia, es un choque de mundos\u201d<\/a><\/p>\n\n\n\n<p>Esto ocurre en medio de la promulgaci\u00f3n, en febrero pasado, de la Ley Antiterrorista 21.732, la cual sustituye la normativa impuesta durante la dictadura de Augusto Pinochet, y que, argumenta la Red, transgrede los principios b\u00e1sicos de respeto a los derechos humanos y buscar sembrar miedo y zozobra en las comunidades mapuche.<\/p>\n\n\n\n<p>\u201cTodo parece indicar que es un nuevo instrumento persecutorio ya que no s\u00f3lo no define qu\u00e9 es una conducta terrorista -m\u00e1s all\u00e1 de los insuficientes criterios que quedar\u00e1n al arbitrio de jueces, fiscales, polic\u00edas y autoridades pol\u00edticas, sino que tampoco establece con claridad qui\u00e9n la determina y bajo qu\u00e9 contextos, evidenciando que no es m\u00e1s que otra ley al servicio de los poderosos que mantienen invadido el&nbsp;<em>Wallmapu<\/em>&nbsp;criminalizando as\u00ed el leg\u00edtimo derecho a la resistencia en contra de la opresi\u00f3n.<\/p>\n\n\n\n<p>Ante ello, la Red convoca a las expresiones en resistencia, comunidades en lucha, organizaciones locales, nacionales e internacionales para sumarse a la Campa\u00f1a de Denuncia Internacional con el objetivo de se\u00f1alar la profundizaci\u00f3n de la persecuci\u00f3n pol\u00edtica que ha aumentado la cifra de presos pol\u00edticos mapuche, a m\u00e1s de 100 en la actualidad, y frente a la amenaza de su incremento con la aplicaci\u00f3n de la Ley de Seguridad Interior del Estado, como ha sucedido con el caso de H\u00e9ctor Llaitul.<\/p>\n\n\n\n<p>\u201cLa lucha por la reconstrucci\u00f3n de la Naci\u00f3n Mapuche, particularmente la de comunidades y expresiones autonomistas como la CAM, entienden que el problema principal es la presencia e invasi\u00f3n del capital empresarial en el Wallmapu\u201d, sostiene el comunicado al argumentar que el Estado chileno trabaja para desacreditar la resistencia Mapuche al presentarla como actividad terrorista.<\/p>\n\n\n\n<p>La Red Internacional sostiene que la lucha mapuche por su terriotorio ancestral, el Wallmapu, \u201ces uno solo, de oc\u00e9ano a oc\u00e9ano\u201d, al convocar a unir esfuerzos para la reconstrucci\u00f3n del tejido social y pol\u00edtico ancestral mapuche.&nbsp;<\/p>\n","protected":false},"excerpt":{"rendered":"<p>Fuente: Avispa Midia A partir de este martes (1) y hasta el 20 de abril, la Red Internacional de Apoyo a los Presos Pol\u00edticos Mapuche de la&nbsp;Coordinadora Arauco Malleco (CAM) mantendr\u00e1 una Campa\u00f1a de Solidaridad Internacional con el objetivo de visibilizar la creciente criminalizaci\u00f3n, persecuci\u00f3n y represi\u00f3n contra el movimiento autonomista del pueblo originario por [&hellip;]<\/p>\n","protected":false},"author":21,"featured_media":50429,"comment_status":"open","ping_status":"closed","sticky":false,"template":"","format":"standard","meta":{"footnotes":""},"categories":[957,51,1284,826,958,935],"tags":[58,53,567,147,1484,545,87,148,27,483,1242],"class_list":["post-50428","post","type-post","status-publish","format-standard","has-post-thumbnail","hentry","category-autonomia","category-autor","category-latinoamerica","category-medios-libres-2","category-megaproyectos","category-temas","tag-derechos-humanos","tag-justicia","tag-megaproyectos","tag-militarizacion","tag-pueblo-mapudungun","tag-pueblos-indigenas","tag-represion","tag-resistencia","tag-solidaridad","tag-tierra-y-territorio","tag-wallmapu"],"_links":{"self":[{"href":"https:\/\/radiozapatista.org\/index.php?rest_route=\/wp\/v2\/posts\/50428","targetHints":{"allow":["GET"]}}],"collection":[{"href":"https:\/\/radiozapatista.org\/index.php?rest_route=\/wp\/v2\/posts"}],"about":[{"href":"https:\/\/radiozapatista.org\/index.php?rest_route=\/wp\/v2\/types\/post"}],"author":[{"embeddable":true,"href":"https:\/\/radiozapatista.org\/index.php?rest_route=\/wp\/v2\/users\/21"}],"replies":[{"embeddable":true,"href":"https:\/\/radiozapatista.org\/index.php?rest_route=%2Fwp%2Fv2%2Fcomments&post=50428"}],"version-history":[{"count":1,"href":"https:\/\/radiozapatista.org\/index.php?rest_route=\/wp\/v2\/posts\/50428\/revisions"}],"predecessor-version":[{"id":50430,"href":"https:\/\/radiozapatista.org\/index.php?rest_route=\/wp\/v2\/posts\/50428\/revisions\/50430"}],"wp:featuredmedia":[{"embeddable":true,"href":"https:\/\/radiozapatista.org\/index.php?rest_route=\/wp\/v2\/media\/50429"}],"wp:attachment":[{"href":"https:\/\/radiozapatista.org\/index.php?rest_route=%2Fwp%2Fv2%2Fmedia&parent=50428"}],"wp:term":[{"taxonomy":"category","embeddable":true,"href":"https:\/\/radiozapatista.org\/index.php?rest_route=%2Fwp%2Fv2%2Fcategories&post=50428"},{"taxonomy":"post_tag","embeddable":true,"href":"https:\/\/radiozapatista.org\/index.php?rest_route=%2Fwp%2Fv2%2Ftags&post=50428"}],"curies":[{"name":"wp","href":"https:\/\/api.w.org\/{rel}","templated":true}]}}