{"id":50401,"date":"2025-04-02T13:52:36","date_gmt":"2025-04-02T19:52:36","guid":{"rendered":"https:\/\/radiozapatista.org\/?p=50401"},"modified":"2025-04-04T04:42:40","modified_gmt":"2025-04-04T10:42:40","slug":"aumenta-la-resistencia-a-la-autopista-san-cristobal-palenque-en-chiapas","status":"publish","type":"post","link":"https:\/\/radiozapatista.org\/?p=50401","title":{"rendered":"Aumenta la resistencia a la autopista San Crist\u00f3bal-Palenque en Chiapas"},"content":{"rendered":"\n<p>El Movimiento en Defensa de la Vida y el Territorio (MODEVITE), el Gobierno Comunitario de Chil\u00f3n y comunidades organizadas por el territorio publicaron un bolet\u00edn en el que manifiestan su repudio al proyecto de la autopista San Crist\u00f3bal de Las Casas\u2013Palenque y a la construcci\u00f3n del primer tramo de Palenque a Ocosingo. Dicho proyecto se ha promovido desde el gobierno de Juan Sabines Guerrero y Felipe Calder\u00f3n (2006\u20132012), pero no se ha podido concretar debido a la resistencia de las comunidades organizadas, que se ver\u00edan afectadas social, cultural, ecol\u00f3gica y econ\u00f3micamente. <\/p>\n\n\n\n<p>El presente gobierno de Eduardo Ram\u00edrez pretende ahora llevarlo a cabo, supuestamente con la aprobaci\u00f3n de los pueblos ind\u00edgenas e individuos afectados. Para tal, se realiz\u00f3 el pasado 23 de marzo una &#8220;consulta p\u00fablica&#8221; que, seg\u00fan denunciaron las organizaciones y pueblos citados, fue claramente ama\u00f1ada, sin informaci\u00f3n previa de los impactos ambientales, sociales y culturales, sin invitaci\u00f3n previa a las comunidades afectadas, con votaci\u00f3n de personas fuera del municipio que no se ver\u00edan afectadas. Ante dichas violaciones, se presentaron dos amparos el pasado 31 de marzo.<\/p>\n\n\n\n<p>Ese d\u00eda, el MODEVITE realiz\u00f3 una rueda de prensa en San Crist\u00f3bal de Las Casas, que reproducimos aqu\u00ed:<\/p>\n\n\n\n<figure class=\"wp-block-embed is-type-video is-provider-youtube wp-block-embed-youtube wp-embed-aspect-16-9 wp-has-aspect-ratio\"><div class=\"wp-block-embed__wrapper\">\n<iframe loading=\"lazy\" title=\"Rueda de Prensa de MODEVITE &quot;Rechazo a la construcci\u00f3n de la autopista Palenque - San Crist\u00f3bal&quot;\" width=\"500\" height=\"281\" src=\"https:\/\/www.youtube.com\/embed\/28LfuBOpne4?feature=oembed\" frameborder=\"0\" allow=\"accelerometer; autoplay; clipboard-write; encrypted-media; gyroscope; picture-in-picture; web-share\" referrerpolicy=\"strict-origin-when-cross-origin\" allowfullscreen><\/iframe>\n<\/div><\/figure>\n\n\n\n<p><strong>Bolet\u00edn de prensa<br><\/strong>31 de marzo de 2025, San Crist\u00f3bal de las Casas, Chiapas<\/p>\n\n\n\n<p>A los medios de comunicaci\u00f3n nacionales e internacionales<br>A los Pueblos Ind\u00edgenas en resistencia por la vida y por la Madre Tierra<br>A las organizaciones y centros de Derechos Humanos<br>A las autoridades municipales, estatales y federales<\/p>\n\n\n\n<p>Nosotros, pueblos y comunidades ind\u00edgenas tseltales, tsotsiles y pueblo mestizo nos pronunciamos en contra del proyecto de la Autopista Palenque\u2013San Crist\u00f3bal de las Casas, Chiapas, as\u00ed como de la construcci\u00f3n del primer tramo de Palenque a Ocosingo, toda vez que viola nuestro derecho a la libre determinaci\u00f3n, al territorio y a vivir en armon\u00eda con la naturaleza y a un medio ambiente sano, seguro y sustentable. Queremos dejar claro que, desde sus or\u00edgenes, dicha autopista ha sido un proyecto discriminatorio, racista y excluyente de quienes trabajamos la tierra y habitamos el territorio.<\/p>\n\n\n\n<!--more-->\n\n\n\n<p>El proyecto de la autopista Palenque\u2013San Crist\u00f3bal de las Casas no es un proyecto nuevo, se viene anunciando desde el sexenio del gobernador de Chiapas, Juan Sabines Guerrero (2006\u20132012), en colaboraci\u00f3n con el Gobierno Federal. Aunque se ha justificado bajo el argumento de &#8220;desarrollo&#8221;, la carretera no se ha podido construir gracias a la resistencia de las comunidades organizadas que han surgido ante la falta de informaci\u00f3n oficial y transparencia sobre el proyecto.<\/p>\n\n\n\n<p>En este sexenio, el actual gobernador Eduardo Ram\u00edrez retom\u00f3 este proyecto de construcci\u00f3n y, en alianza con el gobierno federal, ahora es uno de los proyectos m\u00e1s importantes en el pa\u00eds.<\/p>\n\n\n\n<p>Eduardo Ram\u00edrez manifest\u00f3 ante los medios de comunicaci\u00f3n que no llevar\u00eda a cabo la construcci\u00f3n de la carretera sin antes consultar a las personas y los pueblos ind\u00edgenas, por lo que el 17 de febrero de 2025 se publicaron en el Peri\u00f3dico Oficial del Estado, los \u201cLineamientos para llevar a cabo Consultas P\u00fablicas relacionadas a Proyectos Estrat\u00e9gicos de Desarrollo en el Estado de Chiapas\u201d, donde se inventan un mecanismo de participaci\u00f3n denominado \u201cConsulta P\u00fablica\u201d.<\/p>\n\n\n\n<p>La \u201cConsulta P\u00fablica\u201d, seg\u00fan los citados Lineamientos del gobierno, es un mecanismo donde las personas podr\u00e1n decidir si est\u00e1n o no de acuerdo con que se lleven a cabo proyectos que el gobierno clasifique como \u201cde desarrollo estrat\u00e9gico\u201d. Dichas Consultas est\u00e1n a cargo del mismo gobernador y de la Secretar\u00eda General de Gobierno y Mediaci\u00f3n, sin tomar en cuenta a las autoridades especializadas como al Instituto Nacional de Pueblos Ind\u00edgenas (INPI).<\/p>\n\n\n\n<p>As\u00ed, el pasado 23 de marzo de este a\u00f1o realizaron la Consulta P\u00fablica del primer tramo de construcci\u00f3n Palenque a Ocosingo en los municipios de Chil\u00f3n, Salto de Agua, Palenque y Ocosingo; en esta consulta las autoridades no respetaron nuestro derecho de acceso a la informaci\u00f3n ambiental, social, cultural y de ejecuci\u00f3n del proyecto; para esta consulta no se inform\u00f3 previamente a las comunidades, quedando la invitaci\u00f3n solo por redes sociales, no llegando a las comunidades en donde no hay se\u00f1al de celular ni tel\u00e9fono, adem\u00e1s de que las casillas fueron colocadas en las cabeceras municipales, de dos a 6 espacios para esto, fuimos testigos de las anomal\u00edas, en donde gente que no era del municipio pudo hacer su votaci\u00f3n, decidiendo por un territorio que no es suyo, los verdaderos due\u00f1os y directamente afectados no fueron tomados en cuenta. Una vez m\u00e1s el mal gobierno hace una discriminaci\u00f3n directa hacia los pueblos ind\u00edgenas que habitamos la regi\u00f3n; el racismo y el desprecio a los ind\u00edgenas se sigue repitiendo a pesar de la reforma al art\u00edculo 2 constitucional que reconoce nuestro derecho a la consulta y a la libre determinaci\u00f3n.<\/p>\n\n\n\n<p>Ante la violaci\u00f3n reiterada a nuestros derechos humanos, el d\u00eda de hoy, 31 de marzo de 2025, hemos presentado dos amparos: uno contra los lineamientos para llevar a cabo consultas p\u00fablicas, porque son inconstitucionales, y otro por no respetar nuestro derecho a una consulta libre, previa, informada, culturalmente adecuada y de buena fe, que es parte de nuestro derecho a la libre determinaci\u00f3n. Tambi\u00e9n hemos decidido ejercer nuestro derecho de petici\u00f3n metiendo solicitudes de informaci\u00f3n al Gobernador del Estado, a la Titular de la Secretar\u00eda General de Gobierno y Mediaci\u00f3n, y a la Secretar\u00eda de Infraestructura, todos del estado de Chiapas, demandando que haga p\u00fablica la informaci\u00f3n sobre los impactos ambientales, culturales y sociales relacionadas con la construcci\u00f3n de la autopista Palenque\u2013San Crist\u00f3bal y del tramo Palenque a Ocosingo, para que podamos decidir libre e informadamente sobre el destino de nuestro territorio, de manera que se garantice el cuidado y respeto de nuestra Madre Tierra.<\/p>\n\n\n\n<p>Finalmente, hacemos del conocimiento a la sociedad en general que, derivado de nuestro derecho a decidir sobre nuestro propio desarrollo, a la permanencia de nuestro patrimonio cultural y ancestral, al territorio, a la salud, a la igualdad y a la libre determinaci\u00f3n y autonom\u00eda, los pueblos originarios, firmamos la <a href=\"https:\/\/radiozapatista.org\/?p=50408\">Declaratoria de Pueblos Libres de Megaproyectos<\/a>, documento que representa nuestra decisi\u00f3n colectiva de resistencia ante la imposici\u00f3n gubernamental de un proyecto que viola nuestros derecho y atenta a la vida de nuestras comunidades.<\/p>\n\n\n\n<p class=\"has-text-align-center\">La tierra no se vende, se cuida y se defiende<br><strong>Movimiento en Defensa de la Vida y el Territorio (MODEVITE)<\/strong><br><strong>Gobierno Comunitario de Chil\u00f3n<\/strong><br><strong>Comunidades organizadas por el territorio.<\/strong><\/p>\n\n\n\n<p><\/p>\n","protected":false},"excerpt":{"rendered":"<p>El Movimiento en Defensa de la Vida y el Territorio (MODEVITE), el Gobierno Comunitario de Chil\u00f3n y comunidades organizadas por el territorio publicaron un bolet\u00edn en el que manifiestan su repudio al proyecto de la autopista San Crist\u00f3bal de Las Casas\u2013Palenque y a la construcci\u00f3n del primer tramo de Palenque a Ocosingo. Dicho proyecto se [&hellip;]<\/p>\n","protected":false},"author":1,"featured_media":50402,"comment_status":"open","ping_status":"closed","sticky":false,"template":"","format":"standard","meta":{"footnotes":""},"categories":[957,6,958,190,222],"tags":[75,917,567,148],"class_list":["post-50401","post","type-post","status-publish","format-standard","has-post-thumbnail","hentry","category-autonomia","category-chiapas","category-megaproyectos","category-radiozapatista","category-video","tag-autopistas","tag-chiapas","tag-megaproyectos","tag-resistencia"],"_links":{"self":[{"href":"https:\/\/radiozapatista.org\/index.php?rest_route=\/wp\/v2\/posts\/50401","targetHints":{"allow":["GET"]}}],"collection":[{"href":"https:\/\/radiozapatista.org\/index.php?rest_route=\/wp\/v2\/posts"}],"about":[{"href":"https:\/\/radiozapatista.org\/index.php?rest_route=\/wp\/v2\/types\/post"}],"author":[{"embeddable":true,"href":"https:\/\/radiozapatista.org\/index.php?rest_route=\/wp\/v2\/users\/1"}],"replies":[{"embeddable":true,"href":"https:\/\/radiozapatista.org\/index.php?rest_route=%2Fwp%2Fv2%2Fcomments&post=50401"}],"version-history":[{"count":4,"href":"https:\/\/radiozapatista.org\/index.php?rest_route=\/wp\/v2\/posts\/50401\/revisions"}],"predecessor-version":[{"id":50416,"href":"https:\/\/radiozapatista.org\/index.php?rest_route=\/wp\/v2\/posts\/50401\/revisions\/50416"}],"wp:featuredmedia":[{"embeddable":true,"href":"https:\/\/radiozapatista.org\/index.php?rest_route=\/wp\/v2\/media\/50402"}],"wp:attachment":[{"href":"https:\/\/radiozapatista.org\/index.php?rest_route=%2Fwp%2Fv2%2Fmedia&parent=50401"}],"wp:term":[{"taxonomy":"category","embeddable":true,"href":"https:\/\/radiozapatista.org\/index.php?rest_route=%2Fwp%2Fv2%2Fcategories&post=50401"},{"taxonomy":"post_tag","embeddable":true,"href":"https:\/\/radiozapatista.org\/index.php?rest_route=%2Fwp%2Fv2%2Ftags&post=50401"}],"curies":[{"name":"wp","href":"https:\/\/api.w.org\/{rel}","templated":true}]}}