{"id":50340,"date":"2025-03-18T16:55:14","date_gmt":"2025-03-18T22:55:14","guid":{"rendered":"https:\/\/radiozapatista.org\/?p=50340"},"modified":"2025-03-22T05:37:51","modified_gmt":"2025-03-22T11:37:51","slug":"50340","status":"publish","type":"post","link":"https:\/\/radiozapatista.org\/?p=50340","title":{"rendered":"CIDH responsabiliza a Ecuador por violar derechos de pueblos en aislamiento"},"content":{"rendered":"\n<p>Fuente: <a href=\"https:\/\/avispa.org\/cidh-responsabiliza-a-ecuador-por-violar-derechos-de-pueblos-en-aislamiento\/\">Avispa Midia<\/a><br>Por Sare Frabes<\/p>\n\n\n\n<p>La Corte Interamericana de Derechos Humanos (CIDH), en una sentencia in\u00e9dita,&nbsp;<a href=\"https:\/\/jurisprudencia.corteidh.or.cr\/es\/vid\/1049684937\">declar\u00f3<\/a>&nbsp;la responsabilidad internacional del Estado de Ecuador por la violaci\u00f3n a los derechos a la propiedad colectiva, a la libre determinaci\u00f3n, a la identidad cultural y a un ambiente sano de los pueblos Tagaeri y Taromenane en aislamiento voluntario en la Amazon\u00eda occidental ecuatoriana. La decisi\u00f3n abarca tambi\u00e9n otros pueblos en aislamiento en la misma regi\u00f3n.<\/p>\n\n\n\n<p>La CIDH orden\u00f3 la adopci\u00f3n de medidas dirigidas a reparar las violaciones a los derechos humanos de estos pueblos. Este es el primer caso en el cual la CIDH examin\u00f3 las particularidades de la protecci\u00f3n a los derechos de pueblos en aislamiento.<\/p>\n\n\n\n<p>En su decisi\u00f3n, reafirm\u00f3 que el principio de no contacto y el respeto a su elecci\u00f3n de permanecer en aislamiento deben ser las premisas fundamentales para guiar las acciones estatales. De manera que, el Estado debe tomar medidas para evitar el contacto con estos pueblos y para evitar que terceros vulneren su decisi\u00f3n de vivir en aislamiento.<\/p>\n\n\n\n<p>En 1999, el gobierno ecuatoriano cre\u00f3 la Zona Intangible Tagaeri Taromenane (ZITT) como una zona de conservaci\u00f3n vedada a todo tipo de actividad extractiva. La delimitaci\u00f3n de esta \u00e1rea no se concretiz\u00f3 sino hasta 2007 por medio de un decreto que estableci\u00f3, adem\u00e1s, una zona de amortiguamiento de 10 km de ancho circundante a toda la ZITT en donde se limitan las actividades econ\u00f3micas.&nbsp;<\/p>\n\n\n\n<p>La zona en donde se encuentra la ZITT es conocida por su riqueza petrolera y existen numerosos pozos petroleros alrededor de ella. Las violaciones a los derechos de los pueblos aislados se centran espec\u00edficamente en dos zonas de explotaci\u00f3n: los Bloques 31 y 43, por una parte, y el Campo Armadillo, por otra parte.&nbsp;<\/p>\n\n\n\n<!--more-->\n\n\n\n<p>En los Bloques 31 y 43 se plante\u00f3 en el a\u00f1o 2007 una moratoria a la explotaci\u00f3n petrolera. Sin embargo, la iniciativa no prosper\u00f3, por lo que el Poder Ejecutivo inici\u00f3 gestiones para declarar la zona de inter\u00e9s nacional con el fin de autorizar la explotaci\u00f3n petrolera.&nbsp;<\/p>\n\n\n\n<p>Luego de que se aprobara la declaratoria de inter\u00e9s nacional, la explotaci\u00f3n de estos bloques fue asignada a una empresa p\u00fablica. Sin embargo, como consecuencia de una consulta popular realizada el 2023, se aprob\u00f3 una resoluci\u00f3n para mantener el crudo del Bloque 43 indefinidamente bajo el subsuelo.&nbsp;<\/p>\n\n\n\n<p>En relaci\u00f3n al campo de Armadillo, a pesar de que se presentaron evidencias de presencia de pueblos en aislamiento en el sector, la empresa privada a cargo de su explotaci\u00f3n consider\u00f3 que, al no encontrarse este campo dentro de la ZITT o de su zona de amortiguamiento, se les deb\u00eda permitir el desarrollo de sus actividades de prospecci\u00f3n petrolera.&nbsp;<\/p>\n\n\n\n<p>La Corte consider\u00f3 que la creaci\u00f3n de la ZITT, con el establecimiento de una zona de amortiguamiento, puede considerarse una salvaguarda efectiva del derecho de propiedad colectiva de los estos pueblos. Sin embargo, constat\u00f3 una falta a la debida diligencia del Estado en la ejecuci\u00f3n de la delimitaci\u00f3n de la ZITT.&nbsp;<\/p>\n\n\n\n<p>El Tribunal subray\u00f3 la necesidad de contar con mecanismos efectivos que permitan confirmar la necesidad de ampliaci\u00f3n de la ZITT con el fin de responder a las caracter\u00edsticas de movilidad propias de estos pueblos.&nbsp;El caso tambi\u00e9n analiza tres hechos violentos ocurridos en 2003, 2006 y 2013 que implicaron ataques a estos pueblos. La Corte consider\u00f3 que el Estado no ha dado una efectiva protecci\u00f3n a ZITT frente a los riesgos de intrusi\u00f3n de agentes externos. Esta falta de protecci\u00f3n, por la estrecha relaci\u00f3n entre los pueblos en aislamiento y sus territorios para poder cubrir sus necesidades vitales, tambi\u00e9n implic\u00f3 una violaci\u00f3n a sus derechos a una vida digna, a la salud, a la alimentaci\u00f3n, a la identidad cultural, a un ambiente sano y a la vivienda.<\/p>\n","protected":false},"excerpt":{"rendered":"<p>Fuente: Avispa MidiaPor Sare Frabes La Corte Interamericana de Derechos Humanos (CIDH), en una sentencia in\u00e9dita,&nbsp;declar\u00f3&nbsp;la responsabilidad internacional del Estado de Ecuador por la violaci\u00f3n a los derechos a la propiedad colectiva, a la libre determinaci\u00f3n, a la identidad cultural y a un ambiente sano de los pueblos Tagaeri y Taromenane en aislamiento voluntario en [&hellip;]<\/p>\n","protected":false},"author":21,"featured_media":50341,"comment_status":"open","ping_status":"closed","sticky":false,"template":"","format":"standard","meta":{"footnotes":""},"categories":[957,51,1284,826,958,935],"tags":[1160,58,53,567,147,545,87,148,27,483],"class_list":["post-50340","post","type-post","status-publish","format-standard","has-post-thumbnail","hentry","category-autonomia","category-autor","category-latinoamerica","category-medios-libres-2","category-megaproyectos","category-temas","tag-amazonia","tag-derechos-humanos","tag-justicia","tag-megaproyectos","tag-militarizacion","tag-pueblos-indigenas","tag-represion","tag-resistencia","tag-solidaridad","tag-tierra-y-territorio"],"_links":{"self":[{"href":"https:\/\/radiozapatista.org\/index.php?rest_route=\/wp\/v2\/posts\/50340","targetHints":{"allow":["GET"]}}],"collection":[{"href":"https:\/\/radiozapatista.org\/index.php?rest_route=\/wp\/v2\/posts"}],"about":[{"href":"https:\/\/radiozapatista.org\/index.php?rest_route=\/wp\/v2\/types\/post"}],"author":[{"embeddable":true,"href":"https:\/\/radiozapatista.org\/index.php?rest_route=\/wp\/v2\/users\/21"}],"replies":[{"embeddable":true,"href":"https:\/\/radiozapatista.org\/index.php?rest_route=%2Fwp%2Fv2%2Fcomments&post=50340"}],"version-history":[{"count":2,"href":"https:\/\/radiozapatista.org\/index.php?rest_route=\/wp\/v2\/posts\/50340\/revisions"}],"predecessor-version":[{"id":50363,"href":"https:\/\/radiozapatista.org\/index.php?rest_route=\/wp\/v2\/posts\/50340\/revisions\/50363"}],"wp:featuredmedia":[{"embeddable":true,"href":"https:\/\/radiozapatista.org\/index.php?rest_route=\/wp\/v2\/media\/50341"}],"wp:attachment":[{"href":"https:\/\/radiozapatista.org\/index.php?rest_route=%2Fwp%2Fv2%2Fmedia&parent=50340"}],"wp:term":[{"taxonomy":"category","embeddable":true,"href":"https:\/\/radiozapatista.org\/index.php?rest_route=%2Fwp%2Fv2%2Fcategories&post=50340"},{"taxonomy":"post_tag","embeddable":true,"href":"https:\/\/radiozapatista.org\/index.php?rest_route=%2Fwp%2Fv2%2Ftags&post=50340"}],"curies":[{"name":"wp","href":"https:\/\/api.w.org\/{rel}","templated":true}]}}