{"id":50199,"date":"2025-03-06T11:05:37","date_gmt":"2025-03-06T17:05:37","guid":{"rendered":"https:\/\/radiozapatista.org\/?p=50199"},"modified":"2025-03-07T02:35:52","modified_gmt":"2025-03-07T08:35:52","slug":"organizaciones-mexicanas-demandan-frenar-expansion-de-proyectos-de-gas","status":"publish","type":"post","link":"https:\/\/radiozapatista.org\/?p=50199","title":{"rendered":"Organizaciones mexicanas demandan frenar expansi\u00f3n de proyectos de gas"},"content":{"rendered":"\n<p>Fuente: <a href=\"https:\/\/avispa.org\/organizaciones-mexicanas-demandan-frenar-expansion-de-proyectos-de-gas\/\">Avispa Midia<\/a><br>Por Sare Frabes<\/p>\n\n\n\n<p><em><sup>En portada: Cientos de habitantes de Juanacatl\u00e1n, Jalisco, se manifiestan para exigir la cancelaci\u00f3n de la termoel\u00e9ctrica \u201cLa Charrer\u00eda\u201d. Foto: David Bogar\u00edn<\/sup><\/em><\/p>\n\n\n\n<p>Cuarenta organizaciones y comunidades mexicanas se pronunciaron este martes (4) frente a los planes en materia&nbsp;energ\u00e9tica de la actual administraci\u00f3n federal. Mediante conferencia de prensa, argumentaron que durante los primeros meses de la administraci\u00f3n de la presidenta Claudia Sheinbaum se han encendido las alertas debido al anuncio de&nbsp;<a href=\"https:\/\/www.hueleagas.org\/\">nuevos proyectos de gas f\u00f3sil<\/a>, los cuales, argumentan, contradicen la supuesta pol\u00edtica de transici\u00f3n energ\u00e9tica en M\u00e9xico.<\/p>\n\n\n\n<p>Entre los proyectos, las organizaciones identifican 19 nuevas plantas termoel\u00e9ctricas en planeaci\u00f3n o ya en proceso de construcci\u00f3n que se suman a las edificadas en sexenios anteriores. \u201cEstas plantas provocan graves impactos a la salud de las poblaciones donde se ubican, con la quema ininterrumpida de gas y la contaminaci\u00f3n del aire\u201d, sostienen mediante comunicado en el que exigen que durante el sexenio actual se ponga freno a la expansi\u00f3n de los proyectos de gas.<\/p>\n\n\n\n<p><a href=\"https:\/\/avispa.org\/gasoductos-en-mexico-la-realidad-detras-de-los-20-mil-km-de-infraestructura\/\" target=\"_blank\" rel=\"noreferrer noopener\">Te puede interesar &#8211; Gasoductos en M\u00e9xico: la realidad detr\u00e1s de los 20 mil km de infraestructura<\/a><\/p>\n\n\n\n<p>Entre las organizaciones que se posicionaron se encuentran la Alianza Mexicana Contra el Fracking, el Centro de Derechos Humanos \u201cBety Cari\u00f1o\u201d, el Centro Mexicano de Derecho Ambiental, los Comit\u00e9s de Cuenca R\u00edo Sonora, Ucizoni y Corason Huasteca Totonacapan. Para ellas, los gasoductos para la transportaci\u00f3n del gas -que a su vez se asocian a las termoel\u00e9ctricas y plantas de Gas Natural Licuado (GNL)- conllevan un enorme costo ambiental, social y econ\u00f3mico para las comunidades por donde traviesa esta infraestructura. \u201cEn construcci\u00f3n y proyecto, hablamos de 4,623 km3 de nuevos gasoductos en nuestro pa\u00eds\u201d, denuncian.<\/p>\n\n\n\n<!--more-->\n\n\n\n<h3 class=\"wp-block-heading\" id=\"h-proyectos\"><strong>Proyectos<\/strong><\/h3>\n\n\n\n<p>Entre los emprendimientos de gas que amenazan a las comunidades, las organizaciones destacan los ubicados en el Golfo de Caifornia. Ah\u00ed se encuentra el Proyecto Saguaro, infraestructura planeada para edificarse en Puerto Libertad, Sonora, para la exportaci\u00f3n de 15 millones de toneladas anuales de GNL. Tambi\u00e9n se\u00f1alan otras dos terminales en la misma regi\u00f3n para la exportaci\u00f3n del gas metano: una en Topolobampo, en una zona de humedal, y otra en Guaymas, ambas en Sinaloa.<\/p>\n\n\n\n<p>\u201cSolamente el proyecto Saguaro generar\u00eda una cantidad de emisiones equivalentes a las emisiones de Suecia y Portugal juntos\u201d, alertan las organizaciones.&nbsp;<\/p>\n\n\n\n<p>A su vez, est\u00e1 la ampliaci\u00f3n del Puerto de Manzanillo, en Colima, anunciada a finales del a\u00f1o 2024 y que contempla lo que las organizaciones califican como \u201cun agresivo perfil para la importaci\u00f3n y distribuci\u00f3n de gas f\u00f3sil\u201d.<\/p>\n\n\n\n<p>Estos proyectos, se\u00f1alan, ya han recibido el rechazo de las comunidades. Resalta el caso de las poblaciones de El Salto y Juanacatl\u00e1n, en Jalisco, que se oponen a que se agrave a\u00fan m\u00e1s la situaci\u00f3n de contaminaci\u00f3n exacerbada alrededor del R\u00edo Santiago, donde la asociaci\u00f3n civil Un Salto de Vida ha promovido acciones de protesta contra la instalaci\u00f3n de centrales termoel\u00e9ctricas en una regi\u00f3n donde un corredor industrial ha devastado las fuentes de agua y contaminado tierras.<\/p>\n\n\n\n<figure class=\"wp-block-image\"><a href=\"https:\/\/avispa.org\/wp-content\/uploads\/2025\/03\/TERMO_JUANACATLAN_18.jpg\"><img decoding=\"async\" src=\"https:\/\/avispa.org\/wp-content\/uploads\/2025\/03\/TERMO_JUANACATLAN_18-1024x683.jpg\" alt=\"\" class=\"wp-image-119135\"\/><\/a><figcaption class=\"wp-element-caption\"><em><sup>Cientos de habitantes de Juanacatl\u00e1n, Jalisco, se manifiestan para exigir la cancelaci\u00f3n de la termoel\u00e9ctrica \u201cLa Charrer\u00eda\u201d. Foto: David Bogar\u00edn<\/sup><\/em><\/figcaption><\/figure>\n\n\n\n<p>Otro proyecto que destaca por los impactos que ya est\u00e1 provocando es&nbsp;<a href=\"https:\/\/avispa.org\/mexico-tc-energia-acelera-gasoducto-puerta-al-sureste-para-funcionar-en-2025\/\">el gasoducto Puerta al Sureste<\/a>&nbsp;ubicado en la costa de Veracruz, en el Golfo de M\u00e9xico. \u201cEste gasoducto submarino amenaza el sistema de arrecife de coral veracruzano y ya enfrenta una fuerte oposici\u00f3n de comunidades pesqueras y campesinas de la regi\u00f3n. La empresa canadiense TC Energy es la responsable de construir este gasoducto que ampliar\u00e1 el alcance del gas proveniente de Texas\u201d, acusan.&nbsp;<\/p>\n\n\n\n<p><strong>Dependencia con EEUU, en aumento<\/strong><\/p>\n\n\n\n<p>Acorde al an\u00e1lisis de las organzaciones, la construcci\u00f3n de nueva infraestructura de gas&nbsp;<a href=\"https:\/\/avispa.org\/apagones-en-mexico-revelan-dependencia-del-gas-de-eeuu\/\">incrementa la dependencia de M\u00e9xico con respecto a los EEUU<\/a>, toda vez que es de este pa\u00eds desde donde se importa el 90% del gas que consume el sector el\u00e9ctrico mexicano.<\/p>\n\n\n\n<p>A\u00fan m\u00e1s, las organizaciones aseveran que las recientes pol\u00edticas de la administraci\u00f3n del presidente Trump en EEUU, las cuales muestran una fuerte hostilidad hacia M\u00e9xico, demuestran las razones por las cuales se debe evitar profundizar las din\u00e1micas de dependencia. \u201cNuestra matriz energ\u00e9tica ya depende severamente del gas, 71% de la electricidad es generada por este combustible f\u00f3sil. Se necesita reducir este porcentaje, no incrementarlo\u201d, sostienen.<\/p>\n\n\n\n<figure class=\"wp-block-image\"><a href=\"https:\/\/avispa.org\/wp-content\/uploads\/2025\/03\/Gasoducto_Sureste_Construccion-2.jpg\"><img decoding=\"async\" src=\"https:\/\/avispa.org\/wp-content\/uploads\/2025\/03\/Gasoducto_Sureste_Construccion-2-1024x666.jpg\" alt=\"\" class=\"wp-image-119130\"\/><\/a><figcaption class=\"wp-element-caption\"><em><sup>Obras del gasoducto Puerta al Sureste. Fotos: Benjam\u00edn Soto<\/sup><\/em><\/figcaption><\/figure>\n\n\n\n<p>Principalmente, se\u00f1alan, es la iniciativa privada quien empuja la construcci\u00f3n de nuevas terminales de exportaci\u00f3n de GNL y que coloca en amenaza directa a las comunidades localizadas en la costa de M\u00e9xico. \u201cEste tipo de infraestructura se pretende usar para exportar gas proveniente de Texas hacia Europa y Asia. Las plantas de GNL son altamente contaminantes, tan solo en EEUU se les atribuyen directamente 60 muertes anuales por las afectaciones que provocan en la calidad del aire\u201d, argumentan.&nbsp;<\/p>\n\n\n\n<p><a href=\"https:\/\/avispa.org\/el-gas-en-la-reestructuracion-energetica-de-mexico\/\" target=\"_blank\" rel=\"noreferrer noopener\">Te puede interesar &#8211; El gas en la reestructuraci\u00f3n energ\u00e9tica de M\u00e9xico<\/a><\/p>\n\n\n\n<p>A lo anterior se suma que, durante el traslado del gas a trav\u00e9s de grandes buques, se destruye las econom\u00edas locales, que dependen de la pesca o el turismo, y se pone en grave riesgo a las especies marinas que habitan dichas zonas, incluyendo a 31 especies de cet\u00e1ceos (entre ellas ballenas, delfines y una marsopa).&nbsp;<\/p>\n\n\n\n<h3 class=\"wp-block-heading\" id=\"h-fracking-y-crisis-climatica\"><strong>Fracking y crisis clim\u00e1tica<\/strong><\/h3>\n\n\n\n<p>El gas f\u00f3sil est\u00e1 principalmente compuesto de metano (CH4), un potente gas de efecto invernadero, el cual se calcula es hasta 80 veces m\u00e1s da\u00f1ino que el di\u00f3xido de carbono. Adem\u00e1s de acelerar el calentamiento global, el gas metano es extra\u00eddo mediante la t\u00e9cnica de&nbsp;<em>fracking<\/em>&nbsp;(fractura hidr\u00e1ulica), un m\u00e9todo que durante el sexenio previo, en el gobierno de Manuel L\u00f3pez Obrador, se prometi\u00f3 su prohibici\u00f3n mediante reformas a leyes ambientales que&nbsp;<a href=\"https:\/\/avispa.org\/gobierno-de-sheinbaum-continua-proyectos-que-usan-el-metodo-del-fracking\/\">en la actualidad no han cumplido su cometido<\/a>.<\/p>\n\n\n\n<p>\u201cPedimos que M\u00e9xico retome con claridad y decisi\u00f3n la agenda y el compromiso asumido por la presidenta para prohibir esta t\u00e9cnica de extracci\u00f3n de hidrocarburos, que es una amenaza vigente de convertir a comunidades de Veracruz, Puebla, Nuevo Le\u00f3n, Coahuila y Tamaulipas en zonas de sacrificio como ya ocurre con las comunidades de Texas, Luisiana y Nuevo M\u00e9xico\u201d, exigen las organizaciones.<\/p>\n\n\n\n<p>La exigencia de prohibici\u00f3n del&nbsp;<em>fracking<\/em>, argumentan, es debido a que M\u00e9xico ya enfrenta escenarios cr\u00edticos de escasez de agua, por lo que permitir una t\u00e9cnica que utiliza m\u00e1s de 19 millones de litros de agua para la extracci\u00f3n de hidrocarburos por cada pozo \u201ces irresponsable con esta y las futuras generaciones\u201d, sentencian.&nbsp;<\/p>\n","protected":false},"excerpt":{"rendered":"<p>Fuente: Avispa MidiaPor Sare Frabes En portada: Cientos de habitantes de Juanacatl\u00e1n, Jalisco, se manifiestan para exigir la cancelaci\u00f3n de la termoel\u00e9ctrica \u201cLa Charrer\u00eda\u201d. Foto: David Bogar\u00edn Cuarenta organizaciones y comunidades mexicanas se pronunciaron este martes (4) frente a los planes en materia&nbsp;energ\u00e9tica de la actual administraci\u00f3n federal. Mediante conferencia de prensa, argumentaron que durante [&hellip;]<\/p>\n","protected":false},"author":21,"featured_media":50200,"comment_status":"open","ping_status":"closed","sticky":false,"template":"","format":"standard","meta":{"footnotes":""},"categories":[957,51,826,958,954,935],"tags":[58,53,567,147,87,148,27,483],"class_list":["post-50199","post","type-post","status-publish","format-standard","has-post-thumbnail","hentry","category-autonomia","category-autor","category-medios-libres-2","category-megaproyectos","category-mexico","category-temas","tag-derechos-humanos","tag-justicia","tag-megaproyectos","tag-militarizacion","tag-represion","tag-resistencia","tag-solidaridad","tag-tierra-y-territorio"],"_links":{"self":[{"href":"https:\/\/radiozapatista.org\/index.php?rest_route=\/wp\/v2\/posts\/50199","targetHints":{"allow":["GET"]}}],"collection":[{"href":"https:\/\/radiozapatista.org\/index.php?rest_route=\/wp\/v2\/posts"}],"about":[{"href":"https:\/\/radiozapatista.org\/index.php?rest_route=\/wp\/v2\/types\/post"}],"author":[{"embeddable":true,"href":"https:\/\/radiozapatista.org\/index.php?rest_route=\/wp\/v2\/users\/21"}],"replies":[{"embeddable":true,"href":"https:\/\/radiozapatista.org\/index.php?rest_route=%2Fwp%2Fv2%2Fcomments&post=50199"}],"version-history":[{"count":2,"href":"https:\/\/radiozapatista.org\/index.php?rest_route=\/wp\/v2\/posts\/50199\/revisions"}],"predecessor-version":[{"id":50209,"href":"https:\/\/radiozapatista.org\/index.php?rest_route=\/wp\/v2\/posts\/50199\/revisions\/50209"}],"wp:featuredmedia":[{"embeddable":true,"href":"https:\/\/radiozapatista.org\/index.php?rest_route=\/wp\/v2\/media\/50200"}],"wp:attachment":[{"href":"https:\/\/radiozapatista.org\/index.php?rest_route=%2Fwp%2Fv2%2Fmedia&parent=50199"}],"wp:term":[{"taxonomy":"category","embeddable":true,"href":"https:\/\/radiozapatista.org\/index.php?rest_route=%2Fwp%2Fv2%2Fcategories&post=50199"},{"taxonomy":"post_tag","embeddable":true,"href":"https:\/\/radiozapatista.org\/index.php?rest_route=%2Fwp%2Fv2%2Ftags&post=50199"}],"curies":[{"name":"wp","href":"https:\/\/api.w.org\/{rel}","templated":true}]}}