{"id":50158,"date":"2025-02-19T20:46:26","date_gmt":"2025-02-20T02:46:26","guid":{"rendered":"https:\/\/radiozapatista.org\/?p=50158"},"modified":"2025-03-03T07:07:54","modified_gmt":"2025-03-03T13:07:54","slug":"samir-flores-soberanes-en-la-unam","status":"publish","type":"post","link":"https:\/\/radiozapatista.org\/?p=50158","title":{"rendered":"Samir Flores Soberanes en la UNAM"},"content":{"rendered":"\n<p>Fuente: <a href=\"https:\/\/www.caminoalandar.org\/post\/samir-flores-soberanes-en-la-unam\">caminoalandar.org<\/a><\/p>\n\n\n\n<figure class=\"wp-block-image size-full\"><img loading=\"lazy\" decoding=\"async\" width=\"1480\" height=\"2220\" src=\"https:\/\/radiozapatista.org\/wp-content\/uploads\/2025\/02\/samir_flores_busto.avif\" alt=\"\" class=\"wp-image-50159\"\/><\/figure>\n\n\n\n<p class=\"has-text-align-right\" id=\"viewer-0kxg31730\"><strong>Ciudad Universitaria, a 19 de febrero de 2025<\/strong><\/p>\n\n\n\n<p id=\"viewer-wssla53959\"><strong>A la Comunidad Universitaria<\/strong><\/p>\n\n\n\n<p id=\"viewer-m96l9281\"><strong>A los firmantes de la Declaraci\u00f3n por la Vida<\/strong><br><strong>A los pueblos de M\u00e9xico y del Mundo<\/strong><br><strong>A las autoridades del Estado mexicano<\/strong><br><strong>A las autoridades de la Universidad Nacional Aut\u00f3noma de M\u00e9xico<\/strong><\/p>\n\n\n\n<p id=\"viewer-ld5mt2572\">Este <strong>20 de febrero<\/strong> se conmemora el sexto aniversario del asesinato de <strong>Samir Flores Soberanes<\/strong>, compa\u00f1ero, padre, esposo, amigo, comunicador popular, activista, defensor del territorio y de los derechos humanos. Samir se opon\u00eda junto a miles de personas, al Proyecto Integral Morelos (PIM), un proyecto que incluye un gasoducto, un acueducto y dos plantas termoel\u00e9ctricas y que atraviesa los estados de Morelos, Puebla y Tlaxcala.<\/p>\n\n\n\n<p id=\"viewer-pnhtc3032\">Samir fue uno de los primeros defensores del territorio asesinados del nuevo r\u00e9gimen gubernamental. Su asesinato no s\u00f3lo constituye un mensaje claro de una guerra neoliberal inacabada y continuada en contra de los pueblos y comunidades, tambi\u00e9n demuestra la criminalizaci\u00f3n y deshumanizaci\u00f3n de las personas que intentan frenar el despojo y la devastaci\u00f3n de esa guerra.<\/p>\n\n\n\n<p id=\"viewer-v1ov03263\">Hoy hace 6 a\u00f1os, el 19 febrero de 2019, mientras Samir Flores se manifestaba contra <strong>Hugo Erick Flores<\/strong> (por aquel entonces superdelegado del gobierno federal en el estado de Morelos), sus compa\u00f1eros acud\u00edan a una charla en Ciudad Universitaria con docentes y estudiantes para sumar argumentos en contra de dicho proyecto. Para ese entonces <strong>ya exist\u00eda una estrecha relaci\u00f3n entre Samir, el pueblo de Amilcingo, la lucha contra el PIM y la comunidad Universitaria de la UNAM<\/strong>. Al menos desde 2009, profesores y profesoras, estudiantes hombres y mujeres acudieron a Amilcingo para apoyar en proyectos pedag\u00f3gicos y de comunicaci\u00f3n. Estuvieron presentes tambi\u00e9n en 2017 para apoyar la limpieza y reconstrucci\u00f3n frente a las afectaciones que dej\u00f3 el terremoto de septiembre de aquel a\u00f1o, e igualmente han apoyado a la comunidad en su rechazo del PIM con s\u00f3lidos argumentos cient\u00edficos.<\/p>\n\n\n\n<p id=\"viewer-mcpaf3494\">Al d\u00eda siguiente del foro del 19 de febrero, nos despertamos con la lamentable noticia del <strong>asesinato de Samir. Un crimen que todav\u00eda hoy permanece impune<\/strong> y que nos duele profundamente.<\/p>\n\n\n\n<!--more-->\n\n\n\n<p id=\"viewer-5zw183725\">Desde su fundaci\u00f3n y hasta nuestros d\u00edas, nuestra Universidad ha sido depositaria del esp\u00edritu y pensamiento cr\u00edtico del pa\u00eds, de Am\u00e9rica Latina y del mundo. En sus salones y en sus plazas se han gestado importantes movimientos que han transformado al pa\u00eds. El esp\u00edritu cr\u00edtico que habita entre la comunidad universitaria qued\u00f3 manifiesto en diferentes ocasiones al responder a diversas convocatorias para luchar contra el autoritarismo y la democracia; como sucedi\u00f3 en 1985 frente al terremoto, en 1994 frente al llamado de los pueblos ind\u00edgenas agrupados en EZLN, o en 2011 convocados por el movimiento de v\u00edctimas de la guerra en M\u00e9xico, y m\u00e1s recientemente con los movimientos de miles de mujeres.<\/p>\n\n\n\n<p id=\"viewer-wf8gk3956\">Tambi\u00e9n <strong>en las paredes de la UNAM queda registro del compromiso de las ciencias y las artes con la sociedad mexicana<\/strong>; los murales de Diego Rivera, David Alfaro Siqueiros y Juan O\u2019Gorman son testimonio de ello. La comunidad universitaria, solidaria y generosa, ha recibido y ha acudido al llamado de pueblos y movimientos para defender causas justas y necesarias para el avance democr\u00e1tico de M\u00e9xico.<\/p>\n\n\n\n<p id=\"viewer-391r84187\">Nosotros, nosotras y nosotres <strong>reivindicamos la memoria social de la UNAM<\/strong>, su car\u00e1cter cr\u00edtico y activo. Por eso hoy, a seis a\u00f1os de su asesinato, <strong>sembramos este busto en memoria de Samir Flores Soberanes<\/strong>. Un ejercicio de memoria, pero tambi\u00e9n una exigencia de justicia. En el nombre y rostro de Samir vemos reflejado tambi\u00e9n el nombre de otros y otras defensoras del territorio que han sido asesinados en este pa\u00eds. Por la vida de todos ellos y ellas exigimos justicia.<\/p>\n\n\n\n<p id=\"viewer-i39eu4418\">A seis a\u00f1os de impunidad por el asesinato de Samir, quienes firmamos esta carta, comunidad Universitaria y sociedad en general, <strong>pedimos se respete el memorial y se mantenga como un recordatorio de la justicia que a\u00fan no llega para \u00e9l y su familia, de la justicia que no llega para cientos de defensoras y defensores del territorio y de la vida<\/strong>. En otros momentos la comunidad universitaria y el gobierno de la UNAM han sido ya receptivos a la importancia de estos actos de resignificaci\u00f3n del espacio p\u00fablico y de reivindicaci\u00f3n de los derechos humanos. El memorial por nuestra compa\u00f1era Lesvy Berl\u00edn Osorio, construido como parte de una lucha social ante la falta de acceso a la justicia para sus familiares y la sociedad mexicana, es un ejemplo reciente.<\/p>\n\n\n\n<p id=\"viewer-powc24649\">Les invitamos a sumarse a la exigencia por algo que deber\u00eda ser b\u00e1sico en la justicia de este pa\u00eds: que se investigue y sancione a las personas responsables del asesinato de Samir Flores Soberanes.<\/p>\n\n\n\n<h2 class=\"wp-block-heading\" id=\"viewer-dgk9m975\"><strong>Atentamente<\/strong><\/h2>\n\n\n\n<p id=\"viewer-af1a0309\">Bertha Navarro Ciudad de M\u00e9xico productora de cine<\/p>\n\n\n\n<p id=\"viewer-cyk4v311\">Ambrosio Velasco G\u00f3mez UNAM M\u00e9xico<\/p>\n\n\n\n<p id=\"viewer-gy6s4313\">Kyzza Terrazas, cineasta y escritor<\/p>\n\n\n\n<p id=\"viewer-n83b5317\">Gilberto L\u00f3pez y Rivas<\/p>\n\n\n\n<p id=\"viewer-fxfjp319\">Alicia Castellanos<\/p>\n\n\n\n<p id=\"viewer-b5v9l321\">Eugenia Allier UNAM<\/p>\n\n\n\n<p id=\"viewer-f3c1j38133\">Jorge Alonso S\u00e1nchez<\/p>\n\n\n\n<p id=\"viewer-8cmgz335\">M\u00e1rgara Mill\u00e1n FCPyS UNAM, M\u00e9xico<\/p>\n\n\n\n<p id=\"viewer-u27jw323\">Daniel Gim\u00e9nez Cacho, actor, director. Ciudad de M\u00e9xico<\/p>\n\n\n\n<p id=\"viewer-rfvzf57055\">Diego Enrique Osorno<\/p>\n\n\n\n<p id=\"viewer-7w6rj55098\">Fernanda Paz, Cuernavaca, M\u00e9xico, Investigadora, UNAM<\/p>\n\n\n\n<p id=\"viewer-dape4325\">Fernanda Navarro Ciudad de M\u00e9xico, Filosofa<\/p>\n\n\n\n<p id=\"viewer-f5jfb327\">Juan Carlos Flores Sol\u00eds<\/p>\n\n\n\n<p id=\"viewer-0r6e842046\">Magdalena G\u00f3mez, UPN, CDMx<\/p>\n\n\n\n<p id=\"viewer-297pl329\">Natalia Beristain\/ CDMX\/ cineasta<\/p>\n\n\n\n<p id=\"viewer-i2jvb56081\">\u00c1ngeles Era\u00f1a, investigadora de la UNAM<\/p>\n\n\n\n<p id=\"viewer-dzmv5331\">Samantha C\u00e9sar\/cdmx, M\u00e9xico, activista, defensora del territorio\/FPDTA-MPT<\/p>\n\n\n\n<p id=\"viewer-ltfjd339\">Ra\u00fal Romero, Acad\u00e9mico. IIS y FCPYS &#8211; UNAM, M\u00e9xico<\/p>\n\n\n\n<p id=\"viewer-pckkg40582\">Pedro Faro, defensor de derechos humanos, Centro de Derechos Humanos FrayBa<\/p>\n\n\n\n<p id=\"viewer-gui70341\">Enrique Rajchenberg \/M\u00e9xico \/UNAM<\/p>\n\n\n\n<p id=\"viewer-rqdeh77629\">Bruno Baronnet, Xalapa\/M\u00e9xico, investigador, Universidad Veracruzana<\/p>\n\n\n\n<p id=\"viewer-xzypl75421\">In\u00e9s Dur\u00e1n Matute. Investigadora, CIESAS, M\u00e9xico<\/p>\n\n\n\n<p id=\"viewer-faay657927\">Argelia Guerrero Renter\u00eda \/ Bailarina<\/p>\n\n\n\n<p id=\"viewer-3kc2o76164\">Carolina D\u00edaz\/ Antrop\u00f3loga\/COTRIC<\/p>\n\n\n\n<p id=\"viewer-go6n869493\">Rodrigo Camarena \/ RUA<\/p>\n\n\n\n<p id=\"viewer-c7jz035536\">Francisco De Parres G\u00f3mez, Antrop\u00f3logo, fot\u00f3grafo\/ UV<\/p>\n\n\n\n<p id=\"viewer-e6yr041319\">Luisa Riley Rodr\u00edguez, Ciudad de M\u00e9xico, documentalista de cine y audiovisual<\/p>\n\n\n\n<p id=\"viewer-gvb5f353\">Valentina Leduc. Documentalista independiente. My6. CDMX, M\u00e9xico<\/p>\n\n\n\n<p id=\"viewer-onxxz349\">M\u00f3nica Meltis V\u00e9jar, Ciudad de M\u00e9xico<\/p>\n\n\n\n<p id=\"viewer-uie49355\">Alicia de los R\u00edos Merino, Historiadora, Chihuahua<\/p>\n\n\n\n<p id=\"viewer-xhjwi50111\">Ana Mar\u00eda Vera Smith<\/p>\n\n\n\n<p id=\"viewer-z2ggg347\">Boris Mara\u00f1on, M\u00e9xico, investigador, IIEc, UNAM<\/p>\n\n\n\n<p id=\"viewer-ddmir361\">Pietro ameglio-Serpaj M\u00e9xico<\/p>\n\n\n\n<p id=\"viewer-c4g06363\">Joel Ortega Erreguerena, FFyL<\/p>\n\n\n\n<p id=\"viewer-peyna365\">Rafael Mondrag\u00f3n, CDMX, investigador IIFL-UNAM, cooperativa editorial Heredad<\/p>\n\n\n\n<p id=\"viewer-1tv1a367\">Andrea Horcasitas, Ciudad de M\u00e9xico, Programa de Derechos Humanos &#8211; Universidad Iberoamericana, Ciudad de M\u00e9xico<\/p>\n\n\n\n<p id=\"viewer-7xn3q78626\">Alberto Arnaut Estrada\/ M\u00e9xico\/ Cineasta<\/p>\n\n\n\n<p id=\"viewer-w1t8b369\">Dra. Angela Camacho de la Rosa, Ciudad de M\u00e9xico, profesora de la Facultad de Ciencias<\/p>\n\n\n\n<p id=\"viewer-8z1a0371\">David Barrios Rodr\u00edguez, Ciudad de M\u00e9xico, FFyL<\/p>\n\n\n\n<p id=\"viewer-ew00e49149\">Camila Joselevich Aguilar &#8211; Facultad de Filosof\u00eda y Letras, UNAM<\/p>\n\n\n\n<p id=\"viewer-ywo6n579\">Alejandro Araujo, Ciudad de M\u00e9xico, Profesor de la UAM<\/p>\n\n\n\n<p id=\"viewer-ffecf595\">Israel Solorio, FCPYS-UNAM<\/p>\n\n\n\n<p id=\"viewer-xg756601\">Claudio Garc\u00eda Ehrenfeld, investigador, IIFL, UNAM<\/p>\n\n\n\n<p id=\"viewer-62w4l373\">Rodrigo Camarena Gonz\u00e1lez, Ciudad de M\u00e9xico\/Profesor ITAM<\/p>\n\n\n\n<p id=\"viewer-52gkq375\">Sandra Romero. CGH vive<\/p>\n\n\n\n<p id=\"viewer-naj6c377\">Vanessa V\u00e1zquez Ramos, cdmx, pilares.<\/p>\n\n\n\n<p id=\"viewer-b2bz6379\">Miguel \u00c1ngel Ram\u00edrez Zaragoza, M\u00e9xico, profesor UNAM<\/p>\n\n\n\n<p id=\"viewer-qtoxb381\">Carlos A. Ventura Callejas, defensor de derechos humanos, M\u00e9xico<\/p>\n\n\n\n<p id=\"viewer-4yqbh385\">Amalia De Montesinos, CDMX, soci\u00f3loga y acompa\u00f1ante en colectiva Las Siemprevivas<\/p>\n\n\n\n<p id=\"viewer-b4x1e387\">Carlos Andr\u00e9s Aguirre \u00c1lvarez, docente (FFyL y FCPyS de la UNAM) y editor (Semillas del Sur)<\/p>\n\n\n\n<p id=\"viewer-ah07l389\">Dra. Laura Nieto Sanabria\/CDMX\/M\u00e9xico\/investigadora consultora<\/p>\n\n\n\n<p id=\"viewer-7vadg391\">Selene Aldana Santana, CdMx, maestra UNAM<\/p>\n\n\n\n<p id=\"viewer-qefvr393\">Adriana Avila Farf\u00e1n, PATIO lab, UNAM<\/p>\n\n\n\n<p id=\"viewer-znqzm395\">Candela Bastos Camus, CDMX, estudiante del posgrado en Pedagog\u00eda de la FFyL, UNAM<\/p>\n\n\n\n<p id=\"viewer-tynvi397\">Danilo de Assis Cl\u00edmaco\/ Lima, docente de antropolog\u00eda\/ Universidad Nacional Mayor de SAN Marcos<\/p>\n\n\n\n<p id=\"viewer-gddz5401\">Francis Xavie G\u00e1lvez, Ciudad de M\u00e9xico, estudiante, Maestr\u00eda en Pedagog\u00eda UN<\/p>\n\n\n\n<p id=\"viewer-u3h79403\">Sof\u00eda \u00c1lvarez, CDMX, estudiante UNAM<\/p>\n\n\n\n<p id=\"viewer-e6g4o405\">Laura Priscila Tercero, M\u00e9xico, profesora<\/p>\n\n\n\n<p id=\"viewer-2rfrn43800\">C\u00e9sar Enrique Pineda Ram\u00edrez \/ CDMX\/ MX\/ profesor-investigador UNAM-Instituto Mora<\/p>\n\n\n\n<p id=\"viewer-97rnc407\">Eduardo Sosa, CDMX, Semillas del sur<\/p>\n\n\n\n<p id=\"viewer-nrtod409\">Irene Bautista, CDMX-M\u00e9xico, acad\u00e9mica UNAM<\/p>\n\n\n\n<p id=\"viewer-vhwsb411\">Mayvelin Flores Villag\u00f3mez, Facultad de Econom\u00eda, UNAM<\/p>\n\n\n\n<p id=\"viewer-r0gy5413\">Ale Cervantes<\/p>\n\n\n\n<p id=\"viewer-ksoec415\">Mariana L\u00f3pez de la Vega, M\u00e9xico FfyL UNAM<\/p>\n\n\n\n<p id=\"viewer-9yp12417\">Juan Leonardo Mendoza Maldonado, Violonchelista, educador musical, profesor, FaM-UNAM<\/p>\n\n\n\n<p id=\"viewer-bovi5419\">Mar\u00eda Rocha, Estado de M\u00e9xico, mujeres contra la guerra<\/p>\n\n\n\n<p id=\"viewer-utu9e421\">Gisela Olgu\u00edn \u00c1lvarez CDMX &#8211; UNAM<\/p>\n\n\n\n<p id=\"viewer-2rtgc423\">Donovan Hern\u00e1ndez Castellanos, fil\u00f3sofo, FFYL, UNAM<\/p>\n\n\n\n<p id=\"viewer-gckvj425\">Ouajd Karkar CDMX M\u00c9XICO<\/p>\n\n\n\n<p id=\"viewer-wlbik427\">Diego Bautista P\u00e1ez, Ciudad de M\u00e9xico, historiador, Revista Com\u00fan<\/p>\n\n\n\n<p id=\"viewer-5e4o6429\">Ara Gal\u00e1n\/M\u00e9xico\/Historiadora<\/p>\n\n\n\n<p id=\"viewer-bekl2431\">CDMX, profesora de asignatura, UNAM<\/p>\n\n\n\n<p id=\"viewer-w96vw433\">Nithia Castorena-S\u00e1enz, Chihuahua, M\u00e9xico, docente.<\/p>\n\n\n\n<p id=\"viewer-4790n435\">Carmen Salas, M\u00e9xico, profesora\/investigadora\/ CEIICH-UNAM<\/p>\n\n\n\n<p id=\"viewer-41k56437\">Magali Marega, Ciudad de M\u00e9xico, Investigadora posdoctoral, El Colegio de M\u00e9xico<\/p>\n\n\n\n<p id=\"viewer-gnfer439\">Cynthia Salazar Nieves, Ciudad de M\u00e9xico, soci\u00f3loga y correctora, IIS UNAM<\/p>\n\n\n\n<p id=\"viewer-zyuir441\">J\u00e9ssica Trejo, M\u00e9xico, productora de radio<\/p>\n\n\n\n<p id=\"viewer-wcv1m443\">Clara Ferri, CDMX, M\u00e9xico, docente, FFyL, UNAM<\/p>\n\n\n\n<p id=\"viewer-zqoqy445\">Sara H. de Ram\u00edrez Duarte\/ CDMX \/ M\u00e9xico \/ economista \/ Integrante del Comit\u00e9 Eureka<\/p>\n\n\n\n<p id=\"viewer-1dbsa447\">Leonel Vargas, Ciudad de M\u00e9xico, docente, UNAM<\/p>\n\n\n\n<p id=\"viewer-wjy86449\">Puebla\/ Pueblos Unidos de la Regi\u00f3n Cholulteca y de los Volcanes<\/p>\n\n\n\n<p id=\"viewer-mnnk9451\">Eugenio Santangelo, Profesor, FFyL, UNAM, M\u00e9xico<\/p>\n\n\n\n<p id=\"viewer-h5as9453\">Armando Gomez Martin \/ M\u00e9xico \/ Hacktivista \/Laboratorio Popular de Medios Libres<\/p>\n\n\n\n<p id=\"viewer-wblvt455\">Shekoufeh Mohammadi\/M\u00e9xico\/IIFL, UNAM<\/p>\n\n\n\n<p id=\"viewer-6cot8457\">Sarah Abel, Tlalnepantla\/M\u00e9xico, Investigadora-profesora, UNAM<\/p>\n\n\n\n<p id=\"viewer-fn4fi459\">Atzelbi Libertad Hern\u00e1ndez<\/p>\n\n\n\n<p id=\"viewer-9xyyl461\">Roberto Ulises Pimentel Berm\u00fadez, CDMX, profesor Facultad de Arquitectura UNAM<\/p>\n\n\n\n<p id=\"viewer-r6f6j463\">Alonso Guti\u00e9rrez<\/p>\n\n\n\n<p id=\"viewer-l0slh465\">Francisco Quijano Velasco, Historiador, IIH &#8211; UNAM<\/p>\n\n\n\n<p id=\"viewer-rksu8467\">Hayde\u00e9 V\u00e9lez Andrade CDMX, M\u00e9xico, docente, FFYL-UNAM<\/p>\n\n\n\n<p id=\"viewer-qqi8r469\">Diana Itzu Guti\u00e9rrez Luna, defensora, Chiapas, M\u00e9xico.<\/p>\n\n\n\n<p id=\"viewer-u2y2n471\">Nofret Berenice Hern\u00e1ndez Vilchis, CDMX, docente, Acad\u00e9micxs con Palestina contra el Genocidio<\/p>\n\n\n\n<p id=\"viewer-xd71t473\">Alba Olea<\/p>\n\n\n\n<p id=\"viewer-khofj475\">Olivia Isidro, Ciudad de M\u00e9xico, profesora\/FFyL<\/p>\n\n\n\n<p id=\"viewer-y8mam477\">Luc\u00eda Pi Cholula, Ciudad de M\u00e9xico, M\u00e9xico, docente, UAM Iztapalapa<\/p>\n\n\n\n<p id=\"viewer-ysml0479\">\u00c1ngela Camacho<\/p>\n\n\n\n<p id=\"viewer-5y32v481\">Alondra Fierro<\/p>\n\n\n\n<p id=\"viewer-cc4q8483\">Sergio E. Hern\u00e1ndez Loeza. Puebla, M\u00e9xico. Antrop\u00f3logo. UCIRED-CESDER<\/p>\n\n\n\n<p id=\"viewer-hrhhu485\">Mar\u00eda De Vecchi Gerli<\/p>\n\n\n\n<p id=\"viewer-xn4mo487\">Tom\u00e1s Antonio Baroja<\/p>\n\n\n\n<p id=\"viewer-1ie8o489\">Cora Jim\u00e9nez Narcia, profesora, UNAM, M\u00e9xico<\/p>\n\n\n\n<p id=\"viewer-gjhl9491\">Itzael Maga\u00f1a<\/p>\n\n\n\n<p id=\"viewer-km7zw493\">Sof\u00eda Beatriz Acosta<\/p>\n\n\n\n<p id=\"viewer-wszbu495\">Daniel Kent Carrasco, CDMX, historiador, UNAM<\/p>\n\n\n\n<p id=\"viewer-vc1dt497\">Ignacio Salazar<\/p>\n\n\n\n<p id=\"viewer-zlbkd501\">Tania Lara<\/p>\n\n\n\n<p id=\"viewer-et77r503\">Natalia P\u00e9rez Turner, CDMX, m\u00fasico, independiente.<\/p>\n\n\n\n<p id=\"viewer-n2zsz505\">Gustavo Iv\u00e1n L\u00f3pez Ovalle, CDMX, M\u00e9xico, Profesor Universitario<\/p>\n\n\n\n<p id=\"viewer-7ij05507\">Valeria Sara\u00ed Vel\u00e1zquez<\/p>\n\n\n\n<p id=\"viewer-avfn3509\">Rebeca Salazar, Ciudad de M\u00e9xico, asistente de procesos IIS<\/p>\n\n\n\n<p id=\"viewer-kyfml511\">Carla Isabel Su\u00e1rez<\/p>\n\n\n\n<p id=\"viewer-bg9rm513\">Marco Degollado. CDMX. Trabajador sector salud<\/p>\n\n\n\n<p id=\"viewer-wxxu7515\">Andrea Cegna, Italia, periodista<\/p>\n\n\n\n<p id=\"viewer-d6pex521\">Carlos Alejandro Hurtado<\/p>\n\n\n\n<p id=\"viewer-6kagw523\">Fernanda Galindo<\/p>\n\n\n\n<p id=\"viewer-f02lu525\">Gerardo V\u00e1zquez<\/p>\n\n\n\n<p id=\"viewer-4x3qf527\">Ra\u00fal Ornelas CDMX, Investigador en la UNAM<\/p>\n\n\n\n<p id=\"viewer-bx3vq529\">Guadalupe S\u00e1nchez Sosa<\/p>\n\n\n\n<p id=\"viewer-9evcr531\">Carlos Ricardo L\u00f3pez<\/p>\n\n\n\n<p id=\"viewer-l5k19533\">Georgina Garc\u00eda<\/p>\n\n\n\n<p id=\"viewer-s23zr535\">Consuelo Bonfil, CDMX, profesora de tiempo completo, Facultad de Ciencias UNAM<\/p>\n\n\n\n<p id=\"viewer-aho24537\">Israel G. Solares, Investigador, UNAM<\/p>\n\n\n\n<p id=\"viewer-1jo1e539\">Ruth Esparza Carvajal, M\u00e9xico, freelance<\/p>\n\n\n\n<p id=\"viewer-wkroq541\">Rosa Mar\u00eda Torres<\/p>\n\n\n\n<p id=\"viewer-o7w6v543\">Humberto Laguna<\/p>\n\n\n\n<p id=\"viewer-jyfst545\">Roc\u00edo Ruiz Lagier, antrop\u00f3loga, UAM-I, Mexico<\/p>\n\n\n\n<p id=\"viewer-pz98v547\">Carlos Francisco Betancourt<\/p>\n\n\n\n<p id=\"viewer-ianko549\">Emilio Mora<\/p>\n\n\n\n<p id=\"viewer-byv0s551\">Dora Napolitano, Ciudad de M\u00e9xico, artivista, Colectiva Zurciendo el Planeta<\/p>\n\n\n\n<p id=\"viewer-xpawp553\">Francisca Alicia P\u00e9rez Grovas Sari\u00f1ana, CDMX\/M\u00e9xico, La Coraza<\/p>\n\n\n\n<p id=\"viewer-7i500555\">Rosario P. Torres, CDMX, M\u00e9xico, docente.<\/p>\n\n\n\n<p id=\"viewer-8oria557\">Andrea Mena, M\u00e9xico, empleada, Colectivo Serpientes de Agua<\/p>\n\n\n\n<p id=\"viewer-ukot9559\">Marcela Ar\u00e9valo Contreras. Comunic\u00f3loga<\/p>\n\n\n\n<p id=\"viewer-e6drb561\">Alejandra L\u00f3pez Lujano. Historiadora y acompa\u00f1ante en la colectiva las Siemprevivas<\/p>\n\n\n\n<p id=\"viewer-kbxcu563\">Metzeri Mart\u00ednez N\u00fa\u00f1ez. CDMX. Psic\u00f3loga<\/p>\n\n\n\n<p id=\"viewer-3gded565\">Arturo Carrasco G\u00f3mez, sacerdote anglicano<\/p>\n\n\n\n<p id=\"viewer-xvfnw567\">Danae Marmolejo<\/p>\n\n\n\n<p id=\"viewer-3u89q571\">Adriana Garay, UNAM<\/p>\n\n\n\n<p id=\"viewer-beqbv573\">Elizabeth Uruchurtu<\/p>\n\n\n\n<p id=\"viewer-vmxy9575\">Patrick Cuninghame, Cd. M\u00e9xico, acad\u00e9mico, SITUAM, UAM-Azcapotzalco<\/p>\n\n\n\n<p id=\"viewer-e7q4s577\">Francisca Urias Hermosillo Mexico, acad\u00e9mica jubilada, UAM Xoch<\/p>\n\n\n\n<p id=\"viewer-rpk16581\">Eva Garcia, CDMX, estudiante de medicina<\/p>\n\n\n\n<p id=\"viewer-16zet583\">Phidel Cedillo Mart\u00ednez\/Xalapa\/docente-ex alumno UNAM\/Geograf\u00eda UV<\/p>\n\n\n\n<p id=\"viewer-rk278585\">Eliza Cohen, CDMX, profesora, UNAM<\/p>\n\n\n\n<p id=\"viewer-l88jw587\">Jimena S\u00e1nchez<\/p>\n\n\n\n<p id=\"viewer-3jvfk589\">Jorge Alejandro M\u00e9ndez<\/p>\n\n\n\n<p id=\"viewer-22cqc591\">Julia Moreno<\/p>\n\n\n\n<p id=\"viewer-vz769593\">Manuel Cancino Activista y Soci\u00f3logo UNAM<\/p>\n\n\n\n<p id=\"viewer-1r9go597\">Miguel Aguilar Dorado\/ Soci\u00f3logo<\/p>\n\n\n\n<p id=\"viewer-ausf2599\">Sebasti\u00e1n Samuel Serratos, Mexico, antrop\u00f3logo<\/p>\n\n\n\n<p id=\"viewer-v2whi603\">Florencia T. Azul U. Ram\u00edrez Rodriguez<\/p>\n\n\n\n<p id=\"viewer-gdhla605\">Rub\u00e9n Mat\u00edas<\/p>\n\n\n\n<p id=\"viewer-z35lx607\">Sergio Moissen. Izquierda Diario M\u00e9xico<\/p>\n\n\n\n<p id=\"viewer-oh3ig609\">Claudio Albertani, UACM<\/p>\n\n\n\n<p id=\"viewer-59twv611\">Citlalli Hern\u00e1ndez Saad, Ciudad de M\u00e9xico, Activista y Defensora de Derechos Humanos<\/p>\n\n\n\n<p id=\"viewer-9gqwf613\">Selene Laguna<\/p>\n\n\n\n<p id=\"viewer-9v6fd615\">Nicol\u00e1s Garc\u00eda Lieberman, Ciudad de M\u00e9xico, JXPL<\/p>\n\n\n\n<p id=\"viewer-sd7q3617\">Pablo Langer Oprinari, Posgrado Est.Latinoamericanos y revista Ideas de Izquierda Mx<\/p>\n\n\n\n<p id=\"viewer-wfb1s619\">Rub\u00e9n Colmenares<\/p>\n\n\n\n<p id=\"viewer-yz3mf621\">Katia Cisneros<\/p>\n\n\n\n<p id=\"viewer-1tlzt623\">Marco Antonio Degollado<\/p>\n\n\n\n<p id=\"viewer-rbhch625\">Maricruz L\u00f3pez\/ ciudad de M\u00e9xico estudiante de posgrado Estudios de la Ciudad UACM plantel SLT<\/p>\n\n\n\n<p id=\"viewer-uwpsk627\">Shekoufeh Mohammadi\/M\u00e9xico, Investigadora IIFL, UNAM<\/p>\n\n\n\n<p id=\"viewer-y0ytn629\">Alina Aksiyote &#8211; Ciudad de M\u00e9xico, Maestra<\/p>\n\n\n\n<p id=\"viewer-140m9633\">Magdiel S\u00e1nchez Quiroz<\/p>\n\n\n\n<p id=\"viewer-qj37e635\">Ronit Guttman<\/p>\n\n\n\n<p id=\"viewer-dfwyg637\">Ra\u00fal P\u00e9rez R\u00edos, CDMX, M\u00e9xico, Resonancias Radio<\/p>\n\n\n\n<p id=\"viewer-fnzj5639\">Fernando Gonz\u00e1lez Lozada, docente UNAM<\/p>\n\n\n\n<p id=\"viewer-2iccd641\">Sof\u00eda Garc\u00eda, Veracruz, abogada por la UNAM<\/p>\n\n\n\n<p id=\"viewer-t34je643\">Pablo Langer Oprinari, Programa de Est.Latinoamericanos UNAM &#8211; Revista Ideas de Izquierda Mx<\/p>\n\n\n\n<p id=\"viewer-a3cdb645\">Amada Aurora Vollbert Romero, Oaxaca\/M\u00e9xico, maestrante en sociolog\u00eda\/ IISUABJO.<\/p>\n\n\n\n<p id=\"viewer-v5lic647\">Alejandro S\u00e1nchez Cancino, M\u00e9xico, antrop\u00f3logo.<\/p>\n\n\n\n<p id=\"viewer-62iee649\">Sandra Patargo, CDMX<\/p>\n\n\n\n<p id=\"viewer-iow39651\">Charlynne Curiel, UABJO<\/p>\n\n\n\n<p id=\"viewer-0u77s653\">Larisa Gonz\u00e1lez Mart\u00ednez, Le\u00f3n Guanajuato\/M\u00e9xico, profesora, Universidad Virtual del Estado de Guanajuato<\/p>\n\n\n\n<p id=\"viewer-asj0f655\">Ammi Stephani Garc\u00eda Rodr\u00edguez<\/p>\n\n\n\n<p id=\"viewer-8sm3g657\">Carlos Octavio Corona Salda\u00f1a, M\u00e9xico<\/p>\n\n\n\n<p id=\"viewer-66i5w659\">Ligia Colmenares<\/p>\n\n\n\n<p id=\"viewer-b2z08661\">Jorge Andr\u00e9s Negrete Alarc\u00f3n, estudiante de Ciencias Pol\u00edticas UNAM<\/p>\n\n\n\n<p id=\"viewer-e8npx663\">Jes\u00fas Fabio Ceballos Loya, San Crist\u00f3bal de las Casas, Chiapas, maestrante del CESMECA<\/p>\n\n\n\n<p id=\"viewer-u0q8d665\"><strong>Organizaciones<\/strong><\/p>\n\n\n\n<p id=\"viewer-t96ae23623\">Frente de Pueblos en Defensa de la Tierra y Agua Morelos, Puebla, Tlaxcala<\/p>\n\n\n\n<p id=\"viewer-xtnli50995\">Centro de Derechos Humanos Fray Bartolom\u00e9 de Las Casas<\/p>\n\n\n\n<p id=\"viewer-xipi927545\">Colectivo Lleg\u00f3 la Hora de los Pueblos<\/p>\n\n\n\n<p id=\"viewer-zvxn9669\">Brigada callejera de apoyo a la mujer, E.M AC<\/p>\n\n\n\n<p id=\"viewer-gn1eh671\">Familiares en b\u00fasqueda Mar\u00eda Herrera<\/p>\n\n\n\n<p id=\"viewer-vqzl4673\">Red Morelense de Apoyo al CNI-CIG\/ Colectividad Nuestra Alegre Rebeld\u00eda<\/p>\n\n\n\n<p id=\"viewer-a0cu5677\">C\u00e1tedra Jorge Alonso<\/p>\n\n\n\n<p id=\"viewer-gbzi625836\">Red Universitaria Anticapitalista, M\u00e9xico<\/p>\n\n\n\n<p id=\"viewer-rp26y52224\">Serpaj M\u00e9xico<\/p>\n\n\n\n<p id=\"viewer-oiirk679\">Tejiendo Organizaci\u00f3n Revolucionaria<\/p>\n\n\n\n<p id=\"viewer-c30u7681\">Colectivo Red de Resistencia y Rebeld\u00eda Tlalpan<\/p>\n\n\n\n<p id=\"viewer-xtzt728288\">Colectivo Transdisciplinario de Investigaciones Cr\u00edticas (COTRIC)<\/p>\n\n\n\n<p id=\"viewer-2cklk683\">RAIS (Red de Apoyo Iztapalapa Sexta)<\/p>\n\n\n\n<p id=\"viewer-4l3pv685\">MCO-S (Misi\u00f3n Civil de Observaci\u00f3n-Sexta)<\/p>\n\n\n\n<p id=\"viewer-rrly5687\">Partido de los Comunistas<\/p>\n\n\n\n<p id=\"viewer-okme8689\">Red de Resistencias y Rebeld\u00edas AJMAQ, Chiapas<\/p>\n\n\n\n<p id=\"viewer-j7qhe691\">Pueblos Unidos de la Regi\u00f3n Cholulteca y de los Volcanes<\/p>\n\n\n\n<p id=\"viewer-e0gnu693\">Vendaval, cooperativa panadera y algo m\u00e1s- Ciudad de M\u00e9xico<\/p>\n\n\n\n<p id=\"viewer-mep45699\">Uni\u00f3n Aut\u00f3noma de Pueblos y Barrios Originarios del Distrito federal<\/p>\n\n\n\n<p id=\"viewer-aa026703\">Ra\u00edces en resistencia &#8211; Cd de M\u00e9xico<\/p>\n\n\n\n<p id=\"viewer-qm78o707\">Movimiento de las y los Trabajadores Socialistas<\/p>\n\n\n\n<p id=\"viewer-wkc8e709\">Centro de Investigaci\u00f3n en Comunicaci\u00f3n Comunitaria A.C.<\/p>\n\n\n\n<p id=\"viewer-wpnp8711\">Espacio de Lucha contra el Olvido y la Represi\u00f3n, Chiapas<\/p>\n\n\n\n<p id=\"viewer-06pnx713\">Antsetik Ts&#8217;unun, colectivo aut\u00f3nomo de defensoras, Chiapas<\/p>\n\n\n\n<p id=\"viewer-fmi9r715\">AMJI (Agrupaci\u00f3n Mexicana de Jud\u00edes Interdependientes)<\/p>\n\n\n\n<p id=\"viewer-ornmv717\">Colectivo Criptopozol + DDHH, CDMX<\/p>\n\n\n\n<p id=\"viewer-yffq0719\">Casa Tecmilco<\/p>\n\n\n\n<p id=\"viewer-niaa0721\">Colectivo Doikait \/ M\u00e9xico<\/p>\n\n\n\n<p id=\"viewer-bobif723\">RAIZ (Relatos Aut\u00f3nomos Inspirados en el Zur)<\/p>\n","protected":false},"excerpt":{"rendered":"<p>Fuente: caminoalandar.org Ciudad Universitaria, a 19 de febrero de 2025 A la Comunidad Universitaria A los firmantes de la Declaraci\u00f3n por la VidaA los pueblos de M\u00e9xico y del MundoA las autoridades del Estado mexicanoA las autoridades de la Universidad Nacional Aut\u00f3noma de M\u00e9xico Este 20 de febrero se conmemora el sexto aniversario del asesinato [&hellip;]<\/p>\n","protected":false},"author":21,"featured_media":50160,"comment_status":"open","ping_status":"closed","sticky":false,"template":"","format":"standard","meta":{"footnotes":""},"categories":[957,51,826,958,954,935],"tags":[58,53,567,147,23,545,87,148,27,483],"class_list":["post-50158","post","type-post","status-publish","format-standard","has-post-thumbnail","hentry","category-autonomia","category-autor","category-medios-libres-2","category-megaproyectos","category-mexico","category-temas","tag-derechos-humanos","tag-justicia","tag-megaproyectos","tag-militarizacion","tag-paramilitares","tag-pueblos-indigenas","tag-represion","tag-resistencia","tag-solidaridad","tag-tierra-y-territorio"],"_links":{"self":[{"href":"https:\/\/radiozapatista.org\/index.php?rest_route=\/wp\/v2\/posts\/50158","targetHints":{"allow":["GET"]}}],"collection":[{"href":"https:\/\/radiozapatista.org\/index.php?rest_route=\/wp\/v2\/posts"}],"about":[{"href":"https:\/\/radiozapatista.org\/index.php?rest_route=\/wp\/v2\/types\/post"}],"author":[{"embeddable":true,"href":"https:\/\/radiozapatista.org\/index.php?rest_route=\/wp\/v2\/users\/21"}],"replies":[{"embeddable":true,"href":"https:\/\/radiozapatista.org\/index.php?rest_route=%2Fwp%2Fv2%2Fcomments&post=50158"}],"version-history":[{"count":2,"href":"https:\/\/radiozapatista.org\/index.php?rest_route=\/wp\/v2\/posts\/50158\/revisions"}],"predecessor-version":[{"id":50187,"href":"https:\/\/radiozapatista.org\/index.php?rest_route=\/wp\/v2\/posts\/50158\/revisions\/50187"}],"wp:featuredmedia":[{"embeddable":true,"href":"https:\/\/radiozapatista.org\/index.php?rest_route=\/wp\/v2\/media\/50160"}],"wp:attachment":[{"href":"https:\/\/radiozapatista.org\/index.php?rest_route=%2Fwp%2Fv2%2Fmedia&parent=50158"}],"wp:term":[{"taxonomy":"category","embeddable":true,"href":"https:\/\/radiozapatista.org\/index.php?rest_route=%2Fwp%2Fv2%2Fcategories&post=50158"},{"taxonomy":"post_tag","embeddable":true,"href":"https:\/\/radiozapatista.org\/index.php?rest_route=%2Fwp%2Fv2%2Ftags&post=50158"}],"curies":[{"name":"wp","href":"https:\/\/api.w.org\/{rel}","templated":true}]}}