{"id":50142,"date":"2025-02-19T09:06:17","date_gmt":"2025-02-19T15:06:17","guid":{"rendered":"https:\/\/radiozapatista.org\/?p=50142"},"modified":"2025-02-19T09:06:18","modified_gmt":"2025-02-19T15:06:18","slug":"uma-alianca-negra-indigena-e-popular-para-mudar-o-mundo-viii-jornada-de-agroecologia-da-teia-dos-povos","status":"publish","type":"post","link":"https:\/\/radiozapatista.org\/?p=50142","title":{"rendered":"Uma alian\u00e7a negra, ind\u00edgena e popular para mudar o mundo: VIII Jornada de Agroecologia da Teia dos Povos"},"content":{"rendered":"\n<p><em>Texto: Radio Zapatista | Fotos: Teia dos Povos<\/em> | <em>V\u00eddeos: Teia dos Povos e Radio Zapatista<\/em><\/p>\n\n\n\n<p>Enquanto no planeta o \u00f3dio, a intoler\u00e2ncia e a imposi\u00e7\u00e3o do mundo \u00fanico se propagam como v\u00edrus, no Brasil milhares de pessoas se re\u00fanem na VIII Jornada de Agroecologia da Bahia, organizada pela <a href=\"http:\/\/teiadospovos.org\/\">Teia dos Povos<\/a>, uma grande alian\u00e7a negra, ind\u00edgena e popular do campo e da cidade, para refletir sobre o estado do nosso mundo, continuar construindo autonomias e celebrar a grande pluralidade de formas de ser, viver, resistir e criar vida fora da l\u00f3gica do capital e do Estado.<\/p>\n\n\n\n<p>A Teia dos Povos nasceu em 2012 perante a compreens\u00e3o de que nem os povos ind\u00edgenas, nem os povos afrodescendentes, nem os povos camponeses, nem os sem-terra, nem as luchas populares urbanas poder\u00e3o enfrentar sozinhos a espolia\u00e7\u00e3o e a viol\u00eancia de um sistema cada vez mais voraz. Foi assim que come\u00e7ou a constru\u00e7\u00e3o dessa grande articula\u00e7\u00e3o de movimentos sociais autonomistas de baixo e \u00e0 esquerda no campo e na cidade, que hoje inclui um grande n\u00famero de n\u00facleos em dez estados do pa\u00eds.<\/p>\n\n\n\n<p>A Teia dos Povos se organiza em <em>n\u00facleos de base <\/em>\u2014 territ\u00f3rios onde se constr\u00f3i e defende a autonomia \u2014 vinculados em rede por meio de <em>elos da teia <\/em>\u2014 organiza\u00e7\u00f5es, coletivos e indiv\u00edduos sem um territ\u00f3rio pr\u00f3prio, que servem de apoio e vincula\u00e7\u00e3o entre os diferentes n\u00facleos. Cada dois anos, a Jornada de Agroecologia re\u00fane milhares de membros dos povos ind\u00edgenas, afros e populares do campo e da cidade para continuar construindo essa grande articula\u00e7\u00e3o de autonomias.<\/p>\n\n\n\n<p>Esta VIII Jornada aconteceu pela primeira vez na cidade de Salvador, Bahia: a cidade mais negra do Brasil, com uma popula\u00e7\u00e3o em torno a 80% afrodescendente, com uma rica cultura derivada de s\u00e9culos de resist\u00eancia em um contexto de racismo sist\u00eamico e de repress\u00e3o por parte das for\u00e7as policiais, que na Bahia s\u00e3o as mais mortais do pa\u00eds, como <a href=\"https:\/\/www.youtube.com\/watch?v=7rFo_jZwHRQ\">denunciou Thiago Torres<\/a> durante a Jornada. Com o tema \u201cAlian\u00e7a do campo e da cidade para o combate \u00e0 fome e \u00e0 pobreza\u201d, a VIII Jornada reuniu v\u00e1rios milhares de pessoas de diversos estados do Brasil, do 29 de janeiro ao 2 de fevereiro de 205.<\/p>\n\n\n\n<p><strong>Ancestralidade viva<\/strong><\/p>\n\n\n\n<p>Os povos resistem e constroem outras realidades a partir da sua pr\u00f3pria vis\u00e3o de mundo, diferente e oposta \u00e0 imposta pelo capitalismo, e da sua conex\u00e3o com uma ancestralidade que \u00e9 o fundamento dessa vis\u00e3o. Assim, entre as reflex\u00f5es e den\u00fancias das diversas viol\u00eancias sofridas pelos diferentes povos reunidos, a celebra\u00e7\u00e3o da ancestralidade est\u00e1 sempre presente. \u00c9 por isso que a inaugura\u00e7\u00e3o da Jornada no 29 de janeiro come\u00e7ou com um ritual de apertura dos povos ind\u00edgenas e outro dos povos pretos:<\/p>\n\n\n\n<figure class=\"wp-block-embed is-type-video is-provider-youtube wp-block-embed-youtube wp-embed-aspect-16-9 wp-has-aspect-ratio\"><div class=\"wp-block-embed__wrapper\">\n<iframe loading=\"lazy\" title=\"VIII Jornada de Agroecologia da Bahia - Ritual de abertura dos Povs Ind\u00edgenas\" width=\"500\" height=\"281\" src=\"https:\/\/www.youtube.com\/embed\/MgEra2YQeWs?feature=oembed\" frameborder=\"0\" allow=\"accelerometer; autoplay; clipboard-write; encrypted-media; gyroscope; picture-in-picture; web-share\" referrerpolicy=\"strict-origin-when-cross-origin\" allowfullscreen><\/iframe>\n<\/div><\/figure>\n\n\n\n<figure class=\"wp-block-embed is-type-video is-provider-youtube wp-block-embed-youtube wp-embed-aspect-16-9 wp-has-aspect-ratio\"><div class=\"wp-block-embed__wrapper\">\n<iframe loading=\"lazy\" title=\"VIII Jornada de Agroecologia da Bahia - Abertura dos Povos Pretos\" width=\"500\" height=\"281\" src=\"https:\/\/www.youtube.com\/embed\/IizMwOroiME?feature=oembed\" frameborder=\"0\" allow=\"accelerometer; autoplay; clipboard-write; encrypted-media; gyroscope; picture-in-picture; web-share\" referrerpolicy=\"strict-origin-when-cross-origin\" allowfullscreen><\/iframe>\n<\/div><\/figure>\n\n\n\n<p>Trata-se de uma espiritualidade nunca desvinculada do pol\u00edtico, uma espiritualidade que d\u00e1 sentido \u00e0 luta pela vida e pelo cuidado dos territ\u00f3rios, em sua dimens\u00e3o sagrada t\u00e3o diferente do pensamento utilit\u00e1rio capitalista. Uma espiritualidade que celebra a vida com alegria, com os orix\u00e1s, inquices e voduns africanos e os encantados ind\u00edgenas e outras entidades dan\u00e7ando, celebrando, lutando, resistindo e reexistindo entre os vivos.<\/p>\n\n\n\n<h3 class=\"wp-block-heading\">Pensar com o cora\u00e7\u00e3o<\/h3>\n\n\n\n<p>Reflex\u00e3o para a luta, o pensamento cr\u00edtico cora\u00e7onado \u00e9 fundamental para a constru\u00e7\u00e3o de alternativas de base no contexto da \u201ctormenta\u201d, da crise civilizat\u00f3ria atual. Entender a conjuntura atual no Brasil e no mundo, que p\u00f5e em risco a pr\u00f3pria vida no planeta, \u00e9 tarefa imprescind\u00edvel dos povos em luta. Assim, a Jornada come\u00e7ou com uma an\u00e1lise da conjuntura na plen\u00e1ria, seguido de grupos de discuss\u00e3o denominados <em>malocas de saberes<\/em>, com os temas: terra e territ\u00f3rio, sa\u00fade, educa\u00e7\u00e3o e agroecologia populares, entre outros. Ali se discutiram n\u00e3o apenas as problem\u00e1ticas, mas tamb\u00e9m as iniciativas para recuperar e defender a terra e construir a autonomia nos diversos territ\u00f3rios, que v\u00e3o de aldeias ind\u00edgenas a quilombos afrodescendentes, assentamentos do MST, periferias urbanas e outros.<\/p>\n\n\n\n<p>Al\u00e9m disso, acad\u00eamicos e pesquisadores de todo o Brasil se reuniram em mesas tem\u00e1ticas para compartilhar seus trabalhos, lan\u00e7ando um olhar outro sobre a realidade dos territ\u00f3rios a partir da valoriza\u00e7\u00e3o dos conhecimentos e saberes das pr\u00f3prias comunidades. Os eixos tem\u00e1ticos inclu\u00edram: educa\u00e7\u00e3o do e no campo, educa\u00e7\u00e3o contextualizada e educa\u00e7\u00e3o popular; agroecologia, c\u00e2mbios clim\u00e1ticos e sistemas agroflorestais; ancestralidade, cultura e arte; conflitos territoriais, meio ambiente, Estado e sociedade; soberanias populares.<\/p>\n\n\n\n<figure class=\"wp-block-gallery has-nested-images columns-default is-cropped wp-block-gallery-1 is-layout-flex wp-block-gallery-is-layout-flex\">\n<figure class=\"wp-block-image size-medium\"><a href=\"https:\/\/radiozapatista.org\/wp-content\/uploads\/2025\/02\/IMG-20250214-WA0057.jpg\"><img loading=\"lazy\" decoding=\"async\" width=\"350\" height=\"233\" data-id=\"50053\" src=\"https:\/\/radiozapatista.org\/wp-content\/uploads\/2025\/02\/IMG-20250214-WA0057-350x233.jpg\" alt=\"\" class=\"wp-image-50053\" srcset=\"https:\/\/radiozapatista.org\/wp-content\/uploads\/2025\/02\/IMG-20250214-WA0057-350x233.jpg 350w, https:\/\/radiozapatista.org\/wp-content\/uploads\/2025\/02\/IMG-20250214-WA0057-1024x683.jpg 1024w, https:\/\/radiozapatista.org\/wp-content\/uploads\/2025\/02\/IMG-20250214-WA0057-768x512.jpg 768w, https:\/\/radiozapatista.org\/wp-content\/uploads\/2025\/02\/IMG-20250214-WA0057-700x466.jpg 700w, https:\/\/radiozapatista.org\/wp-content\/uploads\/2025\/02\/IMG-20250214-WA0057.jpg 1200w\" sizes=\"auto, (max-width: 350px) 100vw, 350px\" \/><\/a><\/figure>\n\n\n\n<figure class=\"wp-block-image size-medium\"><a href=\"https:\/\/radiozapatista.org\/wp-content\/uploads\/2025\/02\/IMG-20250214-WA0063.jpg\"><img loading=\"lazy\" decoding=\"async\" width=\"350\" height=\"233\" data-id=\"50052\" src=\"https:\/\/radiozapatista.org\/wp-content\/uploads\/2025\/02\/IMG-20250214-WA0063-350x233.jpg\" alt=\"\" class=\"wp-image-50052\" srcset=\"https:\/\/radiozapatista.org\/wp-content\/uploads\/2025\/02\/IMG-20250214-WA0063-350x233.jpg 350w, https:\/\/radiozapatista.org\/wp-content\/uploads\/2025\/02\/IMG-20250214-WA0063-1024x683.jpg 1024w, https:\/\/radiozapatista.org\/wp-content\/uploads\/2025\/02\/IMG-20250214-WA0063-768x512.jpg 768w, https:\/\/radiozapatista.org\/wp-content\/uploads\/2025\/02\/IMG-20250214-WA0063-700x466.jpg 700w, https:\/\/radiozapatista.org\/wp-content\/uploads\/2025\/02\/IMG-20250214-WA0063.jpg 1200w\" sizes=\"auto, (max-width: 350px) 100vw, 350px\" \/><\/a><\/figure>\n\n\n\n<figure class=\"wp-block-image size-medium\"><a href=\"https:\/\/radiozapatista.org\/wp-content\/uploads\/2025\/02\/IMG-20250214-WA0102.jpg\"><img loading=\"lazy\" decoding=\"async\" width=\"350\" height=\"233\" data-id=\"50054\" src=\"https:\/\/radiozapatista.org\/wp-content\/uploads\/2025\/02\/IMG-20250214-WA0102-350x233.jpg\" alt=\"\" class=\"wp-image-50054\" srcset=\"https:\/\/radiozapatista.org\/wp-content\/uploads\/2025\/02\/IMG-20250214-WA0102-350x233.jpg 350w, https:\/\/radiozapatista.org\/wp-content\/uploads\/2025\/02\/IMG-20250214-WA0102-1024x683.jpg 1024w, https:\/\/radiozapatista.org\/wp-content\/uploads\/2025\/02\/IMG-20250214-WA0102-768x512.jpg 768w, https:\/\/radiozapatista.org\/wp-content\/uploads\/2025\/02\/IMG-20250214-WA0102-700x466.jpg 700w, https:\/\/radiozapatista.org\/wp-content\/uploads\/2025\/02\/IMG-20250214-WA0102.jpg 1200w\" sizes=\"auto, (max-width: 350px) 100vw, 350px\" \/><\/a><\/figure>\n\n\n\n<figure class=\"wp-block-image size-medium\"><a href=\"https:\/\/radiozapatista.org\/wp-content\/uploads\/2025\/02\/IMG-20250214-WA0108.jpg\"><img loading=\"lazy\" decoding=\"async\" width=\"350\" height=\"233\" data-id=\"50055\" src=\"https:\/\/radiozapatista.org\/wp-content\/uploads\/2025\/02\/IMG-20250214-WA0108-350x233.jpg\" alt=\"\" class=\"wp-image-50055\" srcset=\"https:\/\/radiozapatista.org\/wp-content\/uploads\/2025\/02\/IMG-20250214-WA0108-350x233.jpg 350w, https:\/\/radiozapatista.org\/wp-content\/uploads\/2025\/02\/IMG-20250214-WA0108-1024x683.jpg 1024w, https:\/\/radiozapatista.org\/wp-content\/uploads\/2025\/02\/IMG-20250214-WA0108-768x512.jpg 768w, https:\/\/radiozapatista.org\/wp-content\/uploads\/2025\/02\/IMG-20250214-WA0108-700x466.jpg 700w, https:\/\/radiozapatista.org\/wp-content\/uploads\/2025\/02\/IMG-20250214-WA0108.jpg 1200w\" sizes=\"auto, (max-width: 350px) 100vw, 350px\" \/><\/a><\/figure>\n\n\n\n<figure class=\"wp-block-image size-medium\"><a href=\"https:\/\/radiozapatista.org\/wp-content\/uploads\/2025\/02\/IMG-20250214-WA0116.jpg\"><img loading=\"lazy\" decoding=\"async\" width=\"350\" height=\"233\" data-id=\"50056\" src=\"https:\/\/radiozapatista.org\/wp-content\/uploads\/2025\/02\/IMG-20250214-WA0116-350x233.jpg\" alt=\"\" class=\"wp-image-50056\" srcset=\"https:\/\/radiozapatista.org\/wp-content\/uploads\/2025\/02\/IMG-20250214-WA0116-350x233.jpg 350w, https:\/\/radiozapatista.org\/wp-content\/uploads\/2025\/02\/IMG-20250214-WA0116-1024x683.jpg 1024w, https:\/\/radiozapatista.org\/wp-content\/uploads\/2025\/02\/IMG-20250214-WA0116-768x512.jpg 768w, https:\/\/radiozapatista.org\/wp-content\/uploads\/2025\/02\/IMG-20250214-WA0116-700x466.jpg 700w, https:\/\/radiozapatista.org\/wp-content\/uploads\/2025\/02\/IMG-20250214-WA0116.jpg 1200w\" sizes=\"auto, (max-width: 350px) 100vw, 350px\" \/><\/a><\/figure>\n\n\n\n<figure class=\"wp-block-image size-medium\"><a href=\"https:\/\/radiozapatista.org\/wp-content\/uploads\/2025\/02\/IMG-20250214-WA0121.jpg\"><img loading=\"lazy\" decoding=\"async\" width=\"350\" height=\"233\" data-id=\"50057\" src=\"https:\/\/radiozapatista.org\/wp-content\/uploads\/2025\/02\/IMG-20250214-WA0121-350x233.jpg\" alt=\"\" class=\"wp-image-50057\" srcset=\"https:\/\/radiozapatista.org\/wp-content\/uploads\/2025\/02\/IMG-20250214-WA0121-350x233.jpg 350w, https:\/\/radiozapatista.org\/wp-content\/uploads\/2025\/02\/IMG-20250214-WA0121-1024x683.jpg 1024w, https:\/\/radiozapatista.org\/wp-content\/uploads\/2025\/02\/IMG-20250214-WA0121-768x512.jpg 768w, https:\/\/radiozapatista.org\/wp-content\/uploads\/2025\/02\/IMG-20250214-WA0121-700x466.jpg 700w, https:\/\/radiozapatista.org\/wp-content\/uploads\/2025\/02\/IMG-20250214-WA0121.jpg 1200w\" sizes=\"auto, (max-width: 350px) 100vw, 350px\" \/><\/a><\/figure>\n<\/figure>\n\n\n\n<h3 class=\"wp-block-heading\">Mulheres, juventudes, inf\u00e2ncias e outros amores<\/h3>\n\n\n\n<p>Para a Teia dos Povos, como para o zapatismo, as mulheres s\u00e3o fundamentais na constru\u00e7\u00e3o de outras realidades. Em plen\u00e1ria, a terceira noite do encontro, as mulheres realizaram uma grande roda onde, depois do canto coletivo, dialogaram sobre diversos aspectos da sua vida nos territ\u00f3rios, suas organiza\u00e7\u00f5es e suas iniciativas comunit\u00e1rias, assim como as estrat\u00e9gias coletivas para enfrentar o patriarcado e o papel da mulher na luta por terra e territ\u00f3rio.<\/p>\n\n\n\n<p>Nessa roda de mulheres apresentou-se tamb\u00e9m uma nova iniciativa: a cria\u00e7\u00e3o do Coletivo TransTeia, no qual se organizam as pessoas trans em sua luta contra a LGBTfobia e a viol\u00eancia de g\u00eanero. Discutiu-se a presen\u00e7a \u201ctranscestral\u201d e de outras corpas dissidentes na Teia dos Povos. Denunciou-se a viol\u00eancia que sofrem as dissid\u00eancias sexuais no Brasil, pa\u00eds que nos \u00faltimos 16 anos consecutivos ocupa o primeiro lugar em assassinatos de pessoas trans e travestis. Com poesia, dignidade e alegria apesar de tudo, foi declarado inaugurado o Coletivo TransTeia.<\/p>\n\n\n\n<figure class=\"wp-block-gallery has-nested-images columns-3 is-cropped wp-block-gallery-2 is-layout-flex wp-block-gallery-is-layout-flex\">\n<figure class=\"wp-block-image size-medium\"><a href=\"https:\/\/radiozapatista.org\/wp-content\/uploads\/2025\/02\/mujeres5.jpg\"><img loading=\"lazy\" decoding=\"async\" width=\"350\" height=\"233\" data-id=\"50060\" src=\"https:\/\/radiozapatista.org\/wp-content\/uploads\/2025\/02\/mujeres5-350x233.jpg\" alt=\"\" class=\"wp-image-50060\" srcset=\"https:\/\/radiozapatista.org\/wp-content\/uploads\/2025\/02\/mujeres5-350x233.jpg 350w, https:\/\/radiozapatista.org\/wp-content\/uploads\/2025\/02\/mujeres5-1024x683.jpg 1024w, https:\/\/radiozapatista.org\/wp-content\/uploads\/2025\/02\/mujeres5-768x512.jpg 768w, https:\/\/radiozapatista.org\/wp-content\/uploads\/2025\/02\/mujeres5-700x466.jpg 700w, https:\/\/radiozapatista.org\/wp-content\/uploads\/2025\/02\/mujeres5.jpg 1200w\" sizes=\"auto, (max-width: 350px) 100vw, 350px\" \/><\/a><\/figure>\n\n\n\n<figure class=\"wp-block-image size-medium\"><a href=\"https:\/\/radiozapatista.org\/wp-content\/uploads\/2025\/02\/mujeres7.jpg\"><img loading=\"lazy\" decoding=\"async\" width=\"350\" height=\"233\" data-id=\"50061\" src=\"https:\/\/radiozapatista.org\/wp-content\/uploads\/2025\/02\/mujeres7-350x233.jpg\" alt=\"\" class=\"wp-image-50061\" srcset=\"https:\/\/radiozapatista.org\/wp-content\/uploads\/2025\/02\/mujeres7-350x233.jpg 350w, https:\/\/radiozapatista.org\/wp-content\/uploads\/2025\/02\/mujeres7-1024x683.jpg 1024w, https:\/\/radiozapatista.org\/wp-content\/uploads\/2025\/02\/mujeres7-768x512.jpg 768w, https:\/\/radiozapatista.org\/wp-content\/uploads\/2025\/02\/mujeres7-700x466.jpg 700w, https:\/\/radiozapatista.org\/wp-content\/uploads\/2025\/02\/mujeres7.jpg 1200w\" sizes=\"auto, (max-width: 350px) 100vw, 350px\" \/><\/a><\/figure>\n\n\n\n<figure class=\"wp-block-image size-medium\"><a href=\"https:\/\/radiozapatista.org\/wp-content\/uploads\/2025\/02\/mujeres9.jpg\"><img loading=\"lazy\" decoding=\"async\" width=\"350\" height=\"233\" data-id=\"50062\" src=\"https:\/\/radiozapatista.org\/wp-content\/uploads\/2025\/02\/mujeres9-350x233.jpg\" alt=\"\" class=\"wp-image-50062\" srcset=\"https:\/\/radiozapatista.org\/wp-content\/uploads\/2025\/02\/mujeres9-350x233.jpg 350w, https:\/\/radiozapatista.org\/wp-content\/uploads\/2025\/02\/mujeres9-1024x683.jpg 1024w, https:\/\/radiozapatista.org\/wp-content\/uploads\/2025\/02\/mujeres9-768x512.jpg 768w, https:\/\/radiozapatista.org\/wp-content\/uploads\/2025\/02\/mujeres9-700x466.jpg 700w, https:\/\/radiozapatista.org\/wp-content\/uploads\/2025\/02\/mujeres9.jpg 1200w\" sizes=\"auto, (max-width: 350px) 100vw, 350px\" \/><\/a><\/figure>\n\n\n\n<figure class=\"wp-block-image size-medium\"><a href=\"https:\/\/radiozapatista.org\/wp-content\/uploads\/2025\/02\/mujeres10.jpg\"><img loading=\"lazy\" decoding=\"async\" width=\"350\" height=\"233\" data-id=\"50063\" src=\"https:\/\/radiozapatista.org\/wp-content\/uploads\/2025\/02\/mujeres10-350x233.jpg\" alt=\"\" class=\"wp-image-50063\" srcset=\"https:\/\/radiozapatista.org\/wp-content\/uploads\/2025\/02\/mujeres10-350x233.jpg 350w, https:\/\/radiozapatista.org\/wp-content\/uploads\/2025\/02\/mujeres10-1024x683.jpg 1024w, https:\/\/radiozapatista.org\/wp-content\/uploads\/2025\/02\/mujeres10-768x512.jpg 768w, https:\/\/radiozapatista.org\/wp-content\/uploads\/2025\/02\/mujeres10-700x466.jpg 700w, https:\/\/radiozapatista.org\/wp-content\/uploads\/2025\/02\/mujeres10.jpg 1200w\" sizes=\"auto, (max-width: 350px) 100vw, 350px\" \/><\/a><\/figure>\n\n\n\n<figure class=\"wp-block-image size-medium\"><a href=\"https:\/\/radiozapatista.org\/wp-content\/uploads\/2025\/02\/mujeres.jpg\"><img loading=\"lazy\" decoding=\"async\" width=\"350\" height=\"233\" data-id=\"50064\" src=\"https:\/\/radiozapatista.org\/wp-content\/uploads\/2025\/02\/mujeres-350x233.jpg\" alt=\"\" class=\"wp-image-50064\" srcset=\"https:\/\/radiozapatista.org\/wp-content\/uploads\/2025\/02\/mujeres-350x233.jpg 350w, https:\/\/radiozapatista.org\/wp-content\/uploads\/2025\/02\/mujeres-1024x683.jpg 1024w, https:\/\/radiozapatista.org\/wp-content\/uploads\/2025\/02\/mujeres-768x512.jpg 768w, https:\/\/radiozapatista.org\/wp-content\/uploads\/2025\/02\/mujeres-700x466.jpg 700w, https:\/\/radiozapatista.org\/wp-content\/uploads\/2025\/02\/mujeres.jpg 1200w\" sizes=\"auto, (max-width: 350px) 100vw, 350px\" \/><\/a><\/figure>\n\n\n\n<figure class=\"wp-block-image size-medium\"><a href=\"https:\/\/radiozapatista.org\/wp-content\/uploads\/2025\/02\/mujeres3.jpg\"><img loading=\"lazy\" decoding=\"async\" width=\"350\" height=\"233\" data-id=\"50065\" src=\"https:\/\/radiozapatista.org\/wp-content\/uploads\/2025\/02\/mujeres3-350x233.jpg\" alt=\"\" class=\"wp-image-50065\" srcset=\"https:\/\/radiozapatista.org\/wp-content\/uploads\/2025\/02\/mujeres3-350x233.jpg 350w, https:\/\/radiozapatista.org\/wp-content\/uploads\/2025\/02\/mujeres3-1024x683.jpg 1024w, https:\/\/radiozapatista.org\/wp-content\/uploads\/2025\/02\/mujeres3-768x512.jpg 768w, https:\/\/radiozapatista.org\/wp-content\/uploads\/2025\/02\/mujeres3-700x466.jpg 700w, https:\/\/radiozapatista.org\/wp-content\/uploads\/2025\/02\/mujeres3.jpg 1200w\" sizes=\"auto, (max-width: 350px) 100vw, 350px\" \/><\/a><\/figure>\n<\/figure>\n\n\n\n<figure class=\"wp-block-gallery has-nested-images columns-default is-cropped wp-block-gallery-3 is-layout-flex wp-block-gallery-is-layout-flex\">\n<figure class=\"wp-block-image size-medium\"><a href=\"https:\/\/radiozapatista.org\/wp-content\/uploads\/2025\/02\/Imagen-de-WhatsApp-2025-02-14-a-las-10.09.27_db4c8a5b.jpg\"><img loading=\"lazy\" decoding=\"async\" width=\"350\" height=\"233\" data-id=\"50066\" src=\"https:\/\/radiozapatista.org\/wp-content\/uploads\/2025\/02\/Imagen-de-WhatsApp-2025-02-14-a-las-10.09.27_db4c8a5b-350x233.jpg\" alt=\"\" class=\"wp-image-50066\" srcset=\"https:\/\/radiozapatista.org\/wp-content\/uploads\/2025\/02\/Imagen-de-WhatsApp-2025-02-14-a-las-10.09.27_db4c8a5b-350x233.jpg 350w, https:\/\/radiozapatista.org\/wp-content\/uploads\/2025\/02\/Imagen-de-WhatsApp-2025-02-14-a-las-10.09.27_db4c8a5b-1024x683.jpg 1024w, https:\/\/radiozapatista.org\/wp-content\/uploads\/2025\/02\/Imagen-de-WhatsApp-2025-02-14-a-las-10.09.27_db4c8a5b-768x512.jpg 768w, https:\/\/radiozapatista.org\/wp-content\/uploads\/2025\/02\/Imagen-de-WhatsApp-2025-02-14-a-las-10.09.27_db4c8a5b-700x466.jpg 700w, https:\/\/radiozapatista.org\/wp-content\/uploads\/2025\/02\/Imagen-de-WhatsApp-2025-02-14-a-las-10.09.27_db4c8a5b.jpg 1200w\" sizes=\"auto, (max-width: 350px) 100vw, 350px\" \/><\/a><\/figure>\n\n\n\n<figure class=\"wp-block-image size-medium\"><a href=\"https:\/\/radiozapatista.org\/wp-content\/uploads\/2025\/02\/Imagen-de-WhatsApp-2025-02-14-a-las-10.09.28_7edb9a24.jpg\"><img loading=\"lazy\" decoding=\"async\" width=\"350\" height=\"233\" data-id=\"50067\" src=\"https:\/\/radiozapatista.org\/wp-content\/uploads\/2025\/02\/Imagen-de-WhatsApp-2025-02-14-a-las-10.09.28_7edb9a24-350x233.jpg\" alt=\"\" class=\"wp-image-50067\" srcset=\"https:\/\/radiozapatista.org\/wp-content\/uploads\/2025\/02\/Imagen-de-WhatsApp-2025-02-14-a-las-10.09.28_7edb9a24-350x233.jpg 350w, https:\/\/radiozapatista.org\/wp-content\/uploads\/2025\/02\/Imagen-de-WhatsApp-2025-02-14-a-las-10.09.28_7edb9a24-1024x683.jpg 1024w, https:\/\/radiozapatista.org\/wp-content\/uploads\/2025\/02\/Imagen-de-WhatsApp-2025-02-14-a-las-10.09.28_7edb9a24-768x512.jpg 768w, https:\/\/radiozapatista.org\/wp-content\/uploads\/2025\/02\/Imagen-de-WhatsApp-2025-02-14-a-las-10.09.28_7edb9a24-700x466.jpg 700w, https:\/\/radiozapatista.org\/wp-content\/uploads\/2025\/02\/Imagen-de-WhatsApp-2025-02-14-a-las-10.09.28_7edb9a24.jpg 1200w\" sizes=\"auto, (max-width: 350px) 100vw, 350px\" \/><\/a><\/figure>\n\n\n\n<figure class=\"wp-block-image size-medium\"><a href=\"https:\/\/radiozapatista.org\/wp-content\/uploads\/2025\/02\/Imagen-de-WhatsApp-2025-02-14-a-las-10.09.29_22908702.jpg\"><img loading=\"lazy\" decoding=\"async\" width=\"350\" height=\"233\" data-id=\"50068\" src=\"https:\/\/radiozapatista.org\/wp-content\/uploads\/2025\/02\/Imagen-de-WhatsApp-2025-02-14-a-las-10.09.29_22908702-350x233.jpg\" alt=\"\" class=\"wp-image-50068\" srcset=\"https:\/\/radiozapatista.org\/wp-content\/uploads\/2025\/02\/Imagen-de-WhatsApp-2025-02-14-a-las-10.09.29_22908702-350x233.jpg 350w, https:\/\/radiozapatista.org\/wp-content\/uploads\/2025\/02\/Imagen-de-WhatsApp-2025-02-14-a-las-10.09.29_22908702-1024x683.jpg 1024w, https:\/\/radiozapatista.org\/wp-content\/uploads\/2025\/02\/Imagen-de-WhatsApp-2025-02-14-a-las-10.09.29_22908702-768x512.jpg 768w, https:\/\/radiozapatista.org\/wp-content\/uploads\/2025\/02\/Imagen-de-WhatsApp-2025-02-14-a-las-10.09.29_22908702-700x466.jpg 700w, https:\/\/radiozapatista.org\/wp-content\/uploads\/2025\/02\/Imagen-de-WhatsApp-2025-02-14-a-las-10.09.29_22908702.jpg 1200w\" sizes=\"auto, (max-width: 350px) 100vw, 350px\" \/><\/a><\/figure>\n<\/figure>\n\n\n\n<p>Para a Teia dos Povos, a juventude \u00e9 tamb\u00e9m fundamental. Nesta VIII Jornada de Agroecologia, a juventude foi respons\u00e1vel por honrar as companheiras e companheiros ausentes, aquelas e aqueles que se encantaram nos \u00faltimos anos. Centenas de jovens realizaram um cortejo com cantos, estandartes e ferramentas de trabalho para celebrar a vida das e dos ausentes, terminando com uma grande roda onde os jovens fizeram demandas coletivas e compartilharam experi\u00eancias e cria\u00e7\u00f5es art\u00edsticas.<\/p>\n\n\n\n<p>No fim da Jornada, os jovens escreveram esta <a href=\"https:\/\/teiadospovos.org\/carta-da-rede-de-juventude-da-teia-dos-povos-da-bahia\/\">Carta da Rede de Juventude da Teia dos Povos da Bahia<\/a>.<\/p>\n\n\n\n<figure class=\"wp-block-gallery has-nested-images columns-default is-cropped wp-block-gallery-4 is-layout-flex wp-block-gallery-is-layout-flex\">\n<figure class=\"wp-block-image size-medium\"><a href=\"https:\/\/radiozapatista.org\/wp-content\/uploads\/2025\/02\/juv6.jpg\"><img loading=\"lazy\" decoding=\"async\" width=\"350\" height=\"228\" data-id=\"50069\" src=\"https:\/\/radiozapatista.org\/wp-content\/uploads\/2025\/02\/juv6-350x228.jpg\" alt=\"\" class=\"wp-image-50069\" srcset=\"https:\/\/radiozapatista.org\/wp-content\/uploads\/2025\/02\/juv6-350x228.jpg 350w, https:\/\/radiozapatista.org\/wp-content\/uploads\/2025\/02\/juv6-768x500.jpg 768w, https:\/\/radiozapatista.org\/wp-content\/uploads\/2025\/02\/juv6.jpg 1002w\" sizes=\"auto, (max-width: 350px) 100vw, 350px\" \/><\/a><\/figure>\n\n\n\n<figure class=\"wp-block-image size-medium\"><a href=\"https:\/\/radiozapatista.org\/wp-content\/uploads\/2025\/02\/juv10.jpg\"><img loading=\"lazy\" decoding=\"async\" width=\"350\" height=\"227\" data-id=\"50070\" src=\"https:\/\/radiozapatista.org\/wp-content\/uploads\/2025\/02\/juv10-350x227.jpg\" alt=\"\" class=\"wp-image-50070\" srcset=\"https:\/\/radiozapatista.org\/wp-content\/uploads\/2025\/02\/juv10-350x227.jpg 350w, https:\/\/radiozapatista.org\/wp-content\/uploads\/2025\/02\/juv10-768x499.jpg 768w, https:\/\/radiozapatista.org\/wp-content\/uploads\/2025\/02\/juv10.jpg 999w\" sizes=\"auto, (max-width: 350px) 100vw, 350px\" \/><\/a><\/figure>\n\n\n\n<figure class=\"wp-block-image size-medium\"><a href=\"https:\/\/radiozapatista.org\/wp-content\/uploads\/2025\/02\/juventude1.jpg\"><img loading=\"lazy\" decoding=\"async\" width=\"350\" height=\"228\" data-id=\"50071\" src=\"https:\/\/radiozapatista.org\/wp-content\/uploads\/2025\/02\/juventude1-350x228.jpg\" alt=\"\" class=\"wp-image-50071\" srcset=\"https:\/\/radiozapatista.org\/wp-content\/uploads\/2025\/02\/juventude1-350x228.jpg 350w, https:\/\/radiozapatista.org\/wp-content\/uploads\/2025\/02\/juventude1-768x499.jpg 768w, https:\/\/radiozapatista.org\/wp-content\/uploads\/2025\/02\/juventude1.jpg 1000w\" sizes=\"auto, (max-width: 350px) 100vw, 350px\" \/><\/a><\/figure>\n<\/figure>\n\n\n\n<p>As crian\u00e7as n\u00e3o podem faltar, nunca. Na Jornada criou-se um Terreiro L\u00fadico onde, al\u00e9m dos muitos jogos e brincadeiras, houve conta\u00e7\u00e3o de hist\u00f3rias, leitura de livros educativos, uma visita a uma biblioteca m\u00f3vel, distribui\u00e7\u00e3o de livros, uma exposi\u00e7\u00e3o da Rede de Zoologia Interativa e teatro de fantoches.<\/p>\n\n\n\n<figure class=\"wp-block-gallery has-nested-images columns-default is-cropped wp-block-gallery-5 is-layout-flex wp-block-gallery-is-layout-flex\">\n<figure class=\"wp-block-image size-medium\"><a href=\"https:\/\/radiozapatista.org\/wp-content\/uploads\/2025\/02\/ludico2.jpg\"><img loading=\"lazy\" decoding=\"async\" width=\"350\" height=\"233\" data-id=\"50087\" src=\"https:\/\/radiozapatista.org\/wp-content\/uploads\/2025\/02\/ludico2-350x233.jpg\" alt=\"\" class=\"wp-image-50087\" srcset=\"https:\/\/radiozapatista.org\/wp-content\/uploads\/2025\/02\/ludico2-350x233.jpg 350w, https:\/\/radiozapatista.org\/wp-content\/uploads\/2025\/02\/ludico2-1024x683.jpg 1024w, https:\/\/radiozapatista.org\/wp-content\/uploads\/2025\/02\/ludico2-768x512.jpg 768w, https:\/\/radiozapatista.org\/wp-content\/uploads\/2025\/02\/ludico2-700x466.jpg 700w, https:\/\/radiozapatista.org\/wp-content\/uploads\/2025\/02\/ludico2.jpg 1200w\" sizes=\"auto, (max-width: 350px) 100vw, 350px\" \/><\/a><\/figure>\n\n\n\n<figure class=\"wp-block-image size-medium\"><a href=\"https:\/\/radiozapatista.org\/wp-content\/uploads\/2025\/02\/ludico5.jpg\"><img loading=\"lazy\" decoding=\"async\" width=\"350\" height=\"233\" data-id=\"50088\" src=\"https:\/\/radiozapatista.org\/wp-content\/uploads\/2025\/02\/ludico5-350x233.jpg\" alt=\"\" class=\"wp-image-50088\" srcset=\"https:\/\/radiozapatista.org\/wp-content\/uploads\/2025\/02\/ludico5-350x233.jpg 350w, https:\/\/radiozapatista.org\/wp-content\/uploads\/2025\/02\/ludico5-1024x683.jpg 1024w, https:\/\/radiozapatista.org\/wp-content\/uploads\/2025\/02\/ludico5-768x512.jpg 768w, https:\/\/radiozapatista.org\/wp-content\/uploads\/2025\/02\/ludico5-700x466.jpg 700w, https:\/\/radiozapatista.org\/wp-content\/uploads\/2025\/02\/ludico5.jpg 1200w\" sizes=\"auto, (max-width: 350px) 100vw, 350px\" \/><\/a><\/figure>\n\n\n\n<figure class=\"wp-block-image size-medium\"><a href=\"https:\/\/radiozapatista.org\/wp-content\/uploads\/2025\/02\/ludico9.jpg\"><img loading=\"lazy\" decoding=\"async\" width=\"350\" height=\"233\" data-id=\"50089\" src=\"https:\/\/radiozapatista.org\/wp-content\/uploads\/2025\/02\/ludico9-350x233.jpg\" alt=\"\" class=\"wp-image-50089\" srcset=\"https:\/\/radiozapatista.org\/wp-content\/uploads\/2025\/02\/ludico9-350x233.jpg 350w, https:\/\/radiozapatista.org\/wp-content\/uploads\/2025\/02\/ludico9-1024x683.jpg 1024w, https:\/\/radiozapatista.org\/wp-content\/uploads\/2025\/02\/ludico9-768x512.jpg 768w, https:\/\/radiozapatista.org\/wp-content\/uploads\/2025\/02\/ludico9-700x466.jpg 700w, https:\/\/radiozapatista.org\/wp-content\/uploads\/2025\/02\/ludico9.jpg 1200w\" sizes=\"auto, (max-width: 350px) 100vw, 350px\" \/><\/a><\/figure>\n<\/figure>\n\n\n\n<h3 class=\"wp-block-heading\">Rede de Capoeiristas da Teia dos Povos<\/h3>\n\n\n\n<p>A capoeira \u00e9 uma arte marcial anticolonial criada pelos escravizados no Brasil em sua luta pela liberdade, a partir de tradi\u00e7\u00f5es ancestrais africanas. \u00c0 diferen\u00e7a de outras artes marciais concebidas como meios de combate frontal em situa\u00e7\u00f5es de guerra, a capoeira \u00e9 uma arte dos subalternos, uma arte de combate furtiva, clandestina: uma guerra de guerrilhas. \u00c9 por isso que a manha, o engano, &nbsp;o jogo que esconde o ataque supressivo, o mist\u00e9rio, a magia, o poder do encantamento s\u00e3o a pr\u00f3pria ess\u00eancia da capoeira: a mandinga. Jogo, dan\u00e7a, m\u00fasica, acrobacia, luta e ancestralidade se misturam numa arte que vai muito al\u00e9m de uma simples t\u00e9cnica de combate, com um forte v\u00ednculo com as pr\u00e1ticas espirituais de matriz africana.<\/p>\n\n\n\n<p>Durante a Jornada, inaugurou-se a Rede de Capoeiristas da Teia dos Povos, considerada fundamental na autodefesa dos povos, que por sua vez \u00e9 uma das dimens\u00f5es essenciais da constru\u00e7\u00e3o da autonomia. Para celebrar a cria\u00e7\u00e3o da Rede de Capoeiristas, realizou-se uma grande roda de capoeira na qual participaram diversos mestres e mestras, mulheres, homens e crian\u00e7as.<\/p>\n\n\n\n<figure class=\"wp-block-gallery has-nested-images columns-default is-cropped wp-block-gallery-6 is-layout-flex wp-block-gallery-is-layout-flex\">\n<figure class=\"wp-block-image size-medium\"><a href=\"https:\/\/radiozapatista.org\/wp-content\/uploads\/2025\/02\/capoeira1.jpg\"><img loading=\"lazy\" decoding=\"async\" width=\"350\" height=\"233\" data-id=\"50073\" src=\"https:\/\/radiozapatista.org\/wp-content\/uploads\/2025\/02\/capoeira1-350x233.jpg\" alt=\"\" class=\"wp-image-50073\" srcset=\"https:\/\/radiozapatista.org\/wp-content\/uploads\/2025\/02\/capoeira1-350x233.jpg 350w, https:\/\/radiozapatista.org\/wp-content\/uploads\/2025\/02\/capoeira1-1024x683.jpg 1024w, https:\/\/radiozapatista.org\/wp-content\/uploads\/2025\/02\/capoeira1-768x512.jpg 768w, https:\/\/radiozapatista.org\/wp-content\/uploads\/2025\/02\/capoeira1-700x466.jpg 700w, https:\/\/radiozapatista.org\/wp-content\/uploads\/2025\/02\/capoeira1.jpg 1200w\" sizes=\"auto, (max-width: 350px) 100vw, 350px\" \/><\/a><\/figure>\n\n\n\n<figure class=\"wp-block-image size-medium\"><a href=\"https:\/\/radiozapatista.org\/wp-content\/uploads\/2025\/02\/capoeira8.jpg\"><img loading=\"lazy\" decoding=\"async\" width=\"350\" height=\"233\" data-id=\"50074\" src=\"https:\/\/radiozapatista.org\/wp-content\/uploads\/2025\/02\/capoeira8-350x233.jpg\" alt=\"\" class=\"wp-image-50074\" srcset=\"https:\/\/radiozapatista.org\/wp-content\/uploads\/2025\/02\/capoeira8-350x233.jpg 350w, https:\/\/radiozapatista.org\/wp-content\/uploads\/2025\/02\/capoeira8-1024x683.jpg 1024w, https:\/\/radiozapatista.org\/wp-content\/uploads\/2025\/02\/capoeira8-768x512.jpg 768w, https:\/\/radiozapatista.org\/wp-content\/uploads\/2025\/02\/capoeira8-700x466.jpg 700w, https:\/\/radiozapatista.org\/wp-content\/uploads\/2025\/02\/capoeira8.jpg 1200w\" sizes=\"auto, (max-width: 350px) 100vw, 350px\" \/><\/a><\/figure>\n\n\n\n<figure class=\"wp-block-image size-medium\"><a href=\"https:\/\/radiozapatista.org\/wp-content\/uploads\/2025\/02\/capoeira9.jpg\"><img loading=\"lazy\" decoding=\"async\" width=\"350\" height=\"233\" data-id=\"50075\" src=\"https:\/\/radiozapatista.org\/wp-content\/uploads\/2025\/02\/capoeira9-350x233.jpg\" alt=\"\" class=\"wp-image-50075\" srcset=\"https:\/\/radiozapatista.org\/wp-content\/uploads\/2025\/02\/capoeira9-350x233.jpg 350w, https:\/\/radiozapatista.org\/wp-content\/uploads\/2025\/02\/capoeira9-1024x683.jpg 1024w, https:\/\/radiozapatista.org\/wp-content\/uploads\/2025\/02\/capoeira9-768x512.jpg 768w, https:\/\/radiozapatista.org\/wp-content\/uploads\/2025\/02\/capoeira9-700x466.jpg 700w, https:\/\/radiozapatista.org\/wp-content\/uploads\/2025\/02\/capoeira9.jpg 1200w\" sizes=\"auto, (max-width: 350px) 100vw, 350px\" \/><\/a><\/figure>\n\n\n\n<figure class=\"wp-block-image size-medium\"><a href=\"https:\/\/radiozapatista.org\/wp-content\/uploads\/2025\/02\/capoeira10.jpg\"><img loading=\"lazy\" decoding=\"async\" width=\"350\" height=\"233\" data-id=\"50076\" src=\"https:\/\/radiozapatista.org\/wp-content\/uploads\/2025\/02\/capoeira10-350x233.jpg\" alt=\"\" class=\"wp-image-50076\" srcset=\"https:\/\/radiozapatista.org\/wp-content\/uploads\/2025\/02\/capoeira10-350x233.jpg 350w, https:\/\/radiozapatista.org\/wp-content\/uploads\/2025\/02\/capoeira10-1024x683.jpg 1024w, https:\/\/radiozapatista.org\/wp-content\/uploads\/2025\/02\/capoeira10-768x512.jpg 768w, https:\/\/radiozapatista.org\/wp-content\/uploads\/2025\/02\/capoeira10-700x466.jpg 700w, https:\/\/radiozapatista.org\/wp-content\/uploads\/2025\/02\/capoeira10.jpg 1200w\" sizes=\"auto, (max-width: 350px) 100vw, 350px\" \/><\/a><\/figure>\n\n\n\n<figure class=\"wp-block-image size-medium\"><a href=\"https:\/\/radiozapatista.org\/wp-content\/uploads\/2025\/02\/capoeira11.jpg\"><img loading=\"lazy\" decoding=\"async\" width=\"350\" height=\"233\" data-id=\"50077\" src=\"https:\/\/radiozapatista.org\/wp-content\/uploads\/2025\/02\/capoeira11-350x233.jpg\" alt=\"\" class=\"wp-image-50077\" srcset=\"https:\/\/radiozapatista.org\/wp-content\/uploads\/2025\/02\/capoeira11-350x233.jpg 350w, https:\/\/radiozapatista.org\/wp-content\/uploads\/2025\/02\/capoeira11-1024x683.jpg 1024w, https:\/\/radiozapatista.org\/wp-content\/uploads\/2025\/02\/capoeira11-768x512.jpg 768w, https:\/\/radiozapatista.org\/wp-content\/uploads\/2025\/02\/capoeira11-700x466.jpg 700w, https:\/\/radiozapatista.org\/wp-content\/uploads\/2025\/02\/capoeira11.jpg 1200w\" sizes=\"auto, (max-width: 350px) 100vw, 350px\" \/><\/a><\/figure>\n\n\n\n<figure class=\"wp-block-image size-medium\"><a href=\"https:\/\/radiozapatista.org\/wp-content\/uploads\/2025\/02\/capoeira12.jpg\"><img loading=\"lazy\" decoding=\"async\" width=\"350\" height=\"233\" data-id=\"50078\" src=\"https:\/\/radiozapatista.org\/wp-content\/uploads\/2025\/02\/capoeira12-350x233.jpg\" alt=\"\" class=\"wp-image-50078\" srcset=\"https:\/\/radiozapatista.org\/wp-content\/uploads\/2025\/02\/capoeira12-350x233.jpg 350w, https:\/\/radiozapatista.org\/wp-content\/uploads\/2025\/02\/capoeira12-1024x683.jpg 1024w, https:\/\/radiozapatista.org\/wp-content\/uploads\/2025\/02\/capoeira12-768x512.jpg 768w, https:\/\/radiozapatista.org\/wp-content\/uploads\/2025\/02\/capoeira12-700x466.jpg 700w, https:\/\/radiozapatista.org\/wp-content\/uploads\/2025\/02\/capoeira12.jpg 1200w\" sizes=\"auto, (max-width: 350px) 100vw, 350px\" \/><\/a><\/figure>\n<\/figure>\n\n\n\n<h3 class=\"wp-block-heading\">Sem dan\u00e7a n\u00e3o h\u00e1 revolu\u00e7\u00e3o<\/h3>\n\n\n\n<p>Sem dan\u00e7a n\u00e3o h\u00e1 revolu\u00e7\u00e3o, dizem que dizem. Nada mais verdadeiro nesta VIII Jornada, em que a dan\u00e7a, a m\u00fasica e a celebra\u00e7\u00e3o da vida foram onipresentes. Perante a espolia\u00e7\u00e3o, a dignidade; perante a viol\u00eancia, o respeito e a alegria; perante a competi\u00e7\u00e3o e o lucro, a solidariedade e o comum; perante a morte, a vida; perante a dor, a dan\u00e7a. Em todo lugar, em todo momento, grandes ou pequenas rodas de m\u00fasica e dan\u00e7a, celebra\u00e7\u00e3o e vida, surgiam, planejadas ou espont\u00e2neas.<\/p>\n\n\n\n<p>Um dos momentos mais alegres foi o samba de roda Quixabeira da Matinha, composto por agricultoras e agricultores da comunidade quilombola Matinha dos Pretos, com 35 de luta e resist\u00eancia, com m\u00fasicos autodidatas que receberam o conhecimento dos mais velhos e por sua vez o transmitem aos mais jovens.<\/p>\n\n\n\n<p>Tamb\u00e9m esteve presente Bule-Bule, m\u00fasico, repentista, escritor e poeta, refer\u00eancia das tradi\u00e7\u00f5es musicais nordestinas e companheiro da Teia dos Povos. Com a gente tamb\u00e9m esteve o compositor, cantor e m\u00fasico Mateus Aleluia, origin\u00e1rio de Cachoeira, guardi\u00e3o de saberes ancestrais do povo negro e um dos mais importantes compositores da m\u00fasica popular brasileira.<\/p>\n\n\n\n<figure class=\"wp-block-gallery has-nested-images columns-default is-cropped wp-block-gallery-7 is-layout-flex wp-block-gallery-is-layout-flex\">\n<figure class=\"wp-block-image size-medium\"><a href=\"https:\/\/radiozapatista.org\/wp-content\/uploads\/2025\/02\/samba7.jpg\"><img loading=\"lazy\" decoding=\"async\" width=\"350\" height=\"233\" data-id=\"50081\" src=\"https:\/\/radiozapatista.org\/wp-content\/uploads\/2025\/02\/samba7-350x233.jpg\" alt=\"\" class=\"wp-image-50081\" srcset=\"https:\/\/radiozapatista.org\/wp-content\/uploads\/2025\/02\/samba7-350x233.jpg 350w, https:\/\/radiozapatista.org\/wp-content\/uploads\/2025\/02\/samba7-1024x683.jpg 1024w, https:\/\/radiozapatista.org\/wp-content\/uploads\/2025\/02\/samba7-768x512.jpg 768w, https:\/\/radiozapatista.org\/wp-content\/uploads\/2025\/02\/samba7-700x466.jpg 700w, https:\/\/radiozapatista.org\/wp-content\/uploads\/2025\/02\/samba7.jpg 1200w\" sizes=\"auto, (max-width: 350px) 100vw, 350px\" \/><\/a><\/figure>\n\n\n\n<figure class=\"wp-block-image size-medium\"><a href=\"https:\/\/radiozapatista.org\/wp-content\/uploads\/2025\/02\/samba8.jpg\"><img loading=\"lazy\" decoding=\"async\" width=\"350\" height=\"233\" data-id=\"50080\" src=\"https:\/\/radiozapatista.org\/wp-content\/uploads\/2025\/02\/samba8-350x233.jpg\" alt=\"\" class=\"wp-image-50080\" srcset=\"https:\/\/radiozapatista.org\/wp-content\/uploads\/2025\/02\/samba8-350x233.jpg 350w, https:\/\/radiozapatista.org\/wp-content\/uploads\/2025\/02\/samba8-1024x683.jpg 1024w, https:\/\/radiozapatista.org\/wp-content\/uploads\/2025\/02\/samba8-768x512.jpg 768w, https:\/\/radiozapatista.org\/wp-content\/uploads\/2025\/02\/samba8-700x466.jpg 700w, https:\/\/radiozapatista.org\/wp-content\/uploads\/2025\/02\/samba8.jpg 1200w\" sizes=\"auto, (max-width: 350px) 100vw, 350px\" \/><\/a><\/figure>\n\n\n\n<figure class=\"wp-block-image size-medium\"><a href=\"https:\/\/radiozapatista.org\/wp-content\/uploads\/2025\/02\/samba.jpg\"><img loading=\"lazy\" decoding=\"async\" width=\"350\" height=\"233\" data-id=\"50084\" src=\"https:\/\/radiozapatista.org\/wp-content\/uploads\/2025\/02\/samba-350x233.jpg\" alt=\"\" class=\"wp-image-50084\" srcset=\"https:\/\/radiozapatista.org\/wp-content\/uploads\/2025\/02\/samba-350x233.jpg 350w, https:\/\/radiozapatista.org\/wp-content\/uploads\/2025\/02\/samba-1024x683.jpg 1024w, https:\/\/radiozapatista.org\/wp-content\/uploads\/2025\/02\/samba-768x512.jpg 768w, https:\/\/radiozapatista.org\/wp-content\/uploads\/2025\/02\/samba-700x466.jpg 700w, https:\/\/radiozapatista.org\/wp-content\/uploads\/2025\/02\/samba.jpg 1200w\" sizes=\"auto, (max-width: 350px) 100vw, 350px\" \/><\/a><\/figure>\n\n\n\n<figure class=\"wp-block-image size-medium\"><a href=\"https:\/\/radiozapatista.org\/wp-content\/uploads\/2025\/02\/samba1.jpg\"><img loading=\"lazy\" decoding=\"async\" width=\"350\" height=\"234\" data-id=\"50082\" src=\"https:\/\/radiozapatista.org\/wp-content\/uploads\/2025\/02\/samba1-350x234.jpg\" alt=\"\" class=\"wp-image-50082\" srcset=\"https:\/\/radiozapatista.org\/wp-content\/uploads\/2025\/02\/samba1-350x234.jpg 350w, https:\/\/radiozapatista.org\/wp-content\/uploads\/2025\/02\/samba1-1024x684.jpg 1024w, https:\/\/radiozapatista.org\/wp-content\/uploads\/2025\/02\/samba1-768x513.jpg 768w, https:\/\/radiozapatista.org\/wp-content\/uploads\/2025\/02\/samba1-700x466.jpg 700w, https:\/\/radiozapatista.org\/wp-content\/uploads\/2025\/02\/samba1.jpg 1200w\" sizes=\"auto, (max-width: 350px) 100vw, 350px\" \/><\/a><\/figure>\n\n\n\n<figure class=\"wp-block-image size-medium\"><a href=\"https:\/\/radiozapatista.org\/wp-content\/uploads\/2025\/02\/samba2.jpg\"><img loading=\"lazy\" decoding=\"async\" width=\"350\" height=\"233\" data-id=\"50083\" src=\"https:\/\/radiozapatista.org\/wp-content\/uploads\/2025\/02\/samba2-350x233.jpg\" alt=\"\" class=\"wp-image-50083\" srcset=\"https:\/\/radiozapatista.org\/wp-content\/uploads\/2025\/02\/samba2-350x233.jpg 350w, https:\/\/radiozapatista.org\/wp-content\/uploads\/2025\/02\/samba2-1024x683.jpg 1024w, https:\/\/radiozapatista.org\/wp-content\/uploads\/2025\/02\/samba2-768x512.jpg 768w, https:\/\/radiozapatista.org\/wp-content\/uploads\/2025\/02\/samba2-700x466.jpg 700w, https:\/\/radiozapatista.org\/wp-content\/uploads\/2025\/02\/samba2.jpg 1200w\" sizes=\"auto, (max-width: 350px) 100vw, 350px\" \/><\/a><\/figure>\n\n\n\n<figure class=\"wp-block-image size-medium\"><a href=\"https:\/\/radiozapatista.org\/wp-content\/uploads\/2025\/02\/samba4.jpg\"><img loading=\"lazy\" decoding=\"async\" width=\"350\" height=\"233\" data-id=\"50085\" src=\"https:\/\/radiozapatista.org\/wp-content\/uploads\/2025\/02\/samba4-350x233.jpg\" alt=\"\" class=\"wp-image-50085\" srcset=\"https:\/\/radiozapatista.org\/wp-content\/uploads\/2025\/02\/samba4-350x233.jpg 350w, https:\/\/radiozapatista.org\/wp-content\/uploads\/2025\/02\/samba4-1024x683.jpg 1024w, https:\/\/radiozapatista.org\/wp-content\/uploads\/2025\/02\/samba4-768x512.jpg 768w, https:\/\/radiozapatista.org\/wp-content\/uploads\/2025\/02\/samba4-700x466.jpg 700w, https:\/\/radiozapatista.org\/wp-content\/uploads\/2025\/02\/samba4.jpg 1200w\" sizes=\"auto, (max-width: 350px) 100vw, 350px\" \/><\/a><\/figure>\n<\/figure>\n\n\n\n<h3 class=\"wp-block-heading\">Soberania aliment\u00e1ria e a arte de compartilhar<\/h3>\n\n\n\n<p>Um dos principais eixos da Teia dos Povos \u00e9 a soberania alimentar, assim como a cultura da comparti\u00e7\u00e3o, da coletividade e da solidariedade. As muitas caravanas organizadas de uma grande diversidade de geografias do Brasil montaram refeit\u00f3rios comunit\u00e1rios aut\u00f4nomos com alimentos cultivados nos territ\u00f3rios, oferecendo caf\u00e9 da manh\u00e3, almo\u00e7o e janta para os milhares de pessoas presentes na Jornada. Comer em coletivo, compartilhar hist\u00f3rias, agradecer as muitas m\u00e3os e cora\u00e7\u00f5es que possibilitaram essa abund\u00e2ncia generosa e solid\u00e1ria virou, assim, um ato pol\u00edtico de constru\u00e7\u00e3o de outra forma de viver e de nos relacionarmos, em um mundo regido pela l\u00f3gica do lucro a qualquer custo.<\/p>\n\n\n\n<figure class=\"wp-block-gallery has-nested-images columns-default is-cropped wp-block-gallery-8 is-layout-flex wp-block-gallery-is-layout-flex\">\n<figure class=\"wp-block-image size-medium\"><a href=\"https:\/\/radiozapatista.org\/wp-content\/uploads\/2025\/02\/476853003_18267633184271681_3249639748419904109_n.jpg\"><img loading=\"lazy\" decoding=\"async\" width=\"350\" height=\"233\" data-id=\"50093\" src=\"https:\/\/radiozapatista.org\/wp-content\/uploads\/2025\/02\/476853003_18267633184271681_3249639748419904109_n-350x233.jpg\" alt=\"\" class=\"wp-image-50093\" srcset=\"https:\/\/radiozapatista.org\/wp-content\/uploads\/2025\/02\/476853003_18267633184271681_3249639748419904109_n-350x233.jpg 350w, https:\/\/radiozapatista.org\/wp-content\/uploads\/2025\/02\/476853003_18267633184271681_3249639748419904109_n-1024x683.jpg 1024w, https:\/\/radiozapatista.org\/wp-content\/uploads\/2025\/02\/476853003_18267633184271681_3249639748419904109_n-768x512.jpg 768w, https:\/\/radiozapatista.org\/wp-content\/uploads\/2025\/02\/476853003_18267633184271681_3249639748419904109_n-700x466.jpg 700w, https:\/\/radiozapatista.org\/wp-content\/uploads\/2025\/02\/476853003_18267633184271681_3249639748419904109_n.jpg 1200w\" sizes=\"auto, (max-width: 350px) 100vw, 350px\" \/><\/a><\/figure>\n\n\n\n<figure class=\"wp-block-image size-medium\"><img loading=\"lazy\" decoding=\"async\" width=\"350\" height=\"233\" data-id=\"50094\" src=\"https:\/\/radiozapatista.org\/wp-content\/uploads\/2025\/02\/477043489_18267633295271681_7123269630366960993_n-350x233.jpg\" alt=\"\" class=\"wp-image-50094\" srcset=\"https:\/\/radiozapatista.org\/wp-content\/uploads\/2025\/02\/477043489_18267633295271681_7123269630366960993_n-350x233.jpg 350w, https:\/\/radiozapatista.org\/wp-content\/uploads\/2025\/02\/477043489_18267633295271681_7123269630366960993_n-1024x683.jpg 1024w, https:\/\/radiozapatista.org\/wp-content\/uploads\/2025\/02\/477043489_18267633295271681_7123269630366960993_n-768x512.jpg 768w, https:\/\/radiozapatista.org\/wp-content\/uploads\/2025\/02\/477043489_18267633295271681_7123269630366960993_n-700x466.jpg 700w, https:\/\/radiozapatista.org\/wp-content\/uploads\/2025\/02\/477043489_18267633295271681_7123269630366960993_n.jpg 1200w\" sizes=\"auto, (max-width: 350px) 100vw, 350px\" \/><\/figure>\n\n\n\n<figure class=\"wp-block-image size-medium\"><img loading=\"lazy\" decoding=\"async\" width=\"350\" height=\"233\" data-id=\"50095\" src=\"https:\/\/radiozapatista.org\/wp-content\/uploads\/2025\/02\/476840931_18267633238271681_7976223039693550744_n-350x233.jpg\" alt=\"\" class=\"wp-image-50095\" srcset=\"https:\/\/radiozapatista.org\/wp-content\/uploads\/2025\/02\/476840931_18267633238271681_7976223039693550744_n-350x233.jpg 350w, https:\/\/radiozapatista.org\/wp-content\/uploads\/2025\/02\/476840931_18267633238271681_7976223039693550744_n-1024x683.jpg 1024w, https:\/\/radiozapatista.org\/wp-content\/uploads\/2025\/02\/476840931_18267633238271681_7976223039693550744_n-768x512.jpg 768w, https:\/\/radiozapatista.org\/wp-content\/uploads\/2025\/02\/476840931_18267633238271681_7976223039693550744_n-700x466.jpg 700w, https:\/\/radiozapatista.org\/wp-content\/uploads\/2025\/02\/476840931_18267633238271681_7976223039693550744_n.jpg 1200w\" sizes=\"auto, (max-width: 350px) 100vw, 350px\" \/><\/figure>\n<\/figure>\n\n\n\n<p>Ao longo de todo o evento, houve tamb\u00e9m uma Feira Agroecol\u00f3gica dos Povos, com membros de diversas comunidades, assentamentos, quilombos e aldeias da Teia dos Povos vendendo artesanato, alimentos e todo tipo de produtos produzidos pelos povos organizados.<\/p>\n\n\n\n<figure class=\"wp-block-gallery has-nested-images columns-default is-cropped wp-block-gallery-9 is-layout-flex wp-block-gallery-is-layout-flex\">\n<figure class=\"wp-block-image size-medium\"><a href=\"https:\/\/radiozapatista.org\/wp-content\/uploads\/2025\/02\/feira2.jpg\"><img loading=\"lazy\" decoding=\"async\" width=\"350\" height=\"233\" data-id=\"50097\" src=\"https:\/\/radiozapatista.org\/wp-content\/uploads\/2025\/02\/feira2-350x233.jpg\" alt=\"\" class=\"wp-image-50097\" srcset=\"https:\/\/radiozapatista.org\/wp-content\/uploads\/2025\/02\/feira2-350x233.jpg 350w, https:\/\/radiozapatista.org\/wp-content\/uploads\/2025\/02\/feira2-1024x683.jpg 1024w, https:\/\/radiozapatista.org\/wp-content\/uploads\/2025\/02\/feira2-768x512.jpg 768w, https:\/\/radiozapatista.org\/wp-content\/uploads\/2025\/02\/feira2-700x466.jpg 700w, https:\/\/radiozapatista.org\/wp-content\/uploads\/2025\/02\/feira2.jpg 1200w\" sizes=\"auto, (max-width: 350px) 100vw, 350px\" \/><\/a><\/figure>\n\n\n\n<figure class=\"wp-block-image size-medium\"><img loading=\"lazy\" decoding=\"async\" width=\"350\" height=\"233\" data-id=\"50098\" src=\"https:\/\/radiozapatista.org\/wp-content\/uploads\/2025\/02\/feira7-350x233.jpg\" alt=\"\" class=\"wp-image-50098\" srcset=\"https:\/\/radiozapatista.org\/wp-content\/uploads\/2025\/02\/feira7-350x233.jpg 350w, https:\/\/radiozapatista.org\/wp-content\/uploads\/2025\/02\/feira7-1024x683.jpg 1024w, https:\/\/radiozapatista.org\/wp-content\/uploads\/2025\/02\/feira7-768x512.jpg 768w, https:\/\/radiozapatista.org\/wp-content\/uploads\/2025\/02\/feira7-700x466.jpg 700w, https:\/\/radiozapatista.org\/wp-content\/uploads\/2025\/02\/feira7.jpg 1200w\" sizes=\"auto, (max-width: 350px) 100vw, 350px\" \/><\/figure>\n\n\n\n<figure class=\"wp-block-image size-medium\"><img loading=\"lazy\" decoding=\"async\" width=\"350\" height=\"233\" data-id=\"50099\" src=\"https:\/\/radiozapatista.org\/wp-content\/uploads\/2025\/02\/feira14-350x233.jpg\" alt=\"\" class=\"wp-image-50099\" srcset=\"https:\/\/radiozapatista.org\/wp-content\/uploads\/2025\/02\/feira14-350x233.jpg 350w, https:\/\/radiozapatista.org\/wp-content\/uploads\/2025\/02\/feira14-1024x683.jpg 1024w, https:\/\/radiozapatista.org\/wp-content\/uploads\/2025\/02\/feira14-768x512.jpg 768w, https:\/\/radiozapatista.org\/wp-content\/uploads\/2025\/02\/feira14-700x466.jpg 700w, https:\/\/radiozapatista.org\/wp-content\/uploads\/2025\/02\/feira14.jpg 1200w\" sizes=\"auto, (max-width: 350px) 100vw, 350px\" \/><\/figure>\n<\/figure>\n\n\n\n<h3 class=\"wp-block-heading\">Literatura e poesia<\/h3>\n\n\n\n<p>Evidentemente, n\u00e3o poderia faltar uma feira liter\u00e1ria, onde se lan\u00e7aram livros publicados pela Editora da Teia dos Povos e outras editoras companheiras e independentes, como a Glac Edi\u00e7\u00f5es, al\u00e9m de debates, leituras e um sarau po\u00e9tico no qual, entre muitas e muitos outros poetas, se apresentou o companheiro Nelson Maca (leia\/escute a <a href=\"https:\/\/radiozapatista.org\/?p=18575\">entrevista com R\u00e1dio Zapatista<\/a> em agosto de 2016).<\/p>\n\n\n\n<figure class=\"wp-block-embed is-type-video is-provider-youtube wp-block-embed-youtube wp-embed-aspect-16-9 wp-has-aspect-ratio\"><div class=\"wp-block-embed__wrapper\">\n<iframe loading=\"lazy\" title=\"Poeta Nelson Maca en la VIII Jornada de Agroecologia de la Teia dos Povos en Bah\u00eda.\" width=\"500\" height=\"281\" src=\"https:\/\/www.youtube.com\/embed\/XOalYokNsV4?feature=oembed\" frameborder=\"0\" allow=\"accelerometer; autoplay; clipboard-write; encrypted-media; gyroscope; picture-in-picture; web-share\" referrerpolicy=\"strict-origin-when-cross-origin\" allowfullscreen><\/iframe>\n<\/div><\/figure>\n\n\n\n<h3 class=\"wp-block-heading\">Zapatismo, Autonomia e a Teia dos Povos<\/h3>\n\n\n\n<p>Um dos eventos nesta VIII Jornada de Agroecologia da Bahia foi o <a href=\"https:\/\/youtu.be\/qACPtIjzbWw?si=2lXsJyZzIVSBx_HZ\">lan\u00e7amento<\/a> do livro <em><a href=\"https:\/\/www.glacedicoes.com\/product-page\/sonhando-a-terra-do-bem-vir%C3%A1-teia-dos-povos\" target=\"_blank\" rel=\"noreferrer noopener\">Sonhando a Terra do Bem Vir\u00e1: Zapatismo, Autonomia e a Teia dos Povos<\/a><\/em>, uma colabora\u00e7\u00e3o entre R\u00e1dio Zapatista, a Teia dos Povos e a editora independente Glac Edi\u00e7\u00f5es.<\/p>\n\n\n\n<p>A proposta pol\u00edtica da Teia dos Povos \u00e9, em muitos sentidos, semelhante \u00e0 constru\u00e7\u00e3o zapatista e, sobretudo, \u00e0 proposta da Sexta Declara\u00e7\u00e3o da Selva Lacandona: a cria\u00e7\u00e3o, fortalecimento e multiplica\u00e7\u00e3o de autonomias locais, cada uma de acordo \u00e0s suas formas, e sua vincula\u00e7\u00e3o em rede, com o fim de criar um sujeito pol\u00edtico global capaz de enfrentar o sistema de morte que vivemos. As resson\u00e2ncias, portanto, entre a constru\u00e7\u00e3o da Teia dos Povos e o zapatismo s\u00e3o mais que evidentes. Em 2021, a editora da Teia dos Povos publicou o magn\u00edfico livro <em><a href=\"https:\/\/teiadospovos.org\/por-terra-e-territorio-caminhos-da-revolucao-dos-povos-no-brasil\/\">Por Terra e Territ\u00f3rio<\/a><\/em>, de Joelson Ferreira e Erahsto Fel\u00edcio, que examina as diferentes \u00e1reas da autonomia concebidas pela Teia dos Povos e os desafios por constru\u00ed-las nos seus territ\u00f3rios.<\/p>\n\n\n\n<p>Agora, no livro <em>Sonhando a Terra do Bem Vir\u00e1<\/em>, com pref\u00e1cio de Joelson Ferreira, um dos idealizadores e impulsores da Teia dos Povos, Alejandro Reyes discute as diferentes \u00e1reas da autonomia zapatista, suas origens, seu processo de constru\u00e7\u00e3o, seu funcionamento e os muitos desafios que ainda enfrentam, al\u00e9m de um breve percorrido hist\u00f3rico desde a funda\u00e7\u00e3o do EZLN em 1983 at\u00e9 as mais recentes mudan\u00e7as nas estruturas do governo aut\u00f4nomo e a iniciativa do comum.<\/p>\n\n\n\n<figure class=\"wp-block-gallery has-nested-images columns-default is-cropped wp-block-gallery-10 is-layout-flex wp-block-gallery-is-layout-flex\">\n<figure class=\"wp-block-image size-large\"><img loading=\"lazy\" decoding=\"async\" width=\"1024\" height=\"683\" data-id=\"50103\" src=\"https:\/\/radiozapatista.org\/wp-content\/uploads\/2025\/02\/lit1-1024x683.jpg\" alt=\"\" class=\"wp-image-50103\" srcset=\"https:\/\/radiozapatista.org\/wp-content\/uploads\/2025\/02\/lit1-1024x683.jpg 1024w, https:\/\/radiozapatista.org\/wp-content\/uploads\/2025\/02\/lit1-350x233.jpg 350w, https:\/\/radiozapatista.org\/wp-content\/uploads\/2025\/02\/lit1-768x512.jpg 768w, https:\/\/radiozapatista.org\/wp-content\/uploads\/2025\/02\/lit1-700x466.jpg 700w, https:\/\/radiozapatista.org\/wp-content\/uploads\/2025\/02\/lit1.jpg 1200w\" sizes=\"auto, (max-width: 1024px) 100vw, 1024px\" \/><\/figure>\n\n\n\n<figure class=\"wp-block-image size-large\"><img loading=\"lazy\" decoding=\"async\" width=\"1024\" height=\"683\" data-id=\"50101\" src=\"https:\/\/radiozapatista.org\/wp-content\/uploads\/2025\/02\/lit6-1024x683.jpg\" alt=\"\" class=\"wp-image-50101\" srcset=\"https:\/\/radiozapatista.org\/wp-content\/uploads\/2025\/02\/lit6-1024x683.jpg 1024w, https:\/\/radiozapatista.org\/wp-content\/uploads\/2025\/02\/lit6-350x233.jpg 350w, https:\/\/radiozapatista.org\/wp-content\/uploads\/2025\/02\/lit6-768x512.jpg 768w, https:\/\/radiozapatista.org\/wp-content\/uploads\/2025\/02\/lit6-700x466.jpg 700w, https:\/\/radiozapatista.org\/wp-content\/uploads\/2025\/02\/lit6.jpg 1200w\" sizes=\"auto, (max-width: 1024px) 100vw, 1024px\" \/><\/figure>\n\n\n\n<figure class=\"wp-block-image size-large\"><img loading=\"lazy\" decoding=\"async\" width=\"1024\" height=\"683\" data-id=\"50102\" src=\"https:\/\/radiozapatista.org\/wp-content\/uploads\/2025\/02\/lit8-1024x683.jpg\" alt=\"\" class=\"wp-image-50102\" srcset=\"https:\/\/radiozapatista.org\/wp-content\/uploads\/2025\/02\/lit8-1024x683.jpg 1024w, https:\/\/radiozapatista.org\/wp-content\/uploads\/2025\/02\/lit8-350x233.jpg 350w, https:\/\/radiozapatista.org\/wp-content\/uploads\/2025\/02\/lit8-768x512.jpg 768w, https:\/\/radiozapatista.org\/wp-content\/uploads\/2025\/02\/lit8-700x466.jpg 700w, https:\/\/radiozapatista.org\/wp-content\/uploads\/2025\/02\/lit8.jpg 1200w\" sizes=\"auto, (max-width: 1024px) 100vw, 1024px\" \/><\/figure>\n<\/figure>\n\n\n\n<p>&nbsp;<\/p>\n\n\n\n<p>Leia aqui a <strong><a href=\"https:\/\/teiadospovos.org\/carta-da-viii-jornada-de-agroecologia-da-bahia\/\">Carta da VIII Jornada de Agroecologia da Bahia<\/a><\/strong>.<\/p>\n\n\n\n<p><\/p>\n","protected":false},"excerpt":{"rendered":"<p>Texto: Radio Zapatista | Fotos: Teia dos Povos | V\u00eddeos: Teia dos Povos e Radio Zapatista Enquanto no planeta o \u00f3dio, a intoler\u00e2ncia e a imposi\u00e7\u00e3o do mundo \u00fanico se propagam como v\u00edrus, no Brasil milhares de pessoas se re\u00fanem na VIII Jornada de Agroecologia da Bahia, organizada pela Teia dos Povos, uma grande alian\u00e7a [&hellip;]<\/p>\n","protected":false},"author":1,"featured_media":50051,"comment_status":"open","ping_status":"closed","sticky":false,"template":"","format":"standard","meta":{"footnotes":""},"categories":[957,1284,961,960,183,190],"tags":[246,79,42,171,148,1401,483],"class_list":["post-50142","post","type-post","status-publish","format-standard","has-post-thumbnail","hentry","category-autonomia","category-latinoamerica","category-mujeres","category-ninxs","category-blog","category-radiozapatista","tag-agroecologia","tag-autonomia","tag-brasil","tag-medio-ambiente","tag-resistencia","tag-teia-dos-povos","tag-tierra-y-territorio"],"_links":{"self":[{"href":"https:\/\/radiozapatista.org\/index.php?rest_route=\/wp\/v2\/posts\/50142","targetHints":{"allow":["GET"]}}],"collection":[{"href":"https:\/\/radiozapatista.org\/index.php?rest_route=\/wp\/v2\/posts"}],"about":[{"href":"https:\/\/radiozapatista.org\/index.php?rest_route=\/wp\/v2\/types\/post"}],"author":[{"embeddable":true,"href":"https:\/\/radiozapatista.org\/index.php?rest_route=\/wp\/v2\/users\/1"}],"replies":[{"embeddable":true,"href":"https:\/\/radiozapatista.org\/index.php?rest_route=%2Fwp%2Fv2%2Fcomments&post=50142"}],"version-history":[{"count":10,"href":"https:\/\/radiozapatista.org\/index.php?rest_route=\/wp\/v2\/posts\/50142\/revisions"}],"predecessor-version":[{"id":50152,"href":"https:\/\/radiozapatista.org\/index.php?rest_route=\/wp\/v2\/posts\/50142\/revisions\/50152"}],"wp:featuredmedia":[{"embeddable":true,"href":"https:\/\/radiozapatista.org\/index.php?rest_route=\/wp\/v2\/media\/50051"}],"wp:attachment":[{"href":"https:\/\/radiozapatista.org\/index.php?rest_route=%2Fwp%2Fv2%2Fmedia&parent=50142"}],"wp:term":[{"taxonomy":"category","embeddable":true,"href":"https:\/\/radiozapatista.org\/index.php?rest_route=%2Fwp%2Fv2%2Fcategories&post=50142"},{"taxonomy":"post_tag","embeddable":true,"href":"https:\/\/radiozapatista.org\/index.php?rest_route=%2Fwp%2Fv2%2Ftags&post=50142"}],"curies":[{"name":"wp","href":"https:\/\/api.w.org\/{rel}","templated":true}]}}