{"id":49965,"date":"2025-01-29T20:16:40","date_gmt":"2025-01-30T02:16:40","guid":{"rendered":"https:\/\/radiozapatista.org\/?p=49965"},"modified":"2025-01-29T20:16:42","modified_gmt":"2025-01-30T02:16:42","slug":"grupos-armados-mantienen-bajo-asedio-recuperaciones-campesinas-en-el-bajo-aguan","status":"publish","type":"post","link":"https:\/\/radiozapatista.org\/?p=49965","title":{"rendered":"Grupos armados mantienen bajo asedio recuperaciones campesinas en el Bajo Agu\u00e1n"},"content":{"rendered":"\n<p>Fuente: <a href=\"https:\/\/avispa.org\/grupos-armados-mantienen-bajo-asedio-recuperaciones-campesinas-en-el-bajo-aguan\/\">Avispa Midia<\/a><\/p>\n\n\n\n<p>Por Aldo Santiago<\/p>\n\n\n\n<p><em><sup>En portada: Familias campesinas de la Cooperativa Tranv\u00edo fueron desplazadas violentamente por grupos criminales vinculados a la agroindustria.<\/sup><\/em><\/p>\n\n\n\n<p>Desde el pasado lunes (27) arrecia la violencia contra el movimiento campesino del Bajo Agu\u00e1n, al norte de Honduras, departamento de Col\u00f3n. Hombres equipados con armas de grueso calibre,&nbsp;<a href=\"https:\/\/avispa.org\/bajo-aguan-recrudecen-ataques-de-grupos-armados-ligados-a-industria-de-palma-aceitera\/\">vinculados al grupo criminal \u201cLos Cachos\u201d<\/a>, han emprendido una serie de ataques contra las recuperaciones de tierras que mantienen las cooperativas de Tranv\u00edo, Camarones y El Chile, ubicadas en la comunidad Quebrada de Arena, a escasos kil\u00f3metros de la ciudad de Tocoa.<\/p>\n\n\n\n<p>A pesar de la presencia de elementos de fuerzas de seguridad hondure\u00f1os, el movimiento campesino sostiene que \u00e9stos no accionan para frenar los intentos de desalojos violentos por parte de los criminales. \u201cHemos denunciado el riesgo que corren ante la secretaria de Seguridad, la Polic\u00eda Nacional, el Ministerio P\u00fablico y la secretaria de Derechos Humanos de forma constante, sin embargo, no hay respuesta contundente\u201d, denunciaron este lunes (27) a trav\u00e9s de comunicado de la Plataforma Agraria del Agu\u00e1n.<\/p>\n\n\n\n<figure class=\"wp-block-image\"><a href=\"https:\/\/avispa.org\/wp-content\/uploads\/2025\/01\/27-enero-campesino-herido-Aguan-3.jpg\"><img decoding=\"async\" src=\"https:\/\/avispa.org\/wp-content\/uploads\/2025\/01\/27-enero-campesino-herido-Aguan-3-768x1024.jpg\" alt=\"\" class=\"wp-image-118953\"\/><\/a><figcaption class=\"wp-element-caption\"><em><sup>Campesinos heridos durante el ataque del grupo armado &#8220;Los Cachos&#8221;.<\/sup><\/em><\/figcaption><\/figure>\n\n\n\n<p>Tras el ataque armado del lunes (27), que dur\u00f3 al menos 12 horas y dej\u00f3 un saldo de 150 familias desplazadas de la Cooperativa Tranv\u00edo, adem\u00e1s de heridos, la ma\u00f1ana de este mi\u00e9rcoles (29) se reporta un nuevo ataque. \u00c9sta vez contra familias campesinas de la Cooperativa El Chile. Acorde al periodista Jared Olson, durante la agresi\u00f3n de esta ma\u00f1ana se registra, al menos, un herido.<video controls=\"controls\" src=\"https:\/\/avispa.org\/wp-content\/uploads\/2025\/01\/2025-01-29_jolson321_1884645616636084393_Kxnw3cqqm27zRI83.mp4\"><\/video><em><sup>Registro de los ataques contra campesinos de la Cooperativa El Chile durante la ma\u00f1ana del mi\u00e9rcoles 29 de enero, 2025.<\/sup><\/em><\/p>\n\n\n\n<p>La cooperativa El Chile, colindante con las cooperativas Tranv\u00edo y Camarones, alberga a 246 familias campesinas, quienes desde hace dos a\u00f1os recuperaron 486 hect\u00e1reas de tierra de manos de la Corporaci\u00f3n Dinant, empresa productora de palma aceitera, para dar espacio a la siembra de alimentos. La Plataforma y la Coordinadora de Organizaciones Populares del Agu\u00e1n (COPA) denuncian que los grupos criminales que atacan al movimiento campesino act\u00faan al servicio de la agroindustrial Dinant.<\/p>\n\n\n\n<p><a href=\"https:\/\/avispa.org\/en-honduras-campesinos-recuperan-tierras-de-industria-de-palma-aceitera\/\" target=\"_blank\" rel=\"noreferrer noopener\">Te puede interesar &#8211; En Honduras, campesinos recuperan tierras de industria de palma aceitera<\/a><\/p>\n\n\n\n<p>Acorde a la Plataforma, durante el ataque del lunes (27), campesinos socios de la Cooperativa Tranv\u00edo observaron a un veh\u00edculo perteneciente a Dinant transportando a hombres armados cerca de las tierras de la Cooperativa Camarones. Cabe destacar que el grupo \u201cLos Cachos\u201d es el mismo se\u00f1alado por haber desalojado violentamente a familias campesinas de la Cooperativa Camarones el pasado 24 de diciembre del 2024. \u201cDesde este momento el grupo armado mantiene control de la cooperativa\u201d, se\u00f1ala la Plataforma mediante comunicado tras los ataques.<\/p>\n\n\n\n<p>Por lo menos desde hace dos a\u00f1os, la Plataforma Agraria y COPA han denunciado que la corporaci\u00f3n Dinant contrat\u00f3 al grupo criminal \u201cLos Cachos\u201d para atacar a l\u00edderes campesinos y miembros de las cooperativas. Ahora, incluso se\u00f1alan la participaci\u00f3n de ex miembros de Fuerzas Especiales del Ej\u00e9rcito colombiano por su colusi\u00f3n con la empresa agroindustrial para perseguir a los l\u00edderes campesinos.<\/p>\n\n\n\n<p><a href=\"https:\/\/avispa.org\/honduras-asesinan-a-joven-campesino-en-bajo-aguan-durante-recuperacion-de-tierras\/\" target=\"_blank\" rel=\"noreferrer noopener\">Te puede interesar \u2013 Honduras: Asesinan a joven campesino en Bajo Agu\u00e1n durante recuperaci\u00f3n de tierras<\/a><\/p>\n\n\n\n<p>Al cierre de esta edici\u00f3n, medios locales informan que, mientras las autoridades policiales se encuentran en la comunidad de Quebrada de Arena, contin\u00faan los ataques contra la Cooperativa El Chile donde se registra la quema de casas de campesinos.<\/p>\n\n\n\n<h3 class=\"wp-block-heading\" id=\"h-advertencias-ignoradas\"><strong>Advertencias, ignoradas<\/strong><\/h3>\n\n\n\n<p>Testimonios de la Plataforma Agraria aseguran que, desde la noche del domingo (26), denunciaron a la Polic\u00eda Nacional que el ataque a las cooperativas campesinas era inminente. Esto, debido a que observaron la movilizaci\u00f3n de personas mediante transportes acu\u00e1ticos a trav\u00e9s del r\u00edo Agu\u00e1n, adem\u00e1s de percatarse del tr\u00e1nsito de veh\u00edculos sin placas y hombres armados frente a la casa del l\u00edder del grupo \u201cLos Cachos\u201d, Juan Carlos Lizama, en la comunidad de Quebrada de Arena.<\/p>\n\n\n\n<p>Acorde a reportes de&nbsp;<em>Redacci\u00f3n Regional<\/em>, desde las 6 de la ma\u00f1ana del lunes (27), periodistas del medio atestiguaron disparos de r\u00e1fagas con armas de alto calibre, adem\u00e1s de denuncias de heridos. A las 10 horas, se avist\u00f3 otro grupo armado el cual, utilizando machetes y piedras, protagoniz\u00f3 otro ataque contra los campesinos. Por la tarde continuaron las agresiones lo que impidi\u00f3 que campesinos, civiles, polic\u00edas y periodistas pudieran evacuar la zona debido a que se registraron bloqueos en las rutas de salida realizados por los grupos criminales.<video controls=\"controls\" src=\"https:\/\/avispa.org\/wp-content\/uploads\/2025\/01\/2025-01-27_reddedefensoras_Red-Nacional-de-Defensoras-de-Derechos-Humanos-en-Honduras_1309414270399898.mp4\"><\/video><em><sup>Campesinos de la Cooperativa Tranv\u00eda registraron los ataques armados del pasado lunes 27 de enero.<\/sup><\/em><\/p>\n\n\n\n<p>\u201cLos sicarios lograron posicionarse en las instalaciones de una pollera propiedad de la Cooperativa Tranvio, de donde han aterrorizada a la comunidad con constantes r\u00e1fagas de disparos, mientras otro grupo armado tom\u00f3 la carretera y as\u00ed impidi\u00f3 el paso para evitar la libre locomoci\u00f3n\u201d, confirm\u00f3 la Plataforma Agraria sobre la permanencia del asedio, sin que los elementos de seguridad protegieran a m\u00e1s de 123 familias; 453 personas, entre ellas ni\u00f1os y ni\u00f1as.<\/p>\n\n\n\n<figure class=\"wp-block-image\"><a href=\"https:\/\/avispa.org\/wp-content\/uploads\/2025\/01\/Ataque-contra-Cooperativa-Tranvio-3.jpg\"><img decoding=\"async\" src=\"https:\/\/avispa.org\/wp-content\/uploads\/2025\/01\/Ataque-contra-Cooperativa-Tranvio-3-1024x472.jpg\" alt=\"\" class=\"wp-image-118961\"\/><\/a><figcaption class=\"wp-element-caption\"><em><sup>Familias campesinas de la Cooperativa Tranv\u00edo fueron desplazadas violentamente por grupos criminales vinculados a la agroindustria.<\/sup><\/em><\/figcaption><\/figure>\n\n\n\n<p>Adem\u00e1s, se report\u00f3 el secuestro, durante tres horas, del campesino Cristian Baire y el ataque con arma de fuego contra Janier Garc\u00eda, ambos socios de la Cooperativa Tranv\u00edo. \u201cCristian Baire fue liberado de una casa en la aldea Quebrada de Arena por la polic\u00eda aproximadamente a las 10 de la ma\u00f1ana, pero sufri\u00f3 torturas y una herida de bala en el pie, posteriormente fue hospitalizado, hasta el momento se encuentra fuera de peligro\u201d, inform\u00f3 el movimiento campesino mediante redes sociales.<\/p>\n\n\n\n<p>El martes (28), el Bufete Justicia para los Pueblos (BJP) que acompa\u00f1a la lucha legal del movimiento campesino conden\u00f3 el uso de la violencia \u201cpor parte de grupos armados paralelos, que operan bajo la fachada de grupos ganaderos, y en particular al grupo armado \u2018Los Cachos\u2019 que opera en la zona con total impunidad\u201d.&nbsp;<\/p>\n\n\n\n<p>El BJP asever\u00f3 que estas acciones \u201cbenefician directamente a la Corporaci\u00f3n Dinant y sus aliados empresariales. Las acciones incluyen el uso ilegal de armas de alto calibre para crear un ambiente de terror y desalojar ilegal y extrajudicialmente a familias campesinas\u201d, declararon mediante posicionamiento p\u00fablico.<\/p>\n\n\n\n<p>Tambi\u00e9n se\u00f1alaron que resulta inaceptable que, a m\u00e1s de un mes del desplazamiento violento de la Cooperativa Camarones, el Estado de Honduras a\u00fan no ha brindado garant\u00edas b\u00e1sicas de seguridad a las familias campesinas que viven en completa vulnerabilidad y bajo ataque.<\/p>\n\n\n\n<p>\u201cCondenamos que la difamaci\u00f3n y el uso de la violencia forman parte de una campa\u00f1a m\u00e1s global para dividir y crear conflictos en las comunidades con el fin de despojar tierras y sumar beneficios econ\u00f3micos para la familia Facuss\u00e9, tanto para sus empresas agroindustriales como para sus intereses mineros. No pasa desapercibido que estas mismas estrategias se han utilizado contra las cooperativas campesinas de Gregorio Ch\u00e1vez, Santa Rosa del Aguan, Panam\u00e1 y en la comunidad La Ceibita, respectivamente\u201d, acusaron.<\/p>\n\n\n\n<h3 class=\"wp-block-heading\" id=\"h-solidaridad\"><strong>Solidaridad<\/strong><\/h3>\n\n\n\n<p>Desde los primeros reportes de ataques armados, diversas organizaciones hondure\u00f1as e internacionales se han posicionado para condenar la violencia contra las cooperativas agrarias y elevar la denuncia a nivel nacioanl e internacional sobre los intentos de desalojo de las tierras campesinas del Agu\u00e1n.<\/p>\n\n\n\n<p>\u201cEste ataque es solo un reflejo de la constante criminalizaci\u00f3n y persecuci\u00f3n que sufren las comunidades del Bajo Agu\u00e1n, quienes luchan por defender sus derechos territoriales y la tierra\u201d, asegur\u00f3 la Iniciativa Mesoamericana de Mujeres Defensoras de Derechos Humanos mediante pronunciamiento p\u00fablico.<\/p>\n\n\n\n<p>Por su parte, la Asociaci\u00f3n de Cooperaci\u00f3n Internacional (Espacio ACI), constituida por 35 ONG Internacionales con presencia y trabajo en Honduras, asever\u00f3 que, durante una gira internacional de solidaridad con el Agu\u00e1n, realizada la semana del 20 al 24 de enero de 2025, fueron alertadas sobre la gravedad del riesgo que los l\u00edderes de La Plataforma Agraria y de las Cooperativas Campesinas sufren como amenazas a muerte, ataques a sus familias, y la prohibici\u00f3n de circular en la zona de Quebrada de Arena.&nbsp;&nbsp;&nbsp;&nbsp;&nbsp;&nbsp;<\/p>\n\n\n\n<p>Frente a esta situaci\u00f3n,&nbsp;<a href=\"https:\/\/avispa.org\/industria-de-palma-aceitera-boicotea-convenio-para-devolucion-de-tierras-campesinas-en-el-bajo-aguan\/\">recordaron al Estado de Honduras el cumplimiento del convenio,<\/a>&nbsp;firmado en febrero de 2022, entre el movimiento campesino y el gobierno, el cual incluye como uno de sus compromisos la conformaci\u00f3n de la Comisi\u00f3n Tripartita bajo la coordinaci\u00f3n del Instituto Nacional Agrario (INA), en el marco de la Comisi\u00f3n de Seguridad Agraria. \u201cEn este sentido, reiteramos nuestra solicitud de acci\u00f3n directa y coordinada de dicha instancia para garantizar una respuesta integral y efectiva que permita abordar las causas del conflicto y prevenir nuevos actos de violencia en la regi\u00f3n\u201d, se\u00f1alaron las organizaciones internacionales.<\/p>\n\n\n\n<p>En tanto, la Oficina del Alto Comisionado de Naciones Unidas para los Derechos Humanos en Honduras (OACNUDH) manifiest\u00f3 preocupaci\u00f3n por los recientes hechos violentos contra el movimiento campesino en el Bajo Agu\u00e1n e hizo un llamado al gobierno de Honduras para \u201cabordar las causas estructurales que subyacen a la hist\u00f3rica conflictividad en la zona, mediante la puesta en marcha de la Comisi\u00f3n de la Verdad del Bajo Agu\u00e1n\u201d.<\/p>\n\n\n\n<p>\u201cLas cooperativas han sido v\u00edctimas de al menos dos muertes violentas por arma de fuego, desplazamiento forzado de al menos 150 familias, as\u00ed como m\u00faltiples actos de intimidaci\u00f3n y amenazas. La informaci\u00f3n recibida por la Oficina releva que los presuntos responsables de estos hechos ser\u00edan estructuras del crimen organizado, que estar\u00edan generando una fuerte escalada de violencia en la zona, lo que representa un riesgo inminente para la vida de las comunidades campesinas\u201d, alert\u00f3.<\/p>\n","protected":false},"excerpt":{"rendered":"<p>Fuente: Avispa Midia Por Aldo Santiago En portada: Familias campesinas de la Cooperativa Tranv\u00edo fueron desplazadas violentamente por grupos criminales vinculados a la agroindustria. Desde el pasado lunes (27) arrecia la violencia contra el movimiento campesino del Bajo Agu\u00e1n, al norte de Honduras, departamento de Col\u00f3n. Hombres equipados con armas de grueso calibre,&nbsp;vinculados al grupo [&hellip;]<\/p>\n","protected":false},"author":21,"featured_media":49966,"comment_status":"open","ping_status":"closed","sticky":false,"template":"","format":"standard","meta":{"footnotes":""},"categories":[51,1284,826,958,935],"tags":[58,73,53,567,147,545,87,148,27,483],"class_list":["post-49965","post","type-post","status-publish","format-standard","has-post-thumbnail","hentry","category-autor","category-latinoamerica","category-medios-libres-2","category-megaproyectos","category-temas","tag-derechos-humanos","tag-honduras","tag-justicia","tag-megaproyectos","tag-militarizacion","tag-pueblos-indigenas","tag-represion","tag-resistencia","tag-solidaridad","tag-tierra-y-territorio"],"_links":{"self":[{"href":"https:\/\/radiozapatista.org\/index.php?rest_route=\/wp\/v2\/posts\/49965","targetHints":{"allow":["GET"]}}],"collection":[{"href":"https:\/\/radiozapatista.org\/index.php?rest_route=\/wp\/v2\/posts"}],"about":[{"href":"https:\/\/radiozapatista.org\/index.php?rest_route=\/wp\/v2\/types\/post"}],"author":[{"embeddable":true,"href":"https:\/\/radiozapatista.org\/index.php?rest_route=\/wp\/v2\/users\/21"}],"replies":[{"embeddable":true,"href":"https:\/\/radiozapatista.org\/index.php?rest_route=%2Fwp%2Fv2%2Fcomments&post=49965"}],"version-history":[{"count":1,"href":"https:\/\/radiozapatista.org\/index.php?rest_route=\/wp\/v2\/posts\/49965\/revisions"}],"predecessor-version":[{"id":49967,"href":"https:\/\/radiozapatista.org\/index.php?rest_route=\/wp\/v2\/posts\/49965\/revisions\/49967"}],"wp:featuredmedia":[{"embeddable":true,"href":"https:\/\/radiozapatista.org\/index.php?rest_route=\/wp\/v2\/media\/49966"}],"wp:attachment":[{"href":"https:\/\/radiozapatista.org\/index.php?rest_route=%2Fwp%2Fv2%2Fmedia&parent=49965"}],"wp:term":[{"taxonomy":"category","embeddable":true,"href":"https:\/\/radiozapatista.org\/index.php?rest_route=%2Fwp%2Fv2%2Fcategories&post=49965"},{"taxonomy":"post_tag","embeddable":true,"href":"https:\/\/radiozapatista.org\/index.php?rest_route=%2Fwp%2Fv2%2Ftags&post=49965"}],"curies":[{"name":"wp","href":"https:\/\/api.w.org\/{rel}","templated":true}]}}