{"id":49944,"date":"2025-01-28T19:20:02","date_gmt":"2025-01-29T01:20:02","guid":{"rendered":"https:\/\/radiozapatista.org\/?p=49944"},"modified":"2025-01-28T19:20:04","modified_gmt":"2025-01-29T01:20:04","slug":"por-5-anos-chiapas-recibio-apoyo-para-busquedas-que-no-se-realizaron-madres-buscadoras","status":"publish","type":"post","link":"https:\/\/radiozapatista.org\/?p=49944","title":{"rendered":"Por 5 a\u00f1os Chiapas recibi\u00f3 apoyo para b\u00fasquedas que no se realizaron: Madres buscadoras\u00a0"},"content":{"rendered":"\n<p>Fuente: <a href=\"https:\/\/avispa.org\/por-5-anos-chiapas-recibio-apoyo-para-busquedas-que-no-se-realizaron-madres-buscadoras\/\">Avispa Midia<\/a><\/p>\n\n\n\n<p>Por Jeny Pascacio<\/p>\n\n\n\n<p>La titular de la Comisi\u00f3n Nacional de B\u00fasqueda de Personas (CNB), Teresa Guadalupe Reyes Sahag\u00fan, acudi\u00f3 a Chiapas para reunirse con las integrantes del Colectivo Madres en Resistencia y la nueva directora de la Comisi\u00f3n Estatal de B\u00fasqueda (CEB), Guadalupe Elizabeth Santiago Ballinas, para coordinar los pr\u00f3ximos trabajos de b\u00fasqueda y transparentar el uso de recursos.<\/p>\n\n\n\n<p>Isabel Torres, madre de&nbsp;<a href=\"https:\/\/avispa.org\/cassandra-es-desaparecida-en-chiapas-por-grupo-armado-durante-la-boda-de-su-madre\/\">Cassandra Arias Torres<\/a>&nbsp;desaparecida forzadamente, e integrante del colectivo, destaca para&nbsp;<em>Avispa M\u00eddia<\/em>&nbsp;que en el conversatorio realizado el 17 de enero, la Comisi\u00f3n Nacional reconoci\u00f3 que, durante un periodo de cinco a\u00f1os &#8211; desde que inici\u00f3 funciones la CEB, en 2019, a 2024 &#8211; envi\u00f3 m\u00e1s de 48 millones de pesos para la b\u00fasqueda de personas&nbsp;en Chiapas.<\/p>\n\n\n\n<p>Adem\u00e1s del citado recurso, de acuerdo la Secretar\u00eda de Finanzas, la Comisi\u00f3n Estatal de B\u00fasqueda tambi\u00e9n recibi\u00f3 2,647,188.34 de pesos en 2021; 2,610,346.06 en 2022; para 2023 fueron 4,409,737.17 y 7,830,224.82 de pesos en 2024 del Presupuesto de Egresos del Estado.&nbsp;<\/p>\n\n\n\n<p>En el 2024, la CNB tambi\u00e9n envi\u00f3 cinco esc\u00e1neres port\u00e1tiles de huellas dactilares para identificaci\u00f3n humana, tres llegaron al \u00e1rea de peritaje de la Fiscal\u00eda General del Estado (FGE) de Chiapas y dos para la CEB.&nbsp;&nbsp;<\/p>\n\n\n\n<p>Estos dispositivos son parte de una donaci\u00f3n de 300 esc\u00e1neres que hizo Alemania,&nbsp;a trav\u00e9s del programa Identificaci\u00f3n Humana del Fondo de Poblaci\u00f3n de las Naciones Unidas (UNFPA);&nbsp;86 se entregaron a las comisiones estatales y 149 a las fiscal\u00edas locales para abonar a la identificaci\u00f3n r\u00e1pida de cuerpos y a la b\u00fasqueda en vida. El esc\u00e1ner registra la huella y se env\u00eda al Instituto Nacional Electoral (INE) que se encarga de la identificaci\u00f3n en un periodo aproximado de tres d\u00edas.&nbsp;<\/p>\n\n\n\n<p>\u201cCuestionamos por qu\u00e9 no han usado los esc\u00e1neres y a d\u00f3nde se fueron los 48 millones porque en las b\u00fasquedas no. En la primera b\u00fasqueda que se hizo de mi hija Cassandra la directora de B\u00fasqueda (Rosa Elena Vela Govea) levant\u00f3 un palo para poder buscar entre el monte y, en la \u00faltima vez (Emiliano Zapata), no llevaron ni una pala para poder escarbar\u201d, lamenta Isabel Torres.&nbsp;<\/p>\n\n\n\n<p>Reyes Sahag\u00fan les asegur\u00f3 que ya est\u00e1 pidiendo cuentas a la Comisi\u00f3n Estatal sobre los recursos. Dijo a las madres que ahora los gastos deber\u00e1n justificarse debidamente. Este 2025 se prev\u00e9 m\u00e1s apoyo para las b\u00fasquedas, aunque no dio la cifra. Adem\u00e1s, la CNB enviar\u00e1 a m\u00e1s personal para las labores de b\u00fasqueda, pues, en la actualidad la comisi\u00f3n local cuenta con dos buscadores y una persona en inform\u00e1tica.&nbsp;<\/p>\n\n\n\n<p>La directora de la Comisi\u00f3n Estatal, que entr\u00f3 en funciones el pasado 3 de enero, se comprometi\u00f3 a trabajar de cerca y sin intermediarios con las madres y familias buscadoras. En este primer encuentro, tanto la comisionada como la directora acordaron dar seguimiento a las pautas.&nbsp;<\/p>\n\n\n\n<p>La CNB informar\u00e1 al colectivo sobre los planes de b\u00fasqueda y respetar\u00e1 el derecho de las familias de documentar el trabajo de las autoridades con sus tel\u00e9fonos m\u00f3viles. Ser\u00e1n las \u00fanicas autorizadas para usarlos.&nbsp;<\/p>\n\n\n\n<p>Vicky Garay Cazares del colectivo Guerreras en Busca de Nuestros Tesoros AC, en Nayarit, explica que siempre ha existido mucho problema con los recursos destinados a las comisiones locales, \u201ccuando los dan no verifican al 100 por ciento en qu\u00e9 se gast\u00f3\u201d.&nbsp;<\/p>\n\n\n\n<p>Con base en su experiencia, la CNB y el Estado no verifican qu\u00e9 falta en las comisiones locales, en qu\u00e9 se gast\u00f3 el recurso o c\u00f3mo lo gastaron. En el caso de Nayarit, las colectivas han solicitado, incluso por escrito, que se realicen auditor\u00edas a las comisiones locales.<\/p>\n\n\n\n<p>Vicky insiste en que las b\u00fasquedas dependen del manejo y el trabajo que tenga la comisi\u00f3n local. \u201cDebemos presionar, hay que trabajar con la Comisi\u00f3n Estatal\u201d, dice. Considera, adem\u00e1s, que se debe crear el Consejo Ciudadano de dichas comisiones.&nbsp;&nbsp;<\/p>\n\n\n\n<p>En el conversatorio tambi\u00e9n estuvieron presentes representantes de la Colectiva Cereza, que son acompa\u00f1antes de la lucha de Madres en Resistencia, as\u00ed como de la Protecci\u00f3n Civil y del Centro de Derechos Fray Bartolom\u00e9 de Las Casas (Frayba).<\/p>\n\n\n\n<h3 class=\"wp-block-heading\" id=\"h-las-madres-ya-habian-denunciado\"><strong>Las madres ya hab\u00edan denunciado<\/strong><\/h3>\n\n\n\n<p>\u201cLo que ahorita est\u00e1 haciendo la Fiscal\u00eda se hab\u00eda solicitado desde mucho porque varios casos del Colectivo la geolocalizaci\u00f3n apuntaba a la misma direcci\u00f3n, en ese rancho [de San Isidro, en Emiliano Zapata]\u201d, dice Adriana G\u00f3mez al referirse a los recientes operativos realizados por el gobierno de Chiapas, a partir de los cuales se anunci\u00f3 el hallazgo de diversas fosas.&nbsp;<\/p>\n\n\n\n<figure class=\"wp-block-image\"><a href=\"https:\/\/avispa.org\/wp-content\/uploads\/2025\/01\/BusquedaDesaparecidosChiapas-1.jpeg\"><img decoding=\"async\" src=\"https:\/\/avispa.org\/wp-content\/uploads\/2025\/01\/BusquedaDesaparecidosChiapas-1-768x1024.jpeg\" alt=\"\" class=\"wp-image-118867\"\/><\/a><\/figure>\n\n\n\n<p>Los tel\u00e9fonos celulares de Edwin Alejandro Delgado V\u00e1zquez, N\u00e9ctar Gald\u00e1mez Chandom\u00ed, Victor Chavarr\u00eda y Cassandra Arias Torres, desparecidos en diferentes momentos y lugares, estuvieron en San Isidro, municipio de Emiliano Zapata.&nbsp;<\/p>\n\n\n\n<p>La geolocalizaci\u00f3n que realiz\u00f3 la Fiscal\u00eda de Chiapas del dispositivo de Cassandra Arias Torres, desaparecida forzadamente el 17 de diciembre de 2022 en Berrioz\u00e1bal, arroj\u00f3 una ubicaci\u00f3n en el municipio de Emiliano Zapata y, desde ese momento, el colectivo solicit\u00f3 la b\u00fasqueda, pero la autoridad no hizo nada.&nbsp;<\/p>\n\n\n\n<p>Dos a\u00f1os despu\u00e9s, entre diciembre de 2024 y enero de 2025, los operativos de la estrategia de seguridad del estado chiapaneco han reportado hallazgos de 27 fosas clandestinas con restos humanos pertenecientes a unas 40 personas en los municipios de Suchiate, Palenque, Emiliano Zapata y La Concordia, seg\u00fan la informaci\u00f3n difundida por la FGE. El material gen\u00e9tico fue enviado a la Ciudad de M\u00e9xico para su estudio.<\/p>\n\n\n\n<p>Los operativos coincidieron con la huelga de hambre que sosten\u00edan las Madres en Resistencia en Palacio de Gobierno para solicitar audiencia con el gobernador Eduardo Ram\u00edrez, que por meses se neg\u00f3 a atender y reconocer el tema de la desaparici\u00f3n de personas.&nbsp;<\/p>\n\n\n\n<figure class=\"wp-block-image\"><a href=\"https:\/\/avispa.org\/wp-content\/uploads\/2024\/12\/PlantonMadresDesaparecidas-2.jpeg\"><img decoding=\"async\" src=\"https:\/\/avispa.org\/wp-content\/uploads\/2024\/12\/PlantonMadresDesaparecidas-2-768x1024.jpeg\" alt=\"\" class=\"wp-image-118681\"\/><\/a><\/figure>\n\n\n\n<p>Tras d\u00edas de protestas, las madres fueron recibidas por el fiscal Jorge Luis Llaven Abarca a quien le solicitaron una nueva b\u00fasqueda en el rancho de San Isidro en Emiliano Zapata.&nbsp;<\/p>\n\n\n\n<p>El 8 de enero fueron citadas a las 6 horas, pero los elementos de la Fiscal\u00eda y la Fuerza de Reacci\u00f3n Inmediata Pakal (FRIP) llegaron tres horas tarde. \u201cNos tuvieron paradas en la carretera esper\u00e1ndolos y cuando llegan se bajan inmediatamente a tapar la vialidad, de forma innecesaria. Luego nos fuimos a la b\u00fasqueda donde iniciamos casi las 10 de la ma\u00f1ana\u201d, recuerda Adriana G\u00f3mez.&nbsp;<\/p>\n\n\n\n<p>Tambi\u00e9n acudieron profesionales de Protecci\u00f3n Civil (PC) con el \u00e1rea Canina, de la CEB y tres madres del Colectivo. \u201cNos dividimos porque ellos quer\u00edan sacar el agua de una laguna con una bomba, nosotras dijimos que buscar\u00edamos por otro lado o ah\u00ed se nos ir\u00eda todo el d\u00eda y son pocas las oportunidades de b\u00fasqueda que nos dan\u201d.<\/p>\n\n\n\n<p>Los de PC se metieron al agua a buscar, los dem\u00e1s fueron sus observadores alrededor de la laguna, relata Adriana. Observ\u00f3 un rancho con una casa lujosa de ventanales de cristal, varias habitaciones y en una de las paredes vio dibujos que parec\u00edan hechos por ni\u00f1eces.&nbsp;<\/p>\n\n\n\n<p>\u201cDicen que hab\u00eda un \u00e1rea de tortura que a m\u00ed ya no me toc\u00f3 ver, pero s\u00ed vimos una mesa de billar y una alberca grande. Hab\u00edan varios pozos de cemento, con agua y en uno hab\u00eda una escalera grande, y ah\u00ed se necesitaba una revisi\u00f3n minuciosa. Pero ellos (autoridades) no buscan, llegan un rato medio observan y buscan una sombra para tomarse un refresco y comer sus frituras o su pollito\u201d, lamenta Adriana.<\/p>\n\n\n\n<p>Pero las integrantes del colectivo saben que deben poner mucha atenci\u00f3n en el suelo que pisan y los detalles, \u201cvamos revisando con nuestro pie para saber si la tierra est\u00e1 suelta\u201d. Eso hac\u00edan el 8 de enero en San Isidro cuando les llam\u00f3 la atenci\u00f3n un corral de cemento para cerdos.&nbsp;<\/p>\n\n\n\n<p>\u201cA\u00fan hab\u00eda deshechos en el suelo y hab\u00eda un tubo de PBC que llevaba su descarga a una fosa s\u00e9ptica de cemento, parec\u00eda un tanque. Pertenec\u00eda al rancho pero como ten\u00eda el alambrado daba la impresi\u00f3n que era otro predio\u201d, describe Adriana.&nbsp;<\/p>\n\n\n\n<p>Las madres cruzaron ese alambrado y los representantes de la fiscal\u00eda les insistieron que ah\u00ed ya hab\u00edan revisado, \u201cpero cada vez que dec\u00edan eso nosotras volv\u00edamos a revisar y nos metimos las tres madres al alambrado, nos agachamos para ver la fosa s\u00e9ptica con nuestra l\u00e1mpara, porque ellos ni eso llevaban, y ah\u00ed vimos la osamenta\u201d, describe.&nbsp;<\/p>\n\n\n\n<p>Dieron parte al personal de la Fiscal\u00eda, pero \u00e9ste no llevaba guantes ni personal capacitado para introducirse al reducido espacio. Fue un polic\u00eda que sac\u00f3 los restos, pero antes retiraron a las madres buscadoras del lugar. \u201cEl polic\u00eda dijo que eran de tres cuerpos, pero no sabemos en realidad cu\u00e1ntos sacaron\u201d.&nbsp;<\/p>\n\n\n\n<figure class=\"wp-block-image\"><a href=\"https:\/\/avispa.org\/wp-content\/uploads\/2025\/01\/BusquedaDesaparecidosChiapas-7.jpeg\"><img decoding=\"async\" src=\"https:\/\/avispa.org\/wp-content\/uploads\/2025\/01\/BusquedaDesaparecidosChiapas-7-576x1024.jpeg\" alt=\"\" class=\"wp-image-118873\"\/><\/a><\/figure>\n\n\n\n<p>\u201cEllos no quer\u00edan aceptar el hallazgo que hicimos porque ya hab\u00edan buscado ah\u00ed y de hecho le echaron la culpa al canino de Protecci\u00f3n Civil, pero el perro no identific\u00f3 los restos porque estaban en el excremento, ya no ten\u00edan ni tejido. Incluso, en ese rancho tambi\u00e9n hay una laguna y no sabemos si ah\u00ed tambi\u00e9n podr\u00edan haber cuerpos\u201d.&nbsp;<\/p>\n\n\n\n<p>El colectivo ha expresado en diferentes momentos su preocupaci\u00f3n por la incapacidad y falta de profesionalismo con la que las autoridades atienden la b\u00fasqueda de personas, pues consideran que tras un hallazgo, mientras la autoridad correspondiente realiza la documentaci\u00f3n, los dem\u00e1s elementos deben continuar con los trabajos.&nbsp;<\/p>\n\n\n\n<p>\u201cCuando encuentran dejan de trabajar. No se les est\u00e1 pidiendo algo que no exista, la b\u00fasqueda es un derecho que tenemos. La fiscal\u00eda deber\u00eda actuar r\u00e1pido, hay una ley y dice que en esos casos la geolocalizaci\u00f3n debe ser r\u00e1pida y parece que aqu\u00ed hacen las cosas al rev\u00e9s\u201d, insiste Adriana.&nbsp;<\/p>\n\n\n\n<h3 class=\"wp-block-heading\" id=\"h-redes\"><strong>Redes<\/strong><\/h3>\n\n\n\n<p>El Colectivo de Madres en Resistencia de Chiapas s\u00f3lo espera que los acuerdos que adquirieron con las comisiones no sean moment\u00e1neos. Hasta ahora, todo lo que obra en las carpetas de investigaci\u00f3n de los casos que acompa\u00f1an ha sido trabajo del Colectivo.&nbsp;<\/p>\n\n\n\n<p>Adriana G\u00f3mez, fundadora del Colectivo, recuerda que al no tener acceso a la justicia hace tres a\u00f1os se vio en la necesidad de aprender, tejer redes y surgir como Colectivo. Despu\u00e9s comenzaron a llegar las denuncias sobre desapariciones a las redes sociales de las Madres en Resistencia.<\/p>\n\n\n\n<p>Se aliaron a otras madres buscadoras de Sonora, Tijuana y Ciudad Ju\u00e1rez quienes les dieron recomendaciones para pedir las b\u00fasquedas ante la CEB y la fiscal\u00eda, les explicaron sobre la geolocalizaci\u00f3n de los dispositivos m\u00f3viles y c\u00f3mo solicitarla. \u201cSe necesitaba el acompa\u00f1amiento y nosotras iniciamos solas\u201d.<\/p>\n\n\n\n<p>Al Colectivo se acercaron estudiantes de Derecho y abogadas de profesi\u00f3n, que las acompa\u00f1an en las actividades. En la&nbsp;<a href=\"https:\/\/avispa.org\/gobierno-de-chiapas-no-reconoce-a-desaparecidos-por-el-crimen-organizado\/\">huelga que realizaron a finales de diciembre de 2024<\/a>, Amnist\u00eda Internacional y la Organizaci\u00f3n de las Naciones Unidas tambi\u00e9n brindaron acompa\u00f1amiento.&nbsp;<\/p>\n\n\n\n<p>Cuando el Colectivo tom\u00f3 fuerza, Jorge Luis Llaven Abarca, que entonces tambi\u00e9n era Fiscal General, intent\u00f3 dividirlas, \u201cpero no lo consigui\u00f3 porque nos conocemos y conocemos todos los casos, leemos las carpetas y no confiamos en las autoridades\u201d.&nbsp;<\/p>\n\n\n\n<p>Tambi\u00e9n investigaron sobre las herramientas que pod\u00edan conseguir con sus propios recursos como las varillas de hierro, las mandaron a hacer de cinco cent\u00edmetros de grosor, aproximadamente, con punta para atravesar la tierra y un gancho para sostener la varilla sin que resbale al empujarla con fuerza.&nbsp;<\/p>\n\n\n\n<p>\u201cCuando buscamos llevamos palas, picos y las varillas. Identificamos si la tierra est\u00e1 suelta, amontonada o si est\u00e1 fresca, eso se identifica r\u00e1pido. Metemos la varilla, si entra al sacarla la olemos, no somos expertas pero hemos ido al Servicio M\u00e9dico Forense (Semefo) a buscar y se identifica el olor. Al igual observamos si hay ropa tirada y tambi\u00e9n nos guiamos del presentimiento para saber d\u00f3nde a escarbar\u201d, explica Adriana.&nbsp;<\/p>\n\n\n\n<h3 class=\"wp-block-heading\" id=\"h-todxs-cuentan\"><strong>Todxs cuentan<\/strong><\/h3>\n\n\n\n<p>El pa\u00eds entero tiene la problem\u00e1tica de la desaparici\u00f3n, en Chiapas pasaba menos, se\u00f1ala Voces Mesoamericanas que acompa\u00f1a casos de personas migrantes de Chiapas desparecidas en el norte del pa\u00eds.&nbsp;<\/p>\n\n\n\n<p>Considera que los obst\u00e1culos a los que se enfrentan los denunciantes es la falta de informaci\u00f3n para que una persona sepa qu\u00e9 hacer ante una desaparici\u00f3n. Pero cuando las personas ya saben qu\u00e9 hacer se encuentran con que las instituciones no levantan las carpetas de investigaci\u00f3n por desaparici\u00f3n y solo inician registros de atenci\u00f3n.&nbsp;<\/p>\n\n\n\n<p>Tambi\u00e9n recurren a la revictimizaci\u00f3n y en las fiscal\u00edas les dicen que esperen porque sus familiares van a regresar porque quiz\u00e1 se fugaron con la pareja y de esa forma minimizan la situaci\u00f3n para que no haya un registro real de cu\u00e1ntas personas desaparecidas hay en Chiapas, explica Voces Mesoamericanas.<\/p>\n\n\n\n<p>Una vez que la familia pudo denunciar, el problema es la falta de acceso a la justicia, al debido proceso, a ser escuchada, a la reparaci\u00f3n de da\u00f1o, por lo complicado que es ingresar a la Comisi\u00f3n Ejecutiva de Atenci\u00f3n a V\u00edctimas (CEAV).<\/p>\n\n\n\n<p>Si se trata de una persona migrante desaparecida en Chiapas, para que la familia pueda entrar a M\u00e9xico a hacer las denuncias o los seguimientos, necesita visas y no est\u00e1n a disposici\u00f3n, tiene que hacer el mismo proceso que los dem\u00e1s y esperar.&nbsp;<\/p>\n\n\n\n<p>\u201cNo hay pol\u00edticas p\u00fablicas que atienda la desaparici\u00f3n en contextos de movilidad humana, es decir, personas en situaci\u00f3n migratoria y personas en situaci\u00f3n de desplazamiento forzado\u201d, insisti\u00f3 la organizaci\u00f3n que acompa\u00f1a al Colectivo Junax Ko\u2019tantik, integrado por familias chiapanecas que buscan a migrantes desparecidos en el norte del pa\u00eds y Estados Unidos.&nbsp;<\/p>\n\n\n\n<p>Para Voces Mesoamericanas la Comisi\u00f3n Estatal de B\u00fasqueda de Chiapas tiene muchos vac\u00edos y no hay claridad sobre las personas que la integran y los nombramientos los realizan sin una consulta p\u00fablica como lo establece la ley local y sin priorizar las caracter\u00edsticas del perfil seleccionado.&nbsp;<\/p>\n\n\n\n<p>Incluso, a cinco a\u00f1os de la CEB iniciar funciones, no ha emitido la convocatoria para integrar el Consejo Ciudadano de la Comisi\u00f3n Estatal de B\u00fasqueda para ser vigilante de los trabajos de b\u00fasqueda de personas desaparecidas en Chiapas.<\/p>\n\n\n\n<p>Otra ausencia en la CEB es el registro de personas desaparecidas en territorio chiapaneco y personas desaparecidas de origen extranjero, y chiapanecos migrantes desaparecidos en otro lugar. La organizaci\u00f3n cuestiona y lamenta que tampoco exista un mecanismo de b\u00fasqueda de personas, tanto en b\u00fasqueda inmediata o de larga data, en situaciones migratorias, y desde una perspectiva diferenciada.&nbsp;<\/p>\n\n\n\n<p>Seg\u00fan el Registro Nacional de Personas Desaparecidas y No Localizadas (RNPDNO), en M\u00e9xico 110,668 personas est\u00e1n desaparecidas y 1482 son de Chiapas. En el desglose, en 2019 existe un registro de 68 personas desaparecidas y no localizadas, 87 en 2020, 162 en 2021 y 244 en 2022, cifras tambi\u00e9n plasmadas en el informe&nbsp;<em>Tocar el Vac\u00edo,<\/em>&nbsp;del Centro de Derechos Humanos Fray Bartolom\u00e9 de Las Casas (Frayba).&nbsp;<\/p>\n\n\n\n<p>En el estudio, Frayba hace referencia al aumento de 358% de las desapariciones en el periodo entre 2019 y 2022.&nbsp;<\/p>\n\n\n\n<h3 class=\"wp-block-heading\" id=\"h-que-hacer\"><strong>\u00bfQu\u00e9 hacer?<\/strong><\/h3>\n\n\n\n<p>Hasta ahora solo organizaciones como Fundaci\u00f3n para la Justicia cuenta con informaci\u00f3n en su plataforma digital sobre qu\u00e9 hacer si una persona desaparece. Aclara que no es necesario esperar 24, 48 o 72 horas para reportar o denunciar su desaparici\u00f3n.&nbsp;<\/p>\n\n\n\n<p>El reporte puede ser ante la CNB o ante la Comisi\u00f3n Estatal de B\u00fasqueda, pero si se desconoce el estado donde desapareci\u00f3 la persona el reporte es al +52 55 1309 9024 o desde el extranjero a la lada gratuita 185 52 62 31 09.<\/p>\n\n\n\n<p>Por su parte la fiscal\u00eda de Chiapas asegur\u00f3 que cuenta con protocolo de atenci\u00f3n en el que recomiendan realizar la denuncia ante la autoridad ministerial m\u00e1s cercana y toda autoridad debe iniciar la denuncia correspondiente \u201cya sea registro de atenci\u00f3n por la no localizaci\u00f3n de la persona o en su caso carpeta de investigaci\u00f3n por la desaparici\u00f3n\u201d.<\/p>\n\n\n\n<p>El denunciante debe presentar documento que acredite personalidad, en caso que la v\u00edctima sea menor de edad presentar acta de nacimiento que acredite parentesco. Sin importar la edad de la v\u00edctima presentar fotograf\u00eda reciente, sin manipular.<\/p>\n\n\n\n<p>En caso de menores de edad se activa la alerta Amber, en mujeres mayores de edad se activa Protocolo Alba y en hombres se activa \u00bfHas visto a?&nbsp;<\/p>\n\n\n\n<p>Una vez iniciada la denuncia se giran los oficios correspondientes a las corporaciones policiacas, instituciones p\u00fablicas y privadas. Y de acuerdo a la fiscal\u00eda se deben hacer brigadas de b\u00fasqueda en diversos puntos de la zona en la que fue vista por \u00faltima vez la v\u00edctima.&nbsp;<\/p>\n\n\n\n<p>Si la persona desaparecida es migrante y fue v\u00edctima de un delito federal, se puede denunciar la desaparici\u00f3n en la Unidad de Investigaci\u00f3n de Delitos para Personas Migrantes al correo electr\u00f3nico: unidadmigrantes@fgr.org.mx<\/p>\n\n\n\n<p>La Fiscal\u00eda General de la Rep\u00fablica fue contactada para solicitar el protocolo de atenci\u00f3n en caso de v\u00edctimas de desaparici\u00f3n forzada pero dijo no tener informaci\u00f3n al respecto, \u00fanicamente a trav\u00e9s de las l\u00edneas telef\u00f3nicas.&nbsp;<\/p>\n\n\n\n<p>El pr\u00f3ximo 21 de enero Eduardo Ram\u00edrez se comprometi\u00f3 a atender a las madres buscadoras y el 24 de enero dialogar\u00e1n con el fiscal Jorge Luis Llaven Abarca.&nbsp;<\/p>\n\n\n\n<p><\/p>\n","protected":false},"excerpt":{"rendered":"<p>Fuente: Avispa Midia Por Jeny Pascacio La titular de la Comisi\u00f3n Nacional de B\u00fasqueda de Personas (CNB), Teresa Guadalupe Reyes Sahag\u00fan, acudi\u00f3 a Chiapas para reunirse con las integrantes del Colectivo Madres en Resistencia y la nueva directora de la Comisi\u00f3n Estatal de B\u00fasqueda (CEB), Guadalupe Elizabeth Santiago Ballinas, para coordinar los pr\u00f3ximos trabajos de [&hellip;]<\/p>\n","protected":false},"author":21,"featured_media":49945,"comment_status":"open","ping_status":"closed","sticky":false,"template":"","format":"standard","meta":{"footnotes":""},"categories":[957,51,6,826,958,954,935],"tags":[58,53,567,147,23,545,87,27,483],"class_list":["post-49944","post","type-post","status-publish","format-standard","has-post-thumbnail","hentry","category-autonomia","category-autor","category-chiapas","category-medios-libres-2","category-megaproyectos","category-mexico","category-temas","tag-derechos-humanos","tag-justicia","tag-megaproyectos","tag-militarizacion","tag-paramilitares","tag-pueblos-indigenas","tag-represion","tag-solidaridad","tag-tierra-y-territorio"],"_links":{"self":[{"href":"https:\/\/radiozapatista.org\/index.php?rest_route=\/wp\/v2\/posts\/49944","targetHints":{"allow":["GET"]}}],"collection":[{"href":"https:\/\/radiozapatista.org\/index.php?rest_route=\/wp\/v2\/posts"}],"about":[{"href":"https:\/\/radiozapatista.org\/index.php?rest_route=\/wp\/v2\/types\/post"}],"author":[{"embeddable":true,"href":"https:\/\/radiozapatista.org\/index.php?rest_route=\/wp\/v2\/users\/21"}],"replies":[{"embeddable":true,"href":"https:\/\/radiozapatista.org\/index.php?rest_route=%2Fwp%2Fv2%2Fcomments&post=49944"}],"version-history":[{"count":1,"href":"https:\/\/radiozapatista.org\/index.php?rest_route=\/wp\/v2\/posts\/49944\/revisions"}],"predecessor-version":[{"id":49946,"href":"https:\/\/radiozapatista.org\/index.php?rest_route=\/wp\/v2\/posts\/49944\/revisions\/49946"}],"wp:featuredmedia":[{"embeddable":true,"href":"https:\/\/radiozapatista.org\/index.php?rest_route=\/wp\/v2\/media\/49945"}],"wp:attachment":[{"href":"https:\/\/radiozapatista.org\/index.php?rest_route=%2Fwp%2Fv2%2Fmedia&parent=49944"}],"wp:term":[{"taxonomy":"category","embeddable":true,"href":"https:\/\/radiozapatista.org\/index.php?rest_route=%2Fwp%2Fv2%2Fcategories&post=49944"},{"taxonomy":"post_tag","embeddable":true,"href":"https:\/\/radiozapatista.org\/index.php?rest_route=%2Fwp%2Fv2%2Ftags&post=49944"}],"curies":[{"name":"wp","href":"https:\/\/api.w.org\/{rel}","templated":true}]}}