{"id":49931,"date":"2025-01-16T09:56:19","date_gmt":"2025-01-16T15:56:19","guid":{"rendered":"https:\/\/radiozapatista.org\/?p=49931"},"modified":"2025-01-16T09:56:20","modified_gmt":"2025-01-16T15:56:20","slug":"mexico-sin-preparacion-para-enfrentar-deportaciones-masivas-anunciadas-por-trump","status":"publish","type":"post","link":"https:\/\/radiozapatista.org\/?p=49931","title":{"rendered":"M\u00e9xico, sin preparaci\u00f3n para enfrentar deportaciones masivas anunciadas por Trump"},"content":{"rendered":"\n<p>Fuente: <a href=\"https:\/\/avispa.org\/mexico-sin-preparacion-para-enfrentar-deportaciones-masivas-anunciadas-por-trump\/\">Avispa Midia<\/a><\/p>\n\n\n\n<p>Por Jeny Pascacio<\/p>\n\n\n\n<p>A unos d\u00edas de que Donald Trump llegue a la Casa Blanca, organizaciones de la sociedad civil tanto de M\u00e9xico como de Estados Unidos coinciden en la preocupaci\u00f3n por la implementaci\u00f3n de pol\u00edticas centradas en seguridad, contenci\u00f3n y militarizaci\u00f3n, que obstaculizan y violan los derechos de las personas migrantes y solicitantes de protecci\u00f3n internacional.&nbsp;<\/p>\n\n\n\n<p>Desde la campa\u00f1a presidencial, Trump amenaz\u00f3 con cerrar sus fronteras, incrementar la detenci\u00f3n de personas en situaci\u00f3n migratoria irregular, aumentar exponencialmente las deportaciones, reducir las v\u00edas de migraci\u00f3n regular, permisos de residencia y programas de estatus temporal en Estados Unidos. &nbsp;<\/p>\n\n\n\n<p>A la par de la llegada de 2025, las diferentes organizaciones de EEUU comenzaron a documentar operativos del Servicio de Migraci\u00f3n y Control de Aduanas (ICE por sus siglas en ingl\u00e9s) en lugares con comunidad migrante, previo a la toma de posesi\u00f3n de Trump el pr\u00f3ximo 20 de enero.&nbsp;<\/p>\n\n\n\n<p><em>Rapid Response Network of Kern<\/em> ha prevenido a la poblaci\u00f3n migrante sobre las acciones de la patrulla fronteriza, la importancia de la documentaci\u00f3n, el reporte de los arrestos y da informaci\u00f3n del derecho de cada migrante a mantener silencio y no permitir que se le esculque su propiedad o veh\u00edculo.&nbsp;<\/p>\n\n\n\n<p>La organizaci\u00f3n <em>Uspark Valley <\/em>est\u00e1 otorgando de forma gratuita la \u2018tarjeta roja\u2019, un recurso que ayuda a la persona a entender los derechos. Adem\u00e1s, documenta las protestas que realiza la comunidad migrante a partir de las redadas del ICE en Bakersfield.&nbsp;<\/p>\n\n\n\n<p>Del lado mexicano, encargados de albergues en Sonora y Baja California dijeron a <em>Avispa M\u00eddia<\/em> que se percibe una tensa calma en la frontera y no ven la coordinaci\u00f3n que las dependencias gubernamentales en M\u00e9xico dicen tener para atender de forma real e integral a la poblaci\u00f3n deportada.<\/p>\n\n\n\n<figure class=\"wp-block-image\"><a href=\"https:\/\/avispa.org\/wp-content\/uploads\/2025\/01\/IMG_0229.jpeg\"><img decoding=\"async\" src=\"https:\/\/avispa.org\/wp-content\/uploads\/2025\/01\/IMG_0229.jpeg\" alt=\"\" class=\"wp-image-118835\"\/><\/a><\/figure>\n\n\n\n<p>\u201cM\u00e9xico tiene la responsabilidad de buscar estrategias para hacer el menor de los da\u00f1os no solo a los migrantes, sino a econom\u00eda del pa\u00eds y tiene la responsabilidad de poner reglas y acuerdos del n\u00famero de personas que aceptar\u00e1 en las deportaciones, se realicen o no\u201d, considera Irineo Mujica Arzate de Pueblos sin frontera.<\/p>\n\n\n\n<p>S\u00f3lo de ascendencia mexicana, unas 5.1 millones de personas viven en situaci\u00f3n irregular en los Estados Unidos, y el n\u00famero incrementa si se consideran a la poblaci\u00f3n de Am\u00e9rica Central y del Sur que tambi\u00e9n est\u00e1n en riesgo.&nbsp;<\/p>\n\n\n\n<p>A\u00fan con este escenario, el gobierno de M\u00e9xico no ha contactado a los albergues activos de los seis estados de la frontera, que por a\u00f1os han sobrevivido y experimentado las crisis migratorias, para coordinar la atenci\u00f3n en caso de deportaciones. &nbsp;<\/p>\n\n\n\n<p>Mujica observa que, hasta ahora, las declaraciones de la presidenta de M\u00e9xico, Claudia Sheinbaum, han sido como cortinas de humo, porque como gobierno nunca ha atendido a la poblaci\u00f3n migrante. \u201cLa cuarta transformaci\u00f3n ni siquiera colabora con los albergues activos\u201d.&nbsp;<\/p>\n\n\n\n<p>\u201cSe prev\u00e9 un desastre humanitario\u201d, insiste Mujica que tambi\u00e9n prev\u00e9 una crisis en la econom\u00eda. \u201cLo hemos visto en las <a href=\"https:\/\/avispa.org\/miles-caminan-rumbo-a-estados-unidos-diez-exodos-salieron-de-chiapas-en-3-meses\/\">caravanas<\/a> o en la situaci\u00f3n masiva de los haitianos. Nunca el Estado ha ayudado en una crisis y la cuarta transformaci\u00f3n siempre busca la forma de tapar o de callar. El gobierno de Morena nunca se ha preocupado de que Chiapas sea la c\u00e1rcel de Estados Unidos y es el mejor ejemplo de que el Estado mexicano jam\u00e1s responde a las necesidades, \u00bfpor qu\u00e9 ser\u00eda diferente en la frontera norte? M\u00e9xico no tiene un plan\u201d, sostiene.&nbsp;<\/p>\n\n\n\n<p>Mujica considera que la presidenta est\u00e1 m\u00e1s preocupada en que no se reconozca como terroristas a los c\u00e1rteles mexicanos que por el impacto que tendr\u00e1n las deportaciones masivas.&nbsp;<\/p>\n\n\n\n<p>\u201cM\u00e9xico tiene una responsabilidad muy grande, no deber\u00eda permitir que otro pa\u00eds le haga tanto da\u00f1o, deber\u00eda condicionar la ayuda y coordinarse con la sociedad civil\u201d, enfatiza Mujica.<\/p>\n\n\n\n<h3 class=\"wp-block-heading\" id=\"h-preocupacion-internacional-nbsp\"><strong>Preocupaci\u00f3n internacional<\/strong>&nbsp;<\/h3>\n\n\n\n<p>El 14 de enero, cerca de 300 figuras de la sociedad civil y defensoras de los derechos humanos dirigieron una carta a la presidenta de M\u00e9xico para expresar la preocupaci\u00f3n ante las medidas que obstaculizan los derechos de las personas migrantes y solicitantes de protecci\u00f3n internacional.<\/p>\n\n\n\n<p>El texto hace hincapi\u00e9 en que se generar\u00eda un escenario sumamente perjudicial tanto para las personas en movilidad humana en M\u00e9xico como para aquellas de ascendencia mexicana que residen en Estados Unidos, si no se implementan acciones concretas en el corto y mediano plazo.<\/p>\n\n\n\n<p>Plantean que, ante un escenario de deportaci\u00f3n y detenci\u00f3n masiva, aumento en operativo y eliminaci\u00f3n de programas de regularizaci\u00f3n, es necesario fortalecer y expandir la protecci\u00f3n consular a poblaci\u00f3n de ascendencia mexicana en Estados Unidos, especialmente en programas de representaci\u00f3n jur\u00eddica. Aunado a ello, dise\u00f1ar e implementar una pol\u00edtica binacional de retorno seguro y digno.<\/p>\n\n\n\n<figure class=\"wp-block-image\"><a href=\"https:\/\/avispa.org\/wp-content\/uploads\/2025\/01\/IMG_0228.jpeg\"><img decoding=\"async\" src=\"https:\/\/avispa.org\/wp-content\/uploads\/2025\/01\/IMG_0228-1024x768.jpeg\" alt=\"\" class=\"wp-image-118834\"\/><\/a><\/figure>\n\n\n\n<p>En cuanto al posible aumento de la separaci\u00f3n familiar, se\u00f1alan la importancia de garantizar el cumplimiento de la Ley General de los Derechos de Ni\u00f1as, Ni\u00f1os y Adolescentes, la Ley de Migraci\u00f3n y la Ley sobre Refugiados, Protecci\u00f3n Complementaria y Asilo Pol\u00edtico, especialmente en lo relacionado con el derecho a la unidad familiar de la ni\u00f1ez y adolescencia migrante.&nbsp;<\/p>\n\n\n\n<p>En la pasada administraci\u00f3n de Trump, m\u00e1s de 5,000 ni\u00f1as, ni\u00f1os y adolescentes fueron separados de sus familias, y m\u00e1s de 1,400 a\u00fan no se han reunificado. Por ello, las organizaciones advirtieron sobre los acuerdos bilaterales que violen el derecho internacional de las personas refugiadas y los derechos humanos.<\/p>\n\n\n\n<p>Pidieron a M\u00e9xico que evite colaborar con la nueva administraci\u00f3n de Estados Unidos en la implementaci\u00f3n de expulsiones expeditas hacia zonas fronterizas, pues bajo el llamado T\u00edtulo 42, en tres a\u00f1os se registraron m\u00e1s de 2 millones de expulsiones, el 90% hacia M\u00e9xico sin el debido proceso.<\/p>\n\n\n\n<p>Ahora bien, la posible cancelaci\u00f3n de CBP One, aplicaci\u00f3n m\u00f3vil que procesa citas para presentarse en los ocho puertos autorizados para la entrada hacia Estados Unidos, consideran ser\u00eda un retroceso, pues cada mes, alrededor de 45,000 personas utilizan esta aplicaci\u00f3n para ingresar, y una eliminaci\u00f3n repentina las dejar\u00eda sin acceso a la protecci\u00f3n que necesitan.&nbsp;<\/p>\n\n\n\n<p>Para los defensores es indispensable que se emita documentaci\u00f3n migratoria seg\u00fan el art\u00edculo 52 de la Ley de Migraci\u00f3n en M\u00e9xico. De acuerdo a cifras oficiales, desde diciembre de 2022, el Instituto Nacional de Migraci\u00f3n (INM) dej\u00f3 de entregar de forma consistente la Forma Migratoria M\u00faltiple a personas en tr\u00e1nsito y que, desde octubre de 2023, ha negado la documentaci\u00f3n a solicitantes de asilo y refugiadas, a pesar de ser su derecho.&nbsp;<\/p>\n\n\n\n<p>A la par, es urgente implementar una pol\u00edtica de persecuci\u00f3n y sanci\u00f3n de delitos cometidos por particulares, crimen organizado o servidores p\u00fablicos contra la poblaci\u00f3n migrante que hasta ahora no tiene acceso a la justicia.<\/p>\n\n\n\n<p>De manera reciente, Sheinbaum ha se\u00f1alado que el gobierno de M\u00e9xico est\u00e1 preparado para las deportaciones masivas y que se coordina con las secretar\u00edas de Estado y con los gobernadores de las fronteras para que los mexicanos deportados tengan una buena recepci\u00f3n.&nbsp;<\/p>\n\n\n\n<p>Ha dicho que si es necesario los trasladar\u00e1n hasta sus entidades y les proporcionar\u00e1n programas sociales, bolsas de trabajo y tel\u00e9fonos para que puedan comunicarse con sus familias.&nbsp;<\/p>\n\n\n\n<p>Estados Unidos deport\u00f3 a m\u00e1s de 270,000 a 192 pa\u00edses en el periodo de octubre de 2023 a septiembre de 2024, en el gobierno de Joe Biden. De acuerdo al \u00faltimo informe del Servicio de Inmigraci\u00f3n y Control de Aduanas de Estados Unidos (ICE), se trata de la cifra m\u00e1s alta de deportaciones desde 2014, cuando se portaron a 315,943 personas.<\/p>\n\n\n\n<p>Por otro lado, en el sur de M\u00e9xico, desde octubre de 2024, al menos diez \u00e9xodos, integrados principalmente por originarios de Venezuela, han partido de Tapachula, Chiapas, para intentar entregarse a las autoridades estadounidenses en los pr\u00f3ximos d\u00edas.&nbsp;<\/p>\n\n\n\n<p>Para la sociedad civil y los propios migrantes, Chiapas es considerado una c\u00e1rcel de Estados Unidos, pues la entidad al sur de M\u00e9xico es el Estado con mayor n\u00famero de personas contenidas, es decir, obligadas a esperar una respuesta de la CBP One.<\/p>\n\n\n\n<p><\/p>\n","protected":false},"excerpt":{"rendered":"<p>Fuente: Avispa Midia Por Jeny Pascacio A unos d\u00edas de que Donald Trump llegue a la Casa Blanca, organizaciones de la sociedad civil tanto de M\u00e9xico como de Estados Unidos coinciden en la preocupaci\u00f3n por la implementaci\u00f3n de pol\u00edticas centradas en seguridad, contenci\u00f3n y militarizaci\u00f3n, que obstaculizan y violan los derechos de las personas migrantes [&hellip;]<\/p>\n","protected":false},"author":21,"featured_media":49932,"comment_status":"open","ping_status":"closed","sticky":false,"template":"","format":"standard","meta":{"footnotes":""},"categories":[51,1284,826,954,959,935],"tags":[58,919,567,30,87],"class_list":["post-49931","post","type-post","status-publish","format-standard","has-post-thumbnail","hentry","category-autor","category-latinoamerica","category-medios-libres-2","category-mexico","category-migracion","category-temas","tag-derechos-humanos","tag-estados-unidos","tag-megaproyectos","tag-migracion","tag-represion"],"_links":{"self":[{"href":"https:\/\/radiozapatista.org\/index.php?rest_route=\/wp\/v2\/posts\/49931","targetHints":{"allow":["GET"]}}],"collection":[{"href":"https:\/\/radiozapatista.org\/index.php?rest_route=\/wp\/v2\/posts"}],"about":[{"href":"https:\/\/radiozapatista.org\/index.php?rest_route=\/wp\/v2\/types\/post"}],"author":[{"embeddable":true,"href":"https:\/\/radiozapatista.org\/index.php?rest_route=\/wp\/v2\/users\/21"}],"replies":[{"embeddable":true,"href":"https:\/\/radiozapatista.org\/index.php?rest_route=%2Fwp%2Fv2%2Fcomments&post=49931"}],"version-history":[{"count":1,"href":"https:\/\/radiozapatista.org\/index.php?rest_route=\/wp\/v2\/posts\/49931\/revisions"}],"predecessor-version":[{"id":49933,"href":"https:\/\/radiozapatista.org\/index.php?rest_route=\/wp\/v2\/posts\/49931\/revisions\/49933"}],"wp:featuredmedia":[{"embeddable":true,"href":"https:\/\/radiozapatista.org\/index.php?rest_route=\/wp\/v2\/media\/49932"}],"wp:attachment":[{"href":"https:\/\/radiozapatista.org\/index.php?rest_route=%2Fwp%2Fv2%2Fmedia&parent=49931"}],"wp:term":[{"taxonomy":"category","embeddable":true,"href":"https:\/\/radiozapatista.org\/index.php?rest_route=%2Fwp%2Fv2%2Fcategories&post=49931"},{"taxonomy":"post_tag","embeddable":true,"href":"https:\/\/radiozapatista.org\/index.php?rest_route=%2Fwp%2Fv2%2Ftags&post=49931"}],"curies":[{"name":"wp","href":"https:\/\/api.w.org\/{rel}","templated":true}]}}