{"id":49908,"date":"2025-01-14T19:55:23","date_gmt":"2025-01-15T01:55:23","guid":{"rendered":"https:\/\/radiozapatista.org\/?p=49908"},"modified":"2025-01-14T19:55:25","modified_gmt":"2025-01-15T01:55:25","slug":"desalojo-a-la-lof-pailako-un-show-frustrado-y-el-saqueo-de-los-territorios-indigenas","status":"publish","type":"post","link":"https:\/\/radiozapatista.org\/?p=49908","title":{"rendered":"Desalojo a la Lof Pailako: un show frustrado y el saqueo de los territorios ind\u00edgenas"},"content":{"rendered":"\n<p>Fuente: <a href=\"https:\/\/avispa.org\/desalojo-a-la-lof-pailako-un-show-frustrado-y-el-saqueo-de-los-territorios-indigenas\/\">Avispa<\/a><\/p>\n\n\n\n<p><em><sup>Por Mari\u00e1ngeles Guerrero, Gioia Claro, Roxana Sposaro, Celeste Vientos y Mariana Aquino \/&nbsp;<a href=\"https:\/\/agenciatierraviva.com.ar\/desalojo-a-la-lof-pailako-un-show-frustrado-y-el-saqueo-de-los-territorios-indigenas\/\">Agencia Tierra Viva<\/a><\/sup><\/em><\/p>\n\n\n\n<p><em><sup>Foto de portada: Roxana Sposaro<\/sup><\/em><\/p>\n\n\n\n<p>El desalojo a la comunidad mapuche Pailako de su territorio ancestral en el Parque Nacional Los Alerces (Esquel, Chubut) hab\u00eda sido anunciado con mucho \u00e9nfasis. A las 8 de la ma\u00f1ana de este jueves comenzaron a llegar por la ruta 71 m\u00e1s de 30 m\u00f3viles de la Polic\u00eda Federal y de Gendarmer\u00eda, camionetas y colectivos, y personal de Parques Nacionales. La magnitud del operativo para excluir a unas pocas familias de sus tierras se condice con el discurso racista del gobierno provincial y nacional; y se basa en una disposici\u00f3n del Poder Judicial Federal de Esquel. Pero la Lof resolvi\u00f3 retirarse previamente, de forma pac\u00edfica, por lo que los agentes no encontraron a ninguna persona en el lugar.<\/p>\n\n\n\n<p>En la zona habitada por la Lof quedaron algunos carteles dispuestos en lo que eran las casas de la comunidad. En ellos se lee: \u201cLas fuerzas del territorio les est\u00e1n observando\u201d. \u201cAqu\u00ed se gest\u00f3 y pari\u00f3 a una persona de modo libre, en armon\u00eda con el territorio ancestral. No hay desalojo que despoje esa memoria\u201d.<\/p>\n\n\n\n<p>\u00abSab\u00edamos que esto iba a suceder, as\u00ed que nos organizamos para que no se encontraran con nadie. Todo este circo es para nada, hallaron casas vac\u00edas. Es una situaci\u00f3n dolorosa pero al menos los integrantes de la Lof no est\u00e1n expuestos a ser baleados ni asesinados por el Gobierno\u00bb, asegur\u00f3 la weychafe Moira Mill\u00e1n, que acompa\u00f1a el reclamo de Pailako por su derecho al territorio.<\/p>\n\n\n\n<figure class=\"wp-block-image\"><a href=\"https:\/\/avispa.org\/wp-content\/uploads\/2025\/01\/Desalojo-Pailako-nicolas_palacio-02-1024x681-1.jpg\"><img decoding=\"async\" src=\"https:\/\/avispa.org\/wp-content\/uploads\/2025\/01\/Desalojo-Pailako-nicolas_palacio-02-1024x681-1.jpg\" alt=\"\" class=\"wp-image-118802\"\/><\/a><figcaption class=\"wp-element-caption\"><em><sup>Foto: Nicolas Palacios \/ LUAN \u2013 Colectiva fotogr\u00e1fica<\/sup><\/em><\/figcaption><\/figure>\n\n\n\n<p>La Lof reivindica su presencia en una zona del Parque Nacional Los Alerces (a 35 kil\u00f3metros de Esquel). Este proceso, espiritual e identitario, comenz\u00f3 en 2020. Actualmente, una veintena de personas viven all\u00ed: familias con ni\u00f1os y ni\u00f1as. En el lugar funciona un centro educativo. De haberse concretado tal como lo anunci\u00f3 el Gobierno durante los \u00faltimos d\u00edas, iba a ser el primer desalojo tras&nbsp;<a href=\"https:\/\/agenciatierraviva.com.ar\/milei-derogo-la-ley-de-emergencia-territorial-indigena-menos-derechos-mas-violencia-y-extractivismo\/\">la derogaci\u00f3n de la pr\u00f3rroga de la Ley 26.160 de Emergencia Territorial Ind\u00edgena<\/a>.<\/p>\n\n\n\n<p>La intenci\u00f3n de echar a las familias mapuche de sus tierras ten\u00eda un efecto aleccionador, en el marco de las persecuciones que vienen sufriendo los pueblos ind\u00edgenas en el gobierno de Javier Milei. Otras situaciones, como la vivida en octubre pasado por la comunidad wich\u00ed Guerrero, de Jujuy, replican este panorama.<\/p>\n\n\n\n<p>A nivel institucional, primero se vaci\u00f3 el Instituto Nacional de Asuntos Ind\u00edgenas (INA). Luego se disolvi\u00f3 el Registro Nacional de Comunidades Ind\u00edgenas, cuya funci\u00f3n era inscribir a los pueblos preexistentes en un relevamiento nacional. La frutilla del postre fue la derogaci\u00f3n (por decreto) del decreto que prorrogaba la Ley de Emergencia Territorial Ind\u00edgena, el 10 de diciembre.<\/p>\n\n\n\n<p>S\u00f3lo 20 d\u00edas despu\u00e9s, el juez federal de Esquel, Guido Otranto, arremeti\u00f3 contra la comunidad Pailako. \u201cArremeti\u00f3\u201d, porque las amenazas de desalojo y la violencia institucional comenzaron cuando las familias decidieron habitar el territorio en el que crecieron sus abuelos.<\/p>\n\n\n\n<figure class=\"wp-block-image\"><a href=\"https:\/\/avispa.org\/wp-content\/uploads\/2025\/01\/Desalojo-Pailako-Rox-Sposaro-03-1024x683-1.jpg\"><img decoding=\"async\" src=\"https:\/\/avispa.org\/wp-content\/uploads\/2025\/01\/Desalojo-Pailako-Rox-Sposaro-03-1024x683-1.jpg\" alt=\"\" class=\"wp-image-118803\"\/><\/a><figcaption class=\"wp-element-caption\"><em><sup>Foto: Roxana Sposaro<\/sup><\/em><\/figcaption><\/figure>\n\n\n\n<h3 class=\"wp-block-heading\" id=\"h-un-show-anunciado-y-frustrado\">Un show anunciado y frustrado<\/h3>\n\n\n\n<p>El desalojo fue un show anunciado por el gobierno nacional y provincial, el Poder Judicial y muchos medios de comunicaci\u00f3n. En el lugar estuvieron el gobernador de Chubut, Ignacio Torres, y el titular de Parques Nacionales, Cristian Larsen. La ministra de Seguridad de la Naci\u00f3n, Patricia Bullrich, lleg\u00f3 en helic\u00f3ptero cerca del mediod\u00eda. La Ministra tambi\u00e9n hab\u00eda ocupado ese cargo durante los operativos militares que culminaron con la desaparici\u00f3n seguida de muerte de Santiago Maldonado y el asesinato de Rafael Nahuel, en 2017. Otro funcionario que tambi\u00e9n dijo presente fue el titular de Seguridad chubutense, H\u00e9ctor Iturrioz. La conferencia de prensa prometida desde el Gobierno nunca se hizo.<\/p>\n\n\n\n<p>La orden del juez federal Otranto (conocido por su participaci\u00f3n en la causa de desaparici\u00f3n forzada de Santiago Maldonado), se basa en la&nbsp;<a href=\"https:\/\/servicios.infoleg.gob.ar\/infolegInternet\/anexos\/15000-19999\/16299\/texact.htm\">Ley 22.351<\/a>. Esta normativa fue sancionada en la \u00faltima dictadura militar: criminaliza a los \u201cintrusos\u201d que utilicen las instalaciones de los Parques Nacionales y autoriza su desalojo.<\/p>\n\n\n\n<figure class=\"wp-block-image\"><a href=\"https:\/\/avispa.org\/wp-content\/uploads\/2025\/01\/Desalojo-Pailako-Rox-Sposaro-04-1024x683-1.jpg\"><img decoding=\"async\" src=\"https:\/\/avispa.org\/wp-content\/uploads\/2025\/01\/Desalojo-Pailako-Rox-Sposaro-04-1024x683-1.jpg\" alt=\"\" class=\"wp-image-118804\"\/><\/a><figcaption class=\"wp-element-caption\"><em><sup>Foto: Roxana Sposaro<\/sup><\/em><\/figcaption><\/figure>\n\n\n\n<h3 class=\"wp-block-heading\" id=\"h-sin-sentencia-firme\">Sin sentencia firme<\/h3>\n\n\n\n<p>Las acciones llevadas a cabo durante este jueves se realizaron sin una sentencia judicial firme y sin que se hayan agotado las presentaciones realizadas por la organizaci\u00f3n Gremial de Abogados, en representaci\u00f3n de la comunidad Pailako, ante el Poder Judicial.<\/p>\n\n\n\n<p>Ante estos atropellos, la comunidad resiste. \u201cSiempre somos vistos de mala manera. Nuestra intenci\u00f3n es preservar este monte, poder criar a nuestros hijos y las infancias que est\u00e1n aqu\u00ed\u201d, afirmaba&nbsp;<a href=\"https:\/\/agenciapresentes.org\/2025\/01\/08\/como-es-lof-pailako-la-comunidad-mapuche-que-la-justicia-ordeno-desalojar\/\">d\u00edas antes del desalojo Bel\u00e9n Salina<\/a>, integrante de la Lof. Pese a haber evitado una situaci\u00f3n de violencia contra las familias, la comunidad se vio obligada a dejar sus viviendas, su tierra y sus animales en el Parque.<\/p>\n\n\n\n<figure class=\"wp-block-image\"><a href=\"https:\/\/avispa.org\/wp-content\/uploads\/2025\/01\/Desalojo-Pailako-Rox-Sposaro-05b-1024x681-1.jpg\"><img decoding=\"async\" src=\"https:\/\/avispa.org\/wp-content\/uploads\/2025\/01\/Desalojo-Pailako-Rox-Sposaro-05b-1024x681-1.jpg\" alt=\"\" class=\"wp-image-118806\"\/><\/a><figcaption class=\"wp-element-caption\"><em><sup>Foto: Nicol\u00e1s Palacios \/ LUAN \u2013 Colectiva fotogr\u00e1fica<\/sup><\/em><\/figcaption><\/figure>\n\n\n\n<p>El 8 de enero, la Lof, la Asamblea Permanente por los Derechos Humanos (APDH), la Liga por los Derechos Humanos y el Comit\u00e9 por la Libertad de los presos pol\u00edticos Mapuche en Puelmapu brindaron&nbsp;<a href=\"https:\/\/www.instagram.com\/p\/DEkauM7OvoU\/\">una conferencia de prensa en Esquel<\/a>.<\/p>\n\n\n\n<p>En representaci\u00f3n del Comit\u00e9, Mill\u00e1n apunt\u00f3 contra el Gobierno: \u201cHoy vemos a estos mentores de la muerte venir a nuestros territorios y hacer de la narrativa de las pol\u00edticas criminales la normalidad. Ellos reivindican el proceso militar. Y durante el proceso militar se elimin\u00f3 un ecosistema pr\u00edstino para hacer una de las represas m\u00e1s grandes de la Patagonia, que hoy abastece a una empresa privada. Esa l\u00f3gica es la que est\u00e1 siendo reivindicada, no s\u00f3lo los desaparecidos sino tambi\u00e9n el saqueo\u201d. Al respecto, asegur\u00f3: \u201cQuieren privatizar \u00e1reas de los Parques Nacionales y la piedra en el zapato somos los pueblos originarios\u201d.<\/p>\n\n\n\n<p>La represa a la que aludi\u00f3 Mill\u00e1n es Futaleuf\u00fa, que se construy\u00f3 dentro del Parque Los Alerces y fue puesta en funcionamiento en 1978 para el abastecimiento energ\u00e9tico de la empresa de aluminio Aluar. Bajo la lupa de las comunidades ind\u00edgenas est\u00e1n tambi\u00e9n los incendios intencionales. La Lof Pailako asegur\u00f3 en un comunicado que \u201cqueman miles de hect\u00e1reas con el prop\u00f3sito de llevar a cabo negocios extractivos\u201d. Al desalojo se suma el despido reciente de cien brigadistas forestales que trabajaban en el Parque.<\/p>\n\n\n\n<p>En la conferencia, Mill\u00e1n se\u00f1al\u00f3 la responsabilidad de los gobiernos anteriores por no haber regularizado la situaci\u00f3n territorial de los pueblos ind\u00edgenas. Finalmente, llam\u00f3 a hacer un \u201cboicot\u201d a los parques nacionales del pa\u00eds, evitando pagar las entradas respectivas.<\/p>\n\n\n\n<figure class=\"wp-block-image\"><a href=\"https:\/\/avispa.org\/wp-content\/uploads\/2025\/01\/Desalojo-Pailako-Rox-Sposaro-07-1024x683-1.jpg\"><img decoding=\"async\" src=\"https:\/\/avispa.org\/wp-content\/uploads\/2025\/01\/Desalojo-Pailako-Rox-Sposaro-07-1024x683-1.jpg\" alt=\"\" class=\"wp-image-118808\"\/><\/a><figcaption class=\"wp-element-caption\"><em><sup>Foto: Roxana Sposa<\/sup><\/em><\/figcaption><\/figure>\n\n\n\n<h3 class=\"wp-block-heading\" id=\"h-solidaridad-con-pailako-en-nahuelpan\">Solidaridad con Pailako en Nahuelpan<\/h3>\n\n\n\n<p>Mientras Bullrich hac\u00eda un despliegue desmedido de las fuerzas de seguridad, a 40 kil\u00f3metros de ah\u00ed, en el Lof Nahuelpan, un grupo de Pu Lamien autoconvocadas y desde una red de acompa\u00f1amiento a Lof Pailako, realizaron una acci\u00f3n para visibilizar, conversar e informar a quienes llegan al tren tur\u00edstico La Trochita sobre lo que pasaba en Los Alerces y la estigmatizaci\u00f3n hacia las comunidades ind\u00edgenas.<\/p>\n\n\n\n<p>Por un rato se cortaron las v\u00edas, se coloc\u00f3 una bandera, se repartieron volantes y se convers\u00f3 con quienes iban a abordar el tren. Hubo momentos de tensi\u00f3n cuando llegaron las fuerzas policiales, pero nadie cedi\u00f3 a las provocaciones y los micros pedidos por el municipio se encargaron de trasladar a las y los turistas.<\/p>\n\n\n\n<p>\u201dVinimos de manera pac\u00edfica para romper con ese imaginario social que nos crean desde los medios de comunicaci\u00f3n hegem\u00f3nicos y la misma sociedad racista, donde nos tratan de violentos, cuando nosotros solamente queremos informar. Lamentablemente, la ignorancia y la desinformaci\u00f3n es un virus, es una enfermedad que nos atraviesa hoy como sociedad. Vinimos de forma pac\u00edfica y lleg\u00f3 la polic\u00eda a amedrentarnos, a violentar a la gente y a empujar\u201d, dijo Zamira Tacuman.<\/p>\n\n\n\n<p>Con todas las fuerzas represivas a disposici\u00f3n, esta peque\u00f1a acci\u00f3n de resistencia y solidaridad pudo realizarse pac\u00edficamente, en un sitio emblem\u00e1tico para las protestas. Fue un modo de abrazar la lucha de la Lof Pailako y de todas las comunidades ind\u00edgenas criminalizadas por el gobierno provincial y nacional.<\/p>\n\n\n\n<p>En noviembre, en la Asamblea de la ONU, Argentina fue el \u00fanico pa\u00eds que vot\u00f3 en contra de una resoluci\u00f3n contra los derechos de los pueblos originarios<\/p>\n\n\n\n<figure class=\"wp-block-image\"><a href=\"https:\/\/avispa.org\/wp-content\/uploads\/2025\/01\/Desalojo-Pailako-Rox-Sposaro-05-1024x683-1.jpg\"><img decoding=\"async\" src=\"https:\/\/avispa.org\/wp-content\/uploads\/2025\/01\/Desalojo-Pailako-Rox-Sposaro-05-1024x683-1.jpg\" alt=\"\" class=\"wp-image-118805\"\/><\/a><figcaption class=\"wp-element-caption\">Foto: Roxana Sposaro<\/figcaption><\/figure>\n\n\n\n<h3 class=\"wp-block-heading\" id=\"h-la-batalla-judicial-y-desigual-como-se-llego-al-desalojo\">La batalla judicial y desigual: c\u00f3mo se lleg\u00f3 al desalojo<\/h3>\n\n\n\n<p>La comunidad recuper\u00f3 su territorio ancestral en 2020, reafirmando su arraigo cultural y espiritual en la Mapu (tierra). All\u00ed siembran, cr\u00edan animales y cuidan a sus hijas e hijos. Desde entonces, enfrentan amenazas y hostigamientos. Quienes all\u00ed viven son descendientes de pobladoras y pobladores mapuche en lo que hoy es el Parque Nacional Los Alerces, creado por el Estado argentino en el marco de las pol\u00edticas de expulsi\u00f3n de las comunidades ind\u00edgenas de la Patagonia.<\/p>\n\n\n\n<p>\u201cPara nosotros \u2018pailako\u2019 significa \u2018arroyo tranquilo\u2019\u201d, explic\u00f3 Lemu Cruz C\u00e1rdenas,&nbsp;<a href=\"https:\/\/agenciapresentes.org\/2025\/01\/08\/como-es-lof-pailako-la-comunidad-mapuche-que-la-justicia-ordeno-desalojar\/\">en una nota brindada a la Agencia Presentes<\/a>. \u201cEl arroyo que da nombre a la comunidad se arma entre varias corrientes de agua, arroyos m\u00e1s peque\u00f1os, que bajan del cerro y forman uno m\u00e1s grande. Viv\u00edamos a la orilla de ese arroyo\u201d, record\u00f3 C\u00e1rdenas. Hoy, \u00e9l y Mar\u00eda Bel\u00e9n Salina (integrantes de la comunidad) est\u00e1n imputados por presunta participaci\u00f3n en incendios forestales ocurridos en el Parque. No hay una sola prueba en su contra.<\/p>\n\n\n\n<p>Como respuesta a la recuperaci\u00f3n territorial iniciada en 2020, Parques Nacionales realiz\u00f3 una presentaci\u00f3n ante el juez Otranto para pedir el desalojo de la comunidad. En primera instancia, el magistrado habilit\u00f3 el ingreso a la Lof para identificar a las personas que habitan all\u00ed. Fue un paso previo al desalojo.<\/p>\n\n\n\n<figure class=\"wp-block-image\"><a href=\"https:\/\/avispa.org\/wp-content\/uploads\/2025\/01\/Desalojo-Pailako-Rox-Sposaro-08b-1024x681-1.jpg\"><img decoding=\"async\" src=\"https:\/\/avispa.org\/wp-content\/uploads\/2025\/01\/Desalojo-Pailako-Rox-Sposaro-08b-1024x681-1.jpg\" alt=\"\" class=\"wp-image-118809\"\/><\/a><figcaption class=\"wp-element-caption\"><em><sup>Foto: Nicol\u00e1s Palacios \/ LUAN \u2013 Colectiva fotogr\u00e1fica<\/sup><\/em><\/figcaption><\/figure>\n\n\n\n<p>El juez Otranto emiti\u00f3 entonces la orden para la expulsi\u00f3n, pero fue suspendida por la C\u00e1mara Federal de Comodoro Rivadavia. Ante la apelaci\u00f3n de Parques Nacionales, la C\u00e1mara Federal de Apelaciones de Comodoro Rivadavia le dio la raz\u00f3n al organismo nacional y la amenaza del desalojo volvi\u00f3 a estar vigente.<\/p>\n\n\n\n<p>Resulta llamativo en el fallo de la C\u00e1mara Federal de Apelaciones el argumento del juez Javier Leal de Ibarra: \u201cQueda debidamente expuesto que Cruz C\u00e1rdenas y Mar\u00eda Bel\u00e9n Salinas (NdR: n\u00f3tese la mala escritura del apellido Salina, familia tradicional de la zona) adscribieron a una comunidad mapuche que ocup\u00f3 la zona denominada ex Poblaci\u00f3n Felidor Salina a partir de enero del a\u00f1o 2020. [\u2026] y que si bien descienden de pobladores que contaban con permisos para ocupar tierras dentro del Parque Nacional Los Alerces, ning\u00fan permiso precario les ha sido conferido sobre la zona que espec\u00edficamente pretenden\u201d. Felidor Salina era el tatarabuelo de Bel\u00e9n Salina, integrante de la Lof Pailako. Como a tantos pobladores de la zona, en 1940 le entregaron un \u201cpermiso precario\u201d para pastaje y ocupaci\u00f3n.<\/p>\n\n\n\n<p>El 30 de diciembre, d\u00edas despu\u00e9s de la derogaci\u00f3n de la pr\u00f3rroga de la Ley 26.160, Otranto habilit\u00f3 nuevamente el desalojo sin que exista una sentencia firme sobre el caso y antes de haberse agotado los recursos legales presentados por la comunidad. Desde la APDH tambi\u00e9n presentaron un h\u00e1beas corpus preventivo, que fue desestimado por el juez.<\/p>\n\n\n\n<p>El 2 de enero, un oficial de justicia, acompa\u00f1ado por fuerzas federales, notific\u00f3 a la comunidad sobre el desalojo. Dio un plazo de cinco d\u00edas h\u00e1biles (hasta el 9 de enero) para abandonar el territorio. En la notificaci\u00f3n se advirti\u00f3 que se iba a disponer del uso de la fuerza p\u00fablica y del allanamiento de domicilios en caso de \u00abser necesarios\u00bb. La informaci\u00f3n fue presentada junto a Danilo Hern\u00e1ndez Ota\u00f1o (intendente del Parque Nacional Los Alerces) y Laura Fenoglio, personal de Parques Nacionales.<\/p>\n\n\n\n<p>El argumento que sostienen desde Parques Nacionales para el desalojo es preservar el \u00e1rea protegida. Sin embargo, la ONU&nbsp;<a href=\"https:\/\/news.un.org\/es\/story\/2023\/07\/1522757\">destac\u00f3 en 2023<\/a>&nbsp;que \u201cgracias a sus conocimientos y su relaci\u00f3n con el medio ambiente, los pueblos ind\u00edgenas pueden ayudar a encontrar soluciones para remediar los da\u00f1os causados por la triple crisis planetaria\u201d.<\/p>\n\n\n\n<figure class=\"wp-block-image\"><a href=\"https:\/\/avispa.org\/wp-content\/uploads\/2025\/01\/Desalojo-Pailako-Rox-Sposaro-06-1024x683-1.jpg\"><img decoding=\"async\" src=\"https:\/\/avispa.org\/wp-content\/uploads\/2025\/01\/Desalojo-Pailako-Rox-Sposaro-06-1024x683-1.jpg\" alt=\"\" class=\"wp-image-118807\"\/><\/a><figcaption class=\"wp-element-caption\"><em><sup>Foto: Roxana Sposaro<\/sup><\/em><\/figcaption><\/figure>\n\n\n\n<h3 class=\"wp-block-heading\" id=\"h-el-parque-los-alerces\">El Parque Los Alerces<\/h3>\n\n\n\n<p>La Reserva Nacional Los Alerces se fund\u00f3 en 1937. En 1945 se declar\u00f3 como Parque Nacional, con una extensi\u00f3n de m\u00e1s de 280.000 hect\u00e1reas. Fue a trav\u00e9s del despojo y el desalojo violento de las comunidades que all\u00ed habitaban que se crearon estas \u00e1reas \u201cprotegidas\u201d.<\/p>\n\n\n\n<p>\u201cEl juicio civil, en el que se podr\u00edan dirimir los derechos ancestrales de los integrantes de la lof, duerme en un caj\u00f3n de la Justicia argentina, sin dar la posibilidad entonces de sacar a la luz la ocupaci\u00f3n tradicional de este espacio territorial por algunos de sus miembros que son la quinta generaci\u00f3n de las familias que all\u00ed viv\u00edan, mucho antes de la creaci\u00f3n de Parques Nacionales\u201d, expresa un documento firmado por decenas de comunidades mapuche y asambleas socioambientales.<\/p>\n\n\n\n<p>En el mismo texto, denuncian que la zona \u201ces codiciada por intereses inmobiliarios, mineros, forestales e hidroel\u00e9ctricos\u201d.<\/p>\n\n\n\n<figure class=\"wp-block-image\"><a href=\"https:\/\/avispa.org\/wp-content\/uploads\/2025\/01\/Desalojo-Pailako-Rox-Sposaro-12-1024x683-1.jpg\"><img decoding=\"async\" src=\"https:\/\/avispa.org\/wp-content\/uploads\/2025\/01\/Desalojo-Pailako-Rox-Sposaro-12-1024x683-1.jpg\" alt=\"\" class=\"wp-image-118812\"\/><\/a><figcaption class=\"wp-element-caption\"><em><sup>Foto: Roxana Sposaro<\/sup><\/em><\/figcaption><\/figure>\n\n\n\n<h3 class=\"wp-block-heading\" id=\"h-un-estado-que-reivindica-su-racismo\">Un Estado que reivindica su racismo<\/h3>\n\n\n\n<p>En diciembre pasado, el gobernador de Chubut asegur\u00f3: \u00abEste gobierno (provincial) va a ir hasta las \u00faltimas consecuencias contra quienes toman un bien que no es propio y que vayan presos. Hay que separar lo que son nuestros pueblos originarios [\u2026] de estos delincuentes que levantan falsas banderas para cometer delitos. Para hacerse de tierras privadas. O, por ejemplo, tomar el Parque Nacional Los Alerces\u00bb.<\/p>\n\n\n\n<p>En la misma l\u00ednea, el 8 de enero, el Ministerio de Seguridad de la Naci\u00f3n, en conjunto con la Vicejefatura de Gabinete y la Administraci\u00f3n de Parques Nacionales, emiti\u00f3 un comunicado afirmando que \u00abtras agotarse todas las instancias judiciales y los intentos de retirada pac\u00edfica, se proceder\u00e1 al desalojo del grupo autoproclamado mapuche encabezado por Cruz C\u00e1rdenas, que desde el a\u00f1o 2020 usurpa y ocupa ilegalmente \u00e1reas protegidas del Parque Nacional Los Alerces\u00bb. Y anunciaron que el operativo se llevar\u00eda a cabo con Fuerzas Federales.<\/p>\n\n\n\n<p>Tambi\u00e9n aludieron al \u00abderecho a la propiedad del Estado Nacional\u00bb y a supuestos ataques verbales y f\u00edsicos por parte de la comunidad. Y refirieron a la Ley 26.160: \u00abUna legislaci\u00f3n impulsada por administraciones anteriores, que suspend\u00eda la ejecuci\u00f3n de desalojos en territorios reclamados por determinados grupos\u00bb. Una forma de desconocer los derechos de los pueblos ind\u00edgenas que rigen en Argentina.<\/p>\n\n\n\n<figure class=\"wp-block-image\"><a href=\"https:\/\/avispa.org\/wp-content\/uploads\/2025\/01\/Desalojo-Pailako-Rox-Sposaro-09-1024x683-1.jpg\"><img decoding=\"async\" src=\"https:\/\/avispa.org\/wp-content\/uploads\/2025\/01\/Desalojo-Pailako-Rox-Sposaro-09-1024x683-1.jpg\" alt=\"\" class=\"wp-image-118810\"\/><\/a><figcaption class=\"wp-element-caption\"><em><sup>Foto: Roxana Sposaro<\/sup><\/em><\/figcaption><\/figure>\n\n\n\n<h3 class=\"wp-block-heading\" id=\"h-la-identidad-es-un-derecho\">La identidad es un derecho<\/h3>\n\n\n\n<p>Nora Rodr\u00edguez y Ra\u00fal Mazzone, integrantes de la APDH presentes en la conferencia de prensa, expresaron: \u201cEs horrible ver el rostro racista, colonial, cada vez m\u00e1s inquisidor que habilita m\u00e9todos que estaban prohibidos desde la dictadura, de investigaci\u00f3n como si hubiera enemigos internos. Es una faceta horrible del Estado. Pero a la vez vemos en las comunidades procesos de identidad, que son un derecho. Despojarlas de sus territorios es muy doloroso. Vemos el da\u00f1o que esto causa en personas de distintos g\u00e9neros, edades, a infancias que van a sufrir esto de una forma significativa en su proceso de vida. La identidad es un derecho, quiz\u00e1s al Estado en su formato actual no le guste reconocerlo\u201d.<\/p>\n\n\n\n<figure class=\"wp-block-image\"><a href=\"https:\/\/avispa.org\/wp-content\/uploads\/2025\/01\/Desalojo-Pailako-Rox-Sposaro-10-1024x683-1.jpg\"><img decoding=\"async\" src=\"https:\/\/avispa.org\/wp-content\/uploads\/2025\/01\/Desalojo-Pailako-Rox-Sposaro-10-1024x683-1.jpg\" alt=\"\" class=\"wp-image-118811\"\/><\/a><figcaption class=\"wp-element-caption\"><em><sup>Foto: Roxana Sposaro<\/sup><\/em><\/figcaption><\/figure>\n\n\n\n<p>A su turno, desde la Liga Argentina por los Derechos Humanos expresar\u00f3: \u201c\u00bfPara qu\u00e9 elegimos un gobierno democr\u00e1tico? Tenemos derecho a cuestionar a ese gobierno, ning\u00fan gobierno es absoluto. La gesti\u00f3n actual \u00bfno debe respetar la Constituci\u00f3n argentina? Hoy vemos a un Estado que fomenta la discriminaci\u00f3n\u201d.<\/p>\n\n\n\n<p>El Equipo Nacional de Pastoral Aborigen (Endepa) manifest\u00f3 mediante un comunicado: \u201cEl desalojo de la comunidad nos recuerda oscuros episodios recientes en los que perdieron la vida quienes formaban parte de reivindicaciones territoriales. Es posible construir un di\u00e1logo intercultural en el que todas las culturas y pueblos sean respetados, pero no ocurrir\u00e1 si la respuesta estatal es la violencia, la discriminaci\u00f3n y la falta de respeto a los derechos colectivos de las comunidades preexistentes\u201d.<\/p>\n\n\n\n<figure class=\"wp-block-image\"><a href=\"https:\/\/avispa.org\/wp-content\/uploads\/2025\/01\/Desalojo-Pailako-Rox-Sposaro-14-1024x683-1.jpg\"><img decoding=\"async\" src=\"https:\/\/avispa.org\/wp-content\/uploads\/2025\/01\/Desalojo-Pailako-Rox-Sposaro-14-1024x683-1.jpg\" alt=\"\" class=\"wp-image-118813\"\/><\/a><figcaption class=\"wp-element-caption\"><em><sup>Foto: Roxana Sposaro<\/sup><\/em><\/figcaption><\/figure>\n\n\n\n<hr class=\"wp-block-separator has-alpha-channel-opacity\"\/>\n\n\n\n<p><sup>Cobertura colaborativa de&nbsp;<a href=\"https:\/\/infoterritorial.com.ar\/\">Infoterritorial<\/a>,&nbsp;<a href=\"https:\/\/revistacitrica.com\/\">Revista C\u00edtrica<\/a>,&nbsp;<a href=\"https:\/\/agenciapresentes.org\/\">Agencia Presentes<\/a>&nbsp;y Agencia Tierra Viva<\/sup><\/p>\n\n\n\n<p><sup>Edici\u00f3n: Mar\u00eda Eugenia Ludue\u00f1a<\/sup><\/p>\n\n\n\n<p><sup>Edici\u00f3n de Fotograf\u00eda: Nicol\u00e1s Pousthomis<\/sup><\/p>\n\n\n\n<p><\/p>\n","protected":false},"excerpt":{"rendered":"<p>Fuente: Avispa Por Mari\u00e1ngeles Guerrero, Gioia Claro, Roxana Sposaro, Celeste Vientos y Mariana Aquino \/&nbsp;Agencia Tierra Viva Foto de portada: Roxana Sposaro El desalojo a la comunidad mapuche Pailako de su territorio ancestral en el Parque Nacional Los Alerces (Esquel, Chubut) hab\u00eda sido anunciado con mucho \u00e9nfasis. A las 8 de la ma\u00f1ana de este [&hellip;]<\/p>\n","protected":false},"author":21,"featured_media":49909,"comment_status":"open","ping_status":"closed","sticky":false,"template":"","format":"standard","meta":{"footnotes":""},"categories":[957,51,1284,826,958,935],"tags":[85,58,53,1097,567,147,545,87,148,27,483],"class_list":["post-49908","post","type-post","status-publish","format-standard","has-post-thumbnail","hentry","category-autonomia","category-autor","category-latinoamerica","category-medios-libres-2","category-megaproyectos","category-temas","tag-chile","tag-derechos-humanos","tag-justicia","tag-mapuches","tag-megaproyectos","tag-militarizacion","tag-pueblos-indigenas","tag-represion","tag-resistencia","tag-solidaridad","tag-tierra-y-territorio"],"_links":{"self":[{"href":"https:\/\/radiozapatista.org\/index.php?rest_route=\/wp\/v2\/posts\/49908","targetHints":{"allow":["GET"]}}],"collection":[{"href":"https:\/\/radiozapatista.org\/index.php?rest_route=\/wp\/v2\/posts"}],"about":[{"href":"https:\/\/radiozapatista.org\/index.php?rest_route=\/wp\/v2\/types\/post"}],"author":[{"embeddable":true,"href":"https:\/\/radiozapatista.org\/index.php?rest_route=\/wp\/v2\/users\/21"}],"replies":[{"embeddable":true,"href":"https:\/\/radiozapatista.org\/index.php?rest_route=%2Fwp%2Fv2%2Fcomments&post=49908"}],"version-history":[{"count":1,"href":"https:\/\/radiozapatista.org\/index.php?rest_route=\/wp\/v2\/posts\/49908\/revisions"}],"predecessor-version":[{"id":49910,"href":"https:\/\/radiozapatista.org\/index.php?rest_route=\/wp\/v2\/posts\/49908\/revisions\/49910"}],"wp:featuredmedia":[{"embeddable":true,"href":"https:\/\/radiozapatista.org\/index.php?rest_route=\/wp\/v2\/media\/49909"}],"wp:attachment":[{"href":"https:\/\/radiozapatista.org\/index.php?rest_route=%2Fwp%2Fv2%2Fmedia&parent=49908"}],"wp:term":[{"taxonomy":"category","embeddable":true,"href":"https:\/\/radiozapatista.org\/index.php?rest_route=%2Fwp%2Fv2%2Fcategories&post=49908"},{"taxonomy":"post_tag","embeddable":true,"href":"https:\/\/radiozapatista.org\/index.php?rest_route=%2Fwp%2Fv2%2Ftags&post=49908"}],"curies":[{"name":"wp","href":"https:\/\/api.w.org\/{rel}","templated":true}]}}