{"id":49895,"date":"2025-01-13T18:51:26","date_gmt":"2025-01-14T00:51:26","guid":{"rendered":"https:\/\/radiozapatista.org\/?p=49895"},"modified":"2025-01-13T18:51:35","modified_gmt":"2025-01-14T00:51:35","slug":"fragmentos-del-programa-cultural-del-encuentro-de-resistencia-y-rebeldia","status":"publish","type":"post","link":"https:\/\/radiozapatista.org\/?p=49895","title":{"rendered":"Fragmentos del Programa Cultural del Encuentro de Resistencia y Rebeld\u00eda"},"content":{"rendered":"\n<p class=\"has-text-align-center\"><strong>Ecos de la Primera Sesi\u00f3n de los Encuentros de Resistencia y Rebeld\u00eda.<\/strong><br><strong>Diciembre 2024 y 1-2 de enero 2025.<\/strong><\/p>\n\n\n\n<p class=\"has-text-align-center\"><strong>Fragmentos del Programa Cultural del Encuentro de Resistencia y Rebeld\u00eda<\/strong><\/p>\n\n\n\n<p><iframe loading=\"lazy\" title=\"vimeo-player\" src=\"https:\/\/player.vimeo.com\/video\/1046558398?h=6d987e5dda\" width=\"640\" height=\"360\" frameborder=\"0\"    allowfullscreen><\/iframe><\/p>\n\n\n\n<p>Material de Tejemedios (<a href=\"https:\/\/tejemedios.yanapak.org\">https:\/\/tejemedios.yanapak.org<\/a>) y Tercios Compas<br>Edici\u00f3n: Tercios Compas<\/p>\n\n\n\n<p><\/p>\n","protected":false},"excerpt":{"rendered":"<p>Ecos de la Primera Sesi\u00f3n de los Encuentros de Resistencia y Rebeld\u00eda.Diciembre 2024 y 1-2 de enero 2025. Fragmentos del Programa Cultural del Encuentro de Resistencia y Rebeld\u00eda Material de Tejemedios (https:\/\/tejemedios.yanapak.org) y Tercios CompasEdici\u00f3n: Tercios Compas<\/p>\n","protected":false},"author":1,"featured_media":49896,"comment_status":"open","ping_status":"closed","sticky":false,"template":"","format":"standard","meta":{"footnotes":""},"categories":[957,6,118,955,222],"tags":[1139,917,56,926],"class_list":["post-49895","post","type-post","status-publish","format-standard","has-post-thumbnail","hentry","category-autonomia","category-chiapas","category-ezln","category-ezln-temas","category-video","tag-artes","tag-chiapas","tag-encuentros","tag-ezln"],"_links":{"self":[{"href":"https:\/\/radiozapatista.org\/index.php?rest_route=\/wp\/v2\/posts\/49895","targetHints":{"allow":["GET"]}}],"collection":[{"href":"https:\/\/radiozapatista.org\/index.php?rest_route=\/wp\/v2\/posts"}],"about":[{"href":"https:\/\/radiozapatista.org\/index.php?rest_route=\/wp\/v2\/types\/post"}],"author":[{"embeddable":true,"href":"https:\/\/radiozapatista.org\/index.php?rest_route=\/wp\/v2\/users\/1"}],"replies":[{"embeddable":true,"href":"https:\/\/radiozapatista.org\/index.php?rest_route=%2Fwp%2Fv2%2Fcomments&post=49895"}],"version-history":[{"count":1,"href":"https:\/\/radiozapatista.org\/index.php?rest_route=\/wp\/v2\/posts\/49895\/revisions"}],"predecessor-version":[{"id":49897,"href":"https:\/\/radiozapatista.org\/index.php?rest_route=\/wp\/v2\/posts\/49895\/revisions\/49897"}],"wp:featuredmedia":[{"embeddable":true,"href":"https:\/\/radiozapatista.org\/index.php?rest_route=\/wp\/v2\/media\/49896"}],"wp:attachment":[{"href":"https:\/\/radiozapatista.org\/index.php?rest_route=%2Fwp%2Fv2%2Fmedia&parent=49895"}],"wp:term":[{"taxonomy":"category","embeddable":true,"href":"https:\/\/radiozapatista.org\/index.php?rest_route=%2Fwp%2Fv2%2Fcategories&post=49895"},{"taxonomy":"post_tag","embeddable":true,"href":"https:\/\/radiozapatista.org\/index.php?rest_route=%2Fwp%2Fv2%2Ftags&post=49895"}],"curies":[{"name":"wp","href":"https:\/\/api.w.org\/{rel}","templated":true}]}}