{"id":49882,"date":"2025-01-09T23:04:00","date_gmt":"2025-01-10T05:04:00","guid":{"rendered":"https:\/\/radiozapatista.org\/?p=49882"},"modified":"2025-01-09T23:04:02","modified_gmt":"2025-01-10T05:04:02","slug":"el-colapso-y-el-dia-despues-las-partes-y-el-todo-obra-de-teatro-zapatista","status":"publish","type":"post","link":"https:\/\/radiozapatista.org\/?p=49882","title":{"rendered":"\u201cEl Colapso y el D\u00eda Despu\u00e9s. Las Partes y el Todo\u201d. Obra de Teatro Zapatista"},"content":{"rendered":"\n<p>Cientos de j\u00f3venes zapatistas realizaron una obra de teatro presentada en dos partes, el 31 de diciembre se presentaron las primeras seis cap\u00edtulos, el d\u00eda 1 de enero presentar\u00edan la segunda y \u00faltima parte donde comparten la idea que tienen del mundo, sus preocupaciones y las ideas que les gu\u00edan para el futuro. Las y los zapatistas siendo ejemplo y semilla con sus a\u00f1os de caminar en la autonom\u00eda y escuch\u00e1ndose y escuchando a otres.<\/p>\n\n\n\n<p>\u201cEl Colapso y el D\u00eda Despu\u00e9s. Las Partes y el Todo\u201d.<br>Obra de Teatro en 12 escenas con j\u00f3venes y j\u00f3venas zapatistas de los 12 caracoles.<br>Festival cultural del 31 aniversario del levantamiento zapatista. Oventic, Chiapas, M\u00e9xico, 2025.<br>C\u00e1mara y edici\u00f3n: Noticias de abajo y Del Barrio News.<\/p>\n\n\n\n<p><br>https:\/\/wp.me\/p6BKO7-3CQ<\/p>\n\n\n\n<p>Parte I<\/p>\n\n\n\n<figure class=\"wp-block-embed is-type-video is-provider-youtube wp-block-embed-youtube wp-embed-aspect-16-9 wp-has-aspect-ratio\"><div class=\"wp-block-embed__wrapper\">\n<iframe loading=\"lazy\" title=\"\u201cEl Colapso y el D\u00eda Despu\u00e9s.  Las Partes y el Todo\u201d.Obra de Teatro zapatista 1 de 2\" width=\"500\" height=\"281\" src=\"https:\/\/www.youtube.com\/embed\/oThBi7NX7eQ?feature=oembed\" frameborder=\"0\" allow=\"accelerometer; autoplay; clipboard-write; encrypted-media; gyroscope; picture-in-picture; web-share\" referrerpolicy=\"strict-origin-when-cross-origin\" allowfullscreen><\/iframe>\n<\/div><\/figure>\n\n\n\n<p>Parte II<\/p>\n\n\n\n<figure class=\"wp-block-embed is-type-video is-provider-youtube wp-block-embed-youtube wp-embed-aspect-16-9 wp-has-aspect-ratio\"><div class=\"wp-block-embed__wrapper\">\n<iframe loading=\"lazy\" title=\"\u201cEl Colapso y el D\u00eda Despu\u00e9s.  Las Partes y el Todo\u201d.Obra de Teatro zapatista 2 de 2\" width=\"500\" height=\"281\" src=\"https:\/\/www.youtube.com\/embed\/P5BTERpNqqc?feature=oembed\" frameborder=\"0\" allow=\"accelerometer; autoplay; clipboard-write; encrypted-media; gyroscope; picture-in-picture; web-share\" referrerpolicy=\"strict-origin-when-cross-origin\" allowfullscreen><\/iframe>\n<\/div><\/figure>\n\n\n\n<p>Puedes descargarlos aqu\u00ed:<\/p>\n\n\n\n<p>P<a href=\"https:\/\/www.facebook.com\/LosTejemedios\/videos\/985151073464768\">ARTE 1 https:\/\/www.facebook.com\/LosTejemedios\/videos\/985151073464768<\/a><\/p>\n\n\n\n<p><br><a href=\"http:\/\/PARTE 2 https:\/\/www.facebook.com\/LosTejemedios\/videos\/588930103747496\">PARTE 2 https:\/\/www.facebook.com\/LosTejemedios\/videos\/588930103747496<\/a><\/p>\n\n\n\n<p>PARTE 1 <\/p>\n\n\n\n<p><a href=\"https:\/\/nube.yanapak.abyaya.la\/s\/parte1_obrazapatista\">https:\/\/nube.yanapak.abyaya.la\/s\/parte1_obrazapatista<\/a><\/p>\n\n\n\n<p><br>PARTE 2 <\/p>\n\n\n\n<p><a href=\"https:\/\/nube.yanapak.abyaya.la\/s\/parte2_obrazapatista\">https:\/\/nube.yanapak.abyaya.la\/s\/parte2_obrazapatista<\/a><\/p>\n\n\n\n<p><\/p>\n\n\n\n<p><\/p>\n\n\n\n<figure class=\"wp-block-embed is-type-wp-embed is-provider-noticias-de-abajo wp-block-embed-noticias-de-abajo\"><div class=\"wp-block-embed__wrapper\">\n<blockquote class=\"wp-embedded-content\" data-secret=\"icLxIJqVIG\"><a href=\"https:\/\/noticiasdeabajoml.wordpress.com\/2025\/01\/09\/el-colapso-y-el-dia-despues-las-partes-y-el-todo-obra-de-teatro-zapatista\/\">\u201cEl Colapso y el D\u00eda Despu\u00e9s. Las Partes y el Todo\u201d. Obra de Teatro&nbsp;Zapatista<\/a><\/blockquote><iframe loading=\"lazy\" class=\"wp-embedded-content\" sandbox=\"allow-scripts\" security=\"restricted\" style=\"position: absolute; visibility: hidden;\" title=\"\u00ab\u201cEl Colapso y el D\u00eda Despu\u00e9s. Las Partes y el Todo\u201d. Obra de Teatro&nbsp;Zapatista\u00bb \u2014 noticias de abajo\" src=\"https:\/\/noticiasdeabajoml.wordpress.com\/2025\/01\/09\/el-colapso-y-el-dia-despues-las-partes-y-el-todo-obra-de-teatro-zapatista\/embed\/#?secret=WrwaQtalGA#?secret=icLxIJqVIG\" data-secret=\"icLxIJqVIG\" width=\"500\" height=\"282\" frameborder=\"0\" marginwidth=\"0\" marginheight=\"0\" scrolling=\"no\"><\/iframe>\n<\/div><\/figure>\n\n\n\n<figure class=\"wp-block-embed is-type-wp-embed is-provider-noticias-de-abajo wp-block-embed-noticias-de-abajo\"><div class=\"wp-block-embed__wrapper\">\n<blockquote class=\"wp-embedded-content\" data-secret=\"icLxIJqVIG\"><a href=\"https:\/\/noticiasdeabajoml.wordpress.com\/2025\/01\/09\/el-colapso-y-el-dia-despues-las-partes-y-el-todo-obra-de-teatro-zapatista\/\">\u201cEl Colapso y el D\u00eda Despu\u00e9s. Las Partes y el Todo\u201d. Obra de Teatro&nbsp;Zapatista<\/a><\/blockquote><iframe loading=\"lazy\" class=\"wp-embedded-content\" sandbox=\"allow-scripts\" security=\"restricted\" style=\"position: absolute; visibility: hidden;\" title=\"\u00ab\u201cEl Colapso y el D\u00eda Despu\u00e9s. Las Partes y el Todo\u201d. Obra de Teatro&nbsp;Zapatista\u00bb \u2014 noticias de abajo\" src=\"https:\/\/noticiasdeabajoml.wordpress.com\/2025\/01\/09\/el-colapso-y-el-dia-despues-las-partes-y-el-todo-obra-de-teatro-zapatista\/embed\/#?secret=WrwaQtalGA#?secret=icLxIJqVIG\" data-secret=\"icLxIJqVIG\" width=\"500\" height=\"282\" frameborder=\"0\" marginwidth=\"0\" marginheight=\"0\" scrolling=\"no\"><\/iframe>\n<\/div><\/figure>\n\n\n\n<p><\/p>\n","protected":false},"excerpt":{"rendered":"<p>Cientos de j\u00f3venes zapatistas realizaron una obra de teatro presentada en dos partes, el 31 de diciembre se presentaron las primeras seis cap\u00edtulos, el d\u00eda 1 de enero presentar\u00edan la segunda y \u00faltima parte donde comparten la idea que tienen del mundo, sus preocupaciones y las ideas que les gu\u00edan para el futuro. Las y [&hellip;]<\/p>\n","protected":false},"author":21,"featured_media":49883,"comment_status":"open","ping_status":"closed","sticky":false,"template":"","format":"standard","meta":{"footnotes":""},"categories":[957,51,6,955,826,954],"tags":[667,926,567,147,23,545,87,148,27],"class_list":["post-49882","post","type-post","status-publish","format-standard","has-post-thumbnail","hentry","category-autonomia","category-autor","category-chiapas","category-ezln-temas","category-medios-libres-2","category-mexico","tag-baezln","tag-ezln","tag-megaproyectos","tag-militarizacion","tag-paramilitares","tag-pueblos-indigenas","tag-represion","tag-resistencia","tag-solidaridad"],"_links":{"self":[{"href":"https:\/\/radiozapatista.org\/index.php?rest_route=\/wp\/v2\/posts\/49882","targetHints":{"allow":["GET"]}}],"collection":[{"href":"https:\/\/radiozapatista.org\/index.php?rest_route=\/wp\/v2\/posts"}],"about":[{"href":"https:\/\/radiozapatista.org\/index.php?rest_route=\/wp\/v2\/types\/post"}],"author":[{"embeddable":true,"href":"https:\/\/radiozapatista.org\/index.php?rest_route=\/wp\/v2\/users\/21"}],"replies":[{"embeddable":true,"href":"https:\/\/radiozapatista.org\/index.php?rest_route=%2Fwp%2Fv2%2Fcomments&post=49882"}],"version-history":[{"count":1,"href":"https:\/\/radiozapatista.org\/index.php?rest_route=\/wp\/v2\/posts\/49882\/revisions"}],"predecessor-version":[{"id":49884,"href":"https:\/\/radiozapatista.org\/index.php?rest_route=\/wp\/v2\/posts\/49882\/revisions\/49884"}],"wp:featuredmedia":[{"embeddable":true,"href":"https:\/\/radiozapatista.org\/index.php?rest_route=\/wp\/v2\/media\/49883"}],"wp:attachment":[{"href":"https:\/\/radiozapatista.org\/index.php?rest_route=%2Fwp%2Fv2%2Fmedia&parent=49882"}],"wp:term":[{"taxonomy":"category","embeddable":true,"href":"https:\/\/radiozapatista.org\/index.php?rest_route=%2Fwp%2Fv2%2Fcategories&post=49882"},{"taxonomy":"post_tag","embeddable":true,"href":"https:\/\/radiozapatista.org\/index.php?rest_route=%2Fwp%2Fv2%2Ftags&post=49882"}],"curies":[{"name":"wp","href":"https:\/\/api.w.org\/{rel}","templated":true}]}}