{"id":49879,"date":"2025-01-09T21:07:56","date_gmt":"2025-01-10T03:07:56","guid":{"rendered":"https:\/\/radiozapatista.org\/?p=49879"},"modified":"2025-01-13T18:53:34","modified_gmt":"2025-01-14T00:53:34","slug":"miles-caminan-rumbo-a-estados-unidos-diez-exodos-salieron-de-chiapas-en-3-meses","status":"publish","type":"post","link":"https:\/\/radiozapatista.org\/?p=49879","title":{"rendered":"Miles caminan rumbo a Estados Unidos; diez \u00e9xodos salieron de Chiapas en 3 meses"},"content":{"rendered":"\n<p>Fuente: <a href=\"https:\/\/avispa.org\/miles-caminan-rumbo-a-estados-unidos-diez-exodos-salieron-de-chiapas-en-3-meses\/\">Avispa Midia<\/a><br>Por Jeny Pascacio<\/p>\n\n\n\n<p><em><sup>En portada: Migrantes avanzan en caravana rumbo al norte de M\u00e9xico. Foto: Mar<\/sup><\/em><em><sup>\u00ed<\/sup><\/em><em><sup>a de Jes\u00fas Peters<\/sup><\/em><\/p>\n\n\n\n<p>Las diez caravanas de migrantes que buscan llegar cuanto antes a l\u00ednea fronteriza entre M\u00e9xico y Estados Unidos se han formado desde la toma de protesta de Claudia Sheinbaum Pardo en M\u00e9xico y tras la elecci\u00f3n de Donald Trump en Estados Unidos.<\/p>\n\n\n\n<p>Luis Garc\u00eda Villagr\u00e1n, abogado y defensor de derechos humanos, asegura que el Estado mexicano est\u00e1 incentivando a la gente a salir caminando, es decir, no les permite acceder a sus derechos y los agotan. Luego de que los orilla a irse en caravanas les ofrece documentos y, para aquellos que aceptan, los traslada a otras ciudades fuera de la ruta que com\u00fanmente usan para llegar al norte de M\u00e9xico, \u201cno hay claridad en los procedimientos\u201d.&nbsp;<\/p>\n\n\n\n<p>El abogado prev\u00e9 que en las siguientes semanas m\u00e1s grupos de migrantes salgan de Tapachula y Tuxtla Guti\u00e9rrez. El \u00faltimo (o la d\u00e9cima caravana) parti\u00f3 el 2 de enero de Tapachula y solo dos d\u00edas despu\u00e9s, el Instituto Nacional de Migraci\u00f3n (INM) ofreci\u00f3 la Forma Migratoria M\u00faltiple (FMM),un permiso para moverse por territorio nacional durante 20 d\u00edas, pero sin garant\u00edas reales de libre tr\u00e1nsito.<\/p>\n\n\n\n<p>La mitad de las personas que integraba el \u00e9xodo aceptaron el documento y fueron trasladadas a ciudades de Guerrero y Michoac\u00e1n, donde nuevamente quedaron varadas. La otra parte del grupo, que se neg\u00f3 a recibir la FMM, sigue en la ruta rumbo a Arriaga, Chiapas, para continuar por la carretera a Oaxaca.&nbsp;&nbsp;<\/p>\n\n\n\n<!--more-->\n\n\n\n<p>Irineo Mujica de Pueblos Sin Frontera advierte que el documento se entrega de manera informal a los integrantes de las caravanas, incluso lo llenan con tinta, \u201cal aparecer no se est\u00e1 creando ninguna base de datos\u201d, en el Sistema Electr\u00f3nico de Tr\u00e1mites Migratorios (Setram), para que tenga validez. Sin esto, son propensos a abusos y si les rompen o roban el documento no hay forma de saber que tienen permiso de estar en M\u00e9xico.<\/p>\n\n\n\n<figure class=\"wp-block-image\"><a href=\"https:\/\/avispa.org\/wp-content\/uploads\/2025\/01\/CaravanaMigranteEnero25-3.jpeg\"><img decoding=\"async\" src=\"https:\/\/avispa.org\/wp-content\/uploads\/2025\/01\/CaravanaMigranteEnero25-3.jpeg\" alt=\"\" class=\"wp-image-118778\"\/><\/a><\/figure>\n\n\n\n<p>Para algunas personas migrantes, el permiso puede ser aprovechado para llegar a la Ciudad de M\u00e9xico y solicitar una cita con las autoridades migratorias a trav\u00e9s de la aplicaci\u00f3n m\u00f3vil&nbsp;<em>CBP One&nbsp;<\/em>de la Oficina de Aduanas y Protecci\u00f3n Fronteriza de los Estados Unidos (CBP, por sus siglas en ingl\u00e9s).&nbsp;<\/p>\n\n\n\n<p>La&nbsp;<em>CBP One<\/em>&nbsp;es una aplicaci\u00f3n que se descarga en el tel\u00e9fono m\u00f3vil y solo funciona si la persona se ubica en entidades del norte, centro del pa\u00eds, y del sur solo en Tabasco o Chiapas. La app fue creada para programar citas en los puertos de entrada terrestres de Estados Unidos.<\/p>\n\n\n\n<p>Pero los migrantes contactados en Chiapas se\u00f1alan que no logran concluir el proceso por fallas en la app, porque no carga o se satura. Esta situaci\u00f3n, sumado a que no pueden salir del sur de M\u00e9xico, les orilla a integrarse en caravanas.&nbsp;<\/p>\n\n\n\n<h3 class=\"wp-block-heading\" id=\"h-bienvenidos-a-mexico\"><strong>\u201cBienvenidos a M\u00e9xico\u201d<\/strong><\/h3>\n\n\n\n<p>Decenas de personas que esperan tr\u00e1mites migratorios viven en condiciones de precariedad en las calles de Tuxtla Guti\u00e9rrez y Tapachula. Han estado varados por meses, por lo que muchos consideran avanzar caminando al norte del pa\u00eds.<\/p>\n\n\n\n<p>Transcurren los primeros d\u00edas de 2025 en alguna ciudad chiapaneca y Nico se preocupa porque no ha podido hacer la cita en&nbsp;<em>CBP One<\/em>&nbsp;y el INM tampoco les permite avanzar al norte del pa\u00eds.<\/p>\n\n\n\n<p>Abandon\u00f3 su pa\u00eds Venezuela, junto a su hermana y tres sobrinos menores de edad. Muchas veces se arrepiente en silencio de su decisi\u00f3n, pero el sentimiento no tiene la intensidad para hacerlo volver. \u201cEs duro\u201d, dice mientras sirve chicha en un peque\u00f1o vaso de pl\u00e1stico.<\/p>\n\n\n\n<p>Junt\u00f3 un poco de dinero para el viaje, hizo pr\u00e9stamos y vendi\u00f3 algunas pertenencias. \u201cNo qued\u00f3 de otra\u201d. La ruta ha sido larga, le ha tocado caminar y a veces en transporte, pero la selva del Dari\u00e9n la cruzaron a pie, \u201cno se lo deseo ni a mi peor enemigo\u201d, lamenta Nico, como le dicen, pues su nombre es Nicol\u00e1s.&nbsp;<\/p>\n\n\n\n<p>\u201cEstuvimos tres d\u00edas en la selva, la comida se la llev\u00f3 el r\u00edo, pasamos muchas necesidades y fue horrible. En el camino nos ha pasado de todo, nos asaltaron, nos secuestraron y nos extorsionaron; en la frontera de Guatemala con M\u00e9xico tambi\u00e9n ca\u00edmos en las manos de un c\u00e1rtel y pagamos para poder salir\u201d.<\/p>\n\n\n\n<p>Al llegar al r\u00edo Suchiate, del lado de Tec\u00fan Uman, San Marcos, Guatemala, los balseros les dijeron que a unos metros los esperar\u00eda un gu\u00eda para indicarles la mejor v\u00eda para llegar a Tapachula, Chiapas. \u201cFue una mentira, nos metieron a un cuarto que parec\u00eda una c\u00e1rcel, nos dijeron \u2018bienvenidos a M\u00e9xico\u2019, nos pidieron dinero y tuvimos que pagar 50 d\u00f3lares por persona para poder salir\u201d.&nbsp;<\/p>\n\n\n\n<figure class=\"wp-block-image\"><a href=\"https:\/\/avispa.org\/wp-content\/uploads\/2025\/01\/CaravanaMigranteEnero25-2.jpeg\"><img decoding=\"async\" src=\"https:\/\/avispa.org\/wp-content\/uploads\/2025\/01\/CaravanaMigranteEnero25-2-1024x576.jpeg\" alt=\"\" class=\"wp-image-118777\"\/><\/a><\/figure>\n\n\n\n<p>De acuerdo a la experiencia de Nico, los migrantes menores a 3 a\u00f1os de edad pagan la mitad (25 d\u00f3lares), pero de 7 a\u00f1os en adelante el costo es parejo y quienes no pagan tienen la \u201copci\u00f3n de servirle al c\u00e1rtel durante algunos meses\u201d.&nbsp;&nbsp;<\/p>\n\n\n\n<p>Hace cinco meses que Nico, su hermana y sobrinos no pueden abandonar Chiapas y dice sentirse cansado. \u201cHemos buscado trabajo y no nos dan, por eso pensamos y dijimos: nos podemos defender. Yo vendo chicha y mi hermana empanadas venezolanas, las originales. Gracias a Dios nos va bien\u201d.&nbsp;<\/p>\n\n\n\n<p>Nico vende en 25 pesos el vaso con la tradicional bebida a base de ma\u00edz, ofrece agregar cereal y un poco de canela.&nbsp;No se queda en un lugar, va y viene para esconderse de la autoridad municipal que le exige la compra de un permiso para poder vender.<\/p>\n\n\n\n<p>Por todo el contexto, hace unos d\u00edas consideraron alcanzar a la caravana que se mueve por la carretera costera. \u201cAl menos para salir de Chiapas, porque no hay precisi\u00f3n sobre los procesos que tenemos que seguir, hay confusi\u00f3n. Vamos a recoger un poquito de dinero y seguir\u201d.&nbsp;<\/p>\n\n\n\n<p>De acuerdo a la Unidad de Pol\u00edtica Migratoria, de enero a octubre de 2024, se registraron 31 denuncias por secuestro. Es el delito con m\u00e1s denuncias ante las autoridades, seguido de tr\u00e1fico il\u00edcito de migrantes, trata de personas con otros fines, explotaci\u00f3n sexual de adultos y secuestro de menores.&nbsp;<\/p>\n\n\n\n<p>Luis Garc\u00eda Villagr\u00e1n, agrega que el 50% de personas que cruzan el r\u00edo Suchiate (frontera de M\u00e9xico con Guatemala) son v\u00edctimas de secuestro,&nbsp;\u201cel delito tambi\u00e9n se ha vuelto cotidiano en el tramo de Pijijiapan a Arriaga y el Istmo de Tehuantepec en Oaxaca\u201d.<\/p>\n\n\n\n<p>\u201cAhora si hablamos de las personas que han salido en las \u00faltimas caravanas unas 7,000 vivieron secuestro y la mayor\u00eda fueros extorsionadas de diferentes maneras, en algunos casos de manera coercitiva, incluso por la Marina, Sedena y no se diga de los agentes del INM. Da mucha pena\u201d, dice el abogado.<\/p>\n\n\n\n<h3 class=\"wp-block-heading\" id=\"h-me-arrepiento\"><strong>\u201cMe arrepiento\u201d<\/strong><\/h3>\n\n\n\n<p>La familia de Cleyber de 26 a\u00f1os y de Leo de 17 a\u00f1os consigui\u00f3 un poco de dinero para que ambos se fueran de Venezuela.&nbsp;&nbsp;<\/p>\n\n\n\n<p>Cleyber estuvo activo en las protestas en Venezuela. Relata que fue detenido durante seis meses y acusado de terrorismo. Durante el tiempo que estuvo en prisi\u00f3n sufri\u00f3 tortura y cuando lo dejaron salir fue v\u00edctima de persecuci\u00f3n, hostigamiento y vigilancia, incluso en sus redes sociales.&nbsp;<\/p>\n\n\n\n<p>En octubre llegaron a Tapachula, desde entonces Cleyber recorre las calles para buscar trabajo y comprar comida. Su hermano no puede apoyarlo debido a que padece una discapacidad intelectual. \u201cHa sido muy complicado, yo me arrepiento de haberme ido, pero no puedo volver porque me meten preso\u201d.&nbsp;<\/p>\n\n\n\n<p>\u201cAqu\u00ed donde estoy tengo mucho miedo hasta de la migraci\u00f3n que nos tuvo presos varios d\u00edas en Tuxtla, no nos dieron comida, ni s\u00e1banas ni medicamento, aqu\u00ed en Tapachula tambi\u00e9n me detuvieron en el Viva M\u00e9xico\u201d.&nbsp;<\/p>\n\n\n\n<figure class=\"wp-block-image\"><a href=\"https:\/\/avispa.org\/wp-content\/uploads\/2025\/01\/CaravanaMigranteEnero25-1.jpeg\"><img decoding=\"async\" src=\"https:\/\/avispa.org\/wp-content\/uploads\/2025\/01\/CaravanaMigranteEnero25-1-576x1024.jpeg\" alt=\"\" class=\"wp-image-118776\"\/><\/a><\/figure>\n\n\n\n<p>Cleyber recuerda que agentes del INM le ofrecieron trasladarlo de Tapachula a Tuxtla Guti\u00e9rrez y le pidieron dinero para agilizar un tr\u00e1mite que es gratuito. \u201cOfrecen llevarte m\u00e1s lejos, pero en su lugar nos retroceden. Me siento impotente, triste y me siento culpable de traer a mi hermano y no poder avanzar porque no tenemos dinero\u201d.&nbsp;<\/p>\n\n\n\n<p>Por lo pronto, comparten un peque\u00f1o cuarto con ocho adultos y dos ni\u00f1os. Aunque no se siente seguro de la decisi\u00f3n, considera que lo mejor ser\u00e1 integrarse a las caravanas, pues la falta de empleo le preocupa y la responsabilidad de viajar con hermano. \u201cAvanzar un poco por lo menos acompa\u00f1ados\u201d.<\/p>\n\n\n\n<p>Las caravanas que han salido desde el 2 de octubre, un d\u00eda despu\u00e9s de la toma de posesi\u00f3n de Claudia Sheinbaum, est\u00e1n integradas por personas de 20 nacionalidades, aunque hay grupos constituidos casi en su totalidad por originarios de Venezuela.&nbsp;<\/p>\n\n\n\n<p>Seg\u00fan la Unidad de Pol\u00edtica Migratoria, de enero a agosto de 2024 se registraron 925,085 presentaciones de migrantes en situaci\u00f3n irregular, lo que corresponde a detenciones. En el desglose se reportaron 266,846 personas originarias de Venezuela, de Ecuador 92,487, Honduras 74,220, Guatemala 67,486, Colombia 59,434, El Salvador 56,300, entre otros pa\u00edses con menor n\u00famero de detenidos.&nbsp;<\/p>\n\n\n\n<p>Villagr\u00e1n recuerda la diversidad en la migraci\u00f3n y que son, precisamente, las personas que viajan sin presupuesto y en caravanas quienes son mayormente hostigadas, extorsionadas o detenidas por las autoridades con atribuciones de control migratorio.&nbsp;&nbsp;<\/p>\n\n\n\n<p>Mientras esto sucede en la frontera sur, Claudia Sheinbaum ratific\u00f3 a Francisco Gardu\u00f1o para continuar como Comisionado del INM por algunos meses a pesar del proceso judicial que tiene por el incendio en el que murieron 40 personas en la estaci\u00f3n migratoria de Ciudad Ju\u00e1rez, Chihuahua. Se desconoce si Sergio Salom\u00f3n C\u00e9spedes Peregrina ser\u00e1 el siguiente Comisionado como se hab\u00eda anunciado desde octubre de 2024.<\/p>\n\n\n\n<p>Te puede interesar \u2013&nbsp;<a href=\"https:\/\/avispa.org\/militarizacion-del-proceso-migratorio-debe-continuar-con-nuevo-director-del-inm\/\" target=\"_blank\" rel=\"noreferrer noopener\">Militarizaci\u00f3n del proceso migratorio debe continuar con nuevo director del INM<\/a><\/p>\n","protected":false},"excerpt":{"rendered":"<p>Fuente: Avispa MidiaPor Jeny Pascacio En portada: Migrantes avanzan en caravana rumbo al norte de M\u00e9xico. Foto: Mar\u00eda de Jes\u00fas Peters Las diez caravanas de migrantes que buscan llegar cuanto antes a l\u00ednea fronteriza entre M\u00e9xico y Estados Unidos se han formado desde la toma de protesta de Claudia Sheinbaum Pardo en M\u00e9xico y tras [&hellip;]<\/p>\n","protected":false},"author":21,"featured_media":49880,"comment_status":"open","ping_status":"closed","sticky":false,"template":"","format":"standard","meta":{"footnotes":""},"categories":[51,1284,826,958,954,959,935],"tags":[58,53,567,30,147,23,545,87,148,27,483],"class_list":["post-49879","post","type-post","status-publish","format-standard","has-post-thumbnail","hentry","category-autor","category-latinoamerica","category-medios-libres-2","category-megaproyectos","category-mexico","category-migracion","category-temas","tag-derechos-humanos","tag-justicia","tag-megaproyectos","tag-migracion","tag-militarizacion","tag-paramilitares","tag-pueblos-indigenas","tag-represion","tag-resistencia","tag-solidaridad","tag-tierra-y-territorio"],"_links":{"self":[{"href":"https:\/\/radiozapatista.org\/index.php?rest_route=\/wp\/v2\/posts\/49879","targetHints":{"allow":["GET"]}}],"collection":[{"href":"https:\/\/radiozapatista.org\/index.php?rest_route=\/wp\/v2\/posts"}],"about":[{"href":"https:\/\/radiozapatista.org\/index.php?rest_route=\/wp\/v2\/types\/post"}],"author":[{"embeddable":true,"href":"https:\/\/radiozapatista.org\/index.php?rest_route=\/wp\/v2\/users\/21"}],"replies":[{"embeddable":true,"href":"https:\/\/radiozapatista.org\/index.php?rest_route=%2Fwp%2Fv2%2Fcomments&post=49879"}],"version-history":[{"count":2,"href":"https:\/\/radiozapatista.org\/index.php?rest_route=\/wp\/v2\/posts\/49879\/revisions"}],"predecessor-version":[{"id":49898,"href":"https:\/\/radiozapatista.org\/index.php?rest_route=\/wp\/v2\/posts\/49879\/revisions\/49898"}],"wp:featuredmedia":[{"embeddable":true,"href":"https:\/\/radiozapatista.org\/index.php?rest_route=\/wp\/v2\/media\/49880"}],"wp:attachment":[{"href":"https:\/\/radiozapatista.org\/index.php?rest_route=%2Fwp%2Fv2%2Fmedia&parent=49879"}],"wp:term":[{"taxonomy":"category","embeddable":true,"href":"https:\/\/radiozapatista.org\/index.php?rest_route=%2Fwp%2Fv2%2Fcategories&post=49879"},{"taxonomy":"post_tag","embeddable":true,"href":"https:\/\/radiozapatista.org\/index.php?rest_route=%2Fwp%2Fv2%2Ftags&post=49879"}],"curies":[{"name":"wp","href":"https:\/\/api.w.org\/{rel}","templated":true}]}}