{"id":49873,"date":"2025-01-08T22:30:37","date_gmt":"2025-01-09T04:30:37","guid":{"rendered":"https:\/\/radiozapatista.org\/?p=49873"},"modified":"2025-01-15T10:53:57","modified_gmt":"2025-01-15T16:53:57","slug":"ecos-de-la-primera-sesion-de-los-encuentros-de-resistencia-y-rebeldia-diciembre-2024-y-1-2-de-enero-2025-asistencia-algunas-partes-del","status":"publish","type":"post","link":"https:\/\/radiozapatista.org\/?p=49873","title":{"rendered":"Ecos de la Primera Sesi\u00f3n de los Encuentros de Resistencia y Rebeld\u00eda. Diciembre 2024 y 1-2 de enero 2025.                                                         Asistencia: \u00bfalgunas partes del todo?              Equipos de Apoyo de la Comisi\u00f3n Sexta Zapatista                                                            Enero de 2025"},"content":{"rendered":"\n<p class=\"has-text-align-center\"><strong>Ecos de la Primera Sesi\u00f3n de los Encuentros de Resistencia y Rebeld\u00eda.<\/strong><br><strong>Diciembre 2024 y 1-2 de enero 2025.<\/strong><\/p>\n\n\n\n<p class=\"has-text-align-center\"><strong>Asistencia: \u00bfalgunas partes del todo?<br><\/strong><\/p>\n\n\n\n<p>Personas registradas hasta el 2 de enero del 2025:<\/p>\n\n\n\n<p>.- 1079 asistentes firmantes de la Declaraci\u00f3n por la Vida.<\/p>\n\n\n\n<p>.- 245 grupos, colectivos, movimientos u organizaciones.<\/p>\n\n\n\n<p>.- 35 medios libres, aut\u00f3nomos, independientes, o como se llamen.<\/p>\n\n\n\n<p>.- Procedencia:<\/p>\n\n\n\n<p>&nbsp; &nbsp; &nbsp; &nbsp; &nbsp; .- 31 estados de la Rep\u00fablica Mexicana (todos menos Campeche)<\/p>\n\n\n\n<p>&nbsp; &nbsp; &nbsp; &nbsp; &nbsp; .- 46 pa\u00edses o geograf\u00edas del mundo.<\/p>\n\n\n\n<figure class=\"wp-block-table\"><table class=\"has-fixed-layout\"><tbody><tr><td>Alemania<br>Argentina<br>Australia<br>Austria<br>B\u00e9lgica<br>Bolivia<br>Brasil<br>Canad\u00e1<br>Catalu\u00f1a<br>Chile<br>Colombia<br>Corea del Sur<br>Costa Rica<br>Cuba<br>El Salvador<br>Eslovaquia<br>Eslovenia<br>Estado Espa\u00f1ol<br>EUA<br>Francia<br>Grecia<br>Guatemala<br>Hait\u00ed<\/td><td>Holanda<br>Inglaterra<br>Ir\u00e1n<br>Irlanda<br>Israel<br>Italia<br>Kenia<br>L\u00edbano<br>Lituania<br>M\u00e9xico<br>Nicaragua<br>Pa\u00eds Vasco<br>Palestina<br>Per\u00fa<br>Portugal<br>Puerto Rico<br>Rep\u00fablica Dominicana<br>Suecia<br>Suiza<br>Trinidad y Tobago<br>Ucrania<br>Uruguay<br>Venezuela<\/td><\/tr><\/tbody><\/table><\/figure>\n\n\n\n<p>.- M\u00e1s 900 zapatistas asistentes a las mesas en CIDECI los d\u00edas 28-29 y 30 de diciembre del 2024. Autoridades aut\u00f3nomas, promotores de salud, de educaci\u00f3n y de como mujeres que somos, bases de apoyo, milicianos, milicianas, mandos pol\u00edtico-organizativos.<\/p>\n\n\n\n<p>Es todo.<\/p>\n\n\n\n<p>Equipos de Apoyo de la Comisi\u00f3n Sexta Zapatista.<br>Enero del 2025.<\/p>\n\n\n\n<figure class=\"wp-block-image\"><a href=\"https:\/\/www.addtoany.com\/share#url=https%3A%2F%2Fenlacezapatista.ezln.org.mx%2F2025%2F01%2F08%2Fecos-de-la-primera-sesion-de-los-encuentros-de-resistencia-y-rebeldia-diciembre-2024-y-1-2-de-enero-2025-asistencia-algunas-partes-del-todo%2F&amp;title=Ecos%20de%20la%20Primera%20Sesi%C3%B3n%20de%20los%20Encuentros%20de%20Resistencia%20y%20Rebeld%C3%ADa.%20Diciembre%202024%20y%201-2%20de%20enero%202025.%20Asistencia%3A%20%C2%BFalgunas%20partes%20del%20todo%3F\"><img decoding=\"async\" src=\"https:\/\/i0.wp.com\/static.addtoany.com\/buttons\/share_save_171_16.png?ssl=1\" alt=\"Share\"\/><\/a><\/figure>\n\n\n\n<p><\/p>\n","protected":false},"excerpt":{"rendered":"<p>Ecos de la Primera Sesi\u00f3n de los Encuentros de Resistencia y Rebeld\u00eda.Diciembre 2024 y 1-2 de enero 2025. Asistencia: \u00bfalgunas partes del todo? Personas registradas hasta el 2 de enero del 2025: .- 1079 asistentes firmantes de la Declaraci\u00f3n por la Vida. .- 245 grupos, colectivos, movimientos u organizaciones. .- 35 medios libres, aut\u00f3nomos, independientes, [&hellip;]<\/p>\n","protected":false},"author":21,"featured_media":49874,"comment_status":"open","ping_status":"closed","sticky":false,"template":"","format":"standard","meta":{"footnotes":""},"categories":[957,51,6,955,118,1284,958,954,953,935],"tags":[667,644,56,926,567,147,545,87,148,27,483],"class_list":["post-49873","post","type-post","status-publish","format-standard","has-post-thumbnail","hentry","category-autonomia","category-autor","category-chiapas","category-ezln-temas","category-ezln","category-latinoamerica","category-megaproyectos","category-mexico","category-mundo","category-temas","tag-baezln","tag-comunicados-ezln","tag-encuentros","tag-ezln","tag-megaproyectos","tag-militarizacion","tag-pueblos-indigenas","tag-represion","tag-resistencia","tag-solidaridad","tag-tierra-y-territorio"],"_links":{"self":[{"href":"https:\/\/radiozapatista.org\/index.php?rest_route=\/wp\/v2\/posts\/49873","targetHints":{"allow":["GET"]}}],"collection":[{"href":"https:\/\/radiozapatista.org\/index.php?rest_route=\/wp\/v2\/posts"}],"about":[{"href":"https:\/\/radiozapatista.org\/index.php?rest_route=\/wp\/v2\/types\/post"}],"author":[{"embeddable":true,"href":"https:\/\/radiozapatista.org\/index.php?rest_route=\/wp\/v2\/users\/21"}],"replies":[{"embeddable":true,"href":"https:\/\/radiozapatista.org\/index.php?rest_route=%2Fwp%2Fv2%2Fcomments&post=49873"}],"version-history":[{"count":2,"href":"https:\/\/radiozapatista.org\/index.php?rest_route=\/wp\/v2\/posts\/49873\/revisions"}],"predecessor-version":[{"id":49926,"href":"https:\/\/radiozapatista.org\/index.php?rest_route=\/wp\/v2\/posts\/49873\/revisions\/49926"}],"wp:featuredmedia":[{"embeddable":true,"href":"https:\/\/radiozapatista.org\/index.php?rest_route=\/wp\/v2\/media\/49874"}],"wp:attachment":[{"href":"https:\/\/radiozapatista.org\/index.php?rest_route=%2Fwp%2Fv2%2Fmedia&parent=49873"}],"wp:term":[{"taxonomy":"category","embeddable":true,"href":"https:\/\/radiozapatista.org\/index.php?rest_route=%2Fwp%2Fv2%2Fcategories&post=49873"},{"taxonomy":"post_tag","embeddable":true,"href":"https:\/\/radiozapatista.org\/index.php?rest_route=%2Fwp%2Fv2%2Ftags&post=49873"}],"curies":[{"name":"wp","href":"https:\/\/api.w.org\/{rel}","templated":true}]}}