{"id":49730,"date":"2024-12-19T19:36:06","date_gmt":"2024-12-20T01:36:06","guid":{"rendered":"https:\/\/radiozapatista.org\/?p=49730"},"modified":"2024-12-19T19:36:07","modified_gmt":"2024-12-20T01:36:07","slug":"gobierno-de-chiapas-no-reconoce-a-desaparecidos-por-el-crimen-organizado","status":"publish","type":"post","link":"https:\/\/radiozapatista.org\/?p=49730","title":{"rendered":"Gobierno de Chiapas no reconoce a desaparecidos por el crimen organizado"},"content":{"rendered":"\n<p>Fuente: <a href=\"https:\/\/avispa.org\/gobierno-de-chiapas-no-reconoce-a-desaparecidos-por-el-crimen-organizado\/\">Avispa Midia<\/a><\/p>\n\n\n\n<p>Por Jeny Pascacio<\/p>\n\n\n\n<p><em><sup>En portada: Colectivo de Madres en Resistencia reciben informaci\u00f3n, denuncias y reporte de personas desaparecidas en diferentes municipios en Chiapas. Foto: Carlos L\u00f3pez<\/sup><\/em><\/p>\n\n\n\n<p>Ante la negativa del gobierno de Eduardo Ram\u00edrez para atender los casos de las personas desaparecidas en Chiapas, el Colectivo Madres en Resistencia iniciar\u00e1 una huelga de hambre este mi\u00e9rcoles (18) en la entrada del Palacio de Gobierno que se localiza en Tuxtla Guti\u00e9rrez.<\/p>\n\n\n\n<p>\u201cEduardo Ram\u00edrez no toca el tema de desaparecidos\u201d, enfatiza Isabel Torres, madre de Cassandra Arias Torres que fue&nbsp;<a href=\"https:\/\/avispa.org\/cassandra-es-desaparecida-en-chiapas-por-grupo-armado-durante-la-boda-de-su-madre\/\">desaparecida forzadamente<\/a>&nbsp;en el municipio de Berrioz\u00e1bal el 17 de diciembre de 2022, por hombres encapuchados que portaban insignias de la Fiscal\u00eda General del Estado de Chiapas.&nbsp;<\/p>\n\n\n\n<p>Tras dos a\u00f1os de la desaparici\u00f3n forzada de Cassandra no hay avances en su caso, ni en el de otras familias que integran el colectivo. \u201cVamos a hacer bloqueos y marchas para que nos reciban, porque ya lo pedimos y no nos escuchan\u201d, se\u00f1ala para&nbsp;<em>Avispa M\u00eddia<\/em>.&nbsp;<\/p>\n\n\n\n<figure class=\"wp-block-image\"><a href=\"https:\/\/avispa.org\/wp-content\/uploads\/2024\/12\/PlantonMadresDesaparecidas-4.jpeg\"><img decoding=\"async\" src=\"https:\/\/avispa.org\/wp-content\/uploads\/2024\/12\/PlantonMadresDesaparecidas-4-723x1024.jpeg\" alt=\"\" class=\"wp-image-118683\"\/><\/a><\/figure>\n\n\n\n<p>Hace tres meses, antes de que rindiera protesta como gobernador, el colectivo se acerc\u00f3 a Ram\u00edrez Aguilar en un acto pol\u00edtico en la ciudad de San Crist\u00f3bal de Las Casas. En ese momento las puso en contacto con otra persona para coordinar un pr\u00f3ximo encuentro que nunca lleg\u00f3.&nbsp;<\/p>\n\n\n\n<p>\u201cNosotros no confiamos en las autoridades, no creemos en las autoridades, no hay justicia para nosotras, pero vamos a exigirle a este nuevo gobierno que haga las b\u00fasquedas porque tampoco las quieren hacer, no las hacen\u201d, enfatiza la madre de Cassandra.&nbsp;&nbsp;<\/p>\n\n\n\n<p>Isabel Torres aclara que como Madres en Resistencia ya no buscan justicia, \u201cporque sabemos que no la hay, aqu\u00ed en Chiapas o en todo M\u00e9xico\u201d. Con las acciones planeadas para esta semana exigir\u00e1n que todas las autoridades correspondientes trabajen en la b\u00fasqueda de las personas desaparecidas.<\/p>\n\n\n\n<h3 class=\"wp-block-heading\" id=\"h-en-manos-de-quien-estamos-ahora\"><strong>\u00bfEn manos de qui\u00e9n estamos ahora?<\/strong><\/h3>\n\n\n\n<p>\u201cVuelven a dejar a Llaven Abarca como Fiscal. Todos hacen o\u00eddos sordos y se vuelven ciegos. El crimen organizado siempre ha dejado narcomensajes donde mencionan a Llaven Abarca; lo mencionan o lo se\u00f1alan como delincuente y nadie ha hecho nada para investigarlo y, en su caso, levantar una carpeta de investigaci\u00f3n\u201d, lamenta la madre de Cassandra Arias Torres.&nbsp;<\/p>\n\n\n\n<p>Unos d\u00edas antes de que Eduardo Ram\u00edrez Aguilar asumiera al cargo como gobernador, la Sexag\u00e9sima Novena Legislatura del Congreso del Estado aprob\u00f3 el nombramiento de Jorge Luis Llaven Abarca como Fiscal General por los pr\u00f3ximos nueve a\u00f1os.&nbsp;<\/p>\n\n\n\n<p>De inmediato, m\u00e1s de 60 redes y organizaciones de la sociedad civil se pronunciaron en conjunto al considerar que este nombramiento agrava a\u00fan m\u00e1s la situaci\u00f3n de los derechos humanos en Chiapas. \u201cDurante su desempe\u00f1o en el servicio p\u00fablico, Llaven Abarca ha demostrado ser perjudicial, especialmente en su rol como Secretario de Seguridad P\u00fablica y Protecci\u00f3n Ciudadana durante el gobierno de Manuel Velasco Coello\u201d, versa el comunicado.&nbsp;<\/p>\n\n\n\n<p>Tambi\u00e9n menciona que en su gesti\u00f3n se document\u00f3 el uso excesivo de la fuerza p\u00fablica, represi\u00f3n a defensores de derechos humanos, detenciones arbitrarias y torturas, hechos que permanecen en la impunidad. \u201cAbarca ha tenido varios cargos muy cuestionables en cada una de su gesti\u00f3n\u201d. Ante esto, Isabel Torres, de Madres en Resistencia, cuestiona, \u201c\u00bfen manos de qui\u00e9n estamos ahora?&nbsp;<\/p>\n\n\n\n<p>Llaven Abarca ha mantenido cargos importantes en Chiapas en materia de seguridad. En el 2002 fue Ministerio P\u00fablico Especializado de la Unidad de Investigaci\u00f3n del Delito de Homicidio de la Fiscal\u00eda General de Chiapas (FGE), con el gobierno de Pablo Salazar Mendiguch\u00eda.&nbsp;<\/p>\n\n\n\n<p>Seis a\u00f1os m\u00e1s tarde, con Juan Sabines Guerrero, fue subdirector de la Fiscal\u00eda Especializada contra la Delincuencia Organizada del Ministerio de Justicia de Chiapas, en ese periodo tambi\u00e9n ocup\u00f3 los cargos de jefe de la Unidad Especializada contra el Delito de Secuestro, Fiscal de Distrito de la Fiscal\u00eda de Distrito Selva y Fiscal Especializado en la Fiscal\u00eda contra la Delincuencia Organizada (FECDO).<\/p>\n\n\n\n<p>De 2011 al 2012 fue Delegado de la Procuradur\u00eda General de la Rep\u00fablica en Chiapas. Cuando inici\u00f3 el gobierno de Manuel Velasco Coello fue nombrado secretario de la Secretar\u00eda de Seguridad y Protecci\u00f3n Ciudadana de Chiapas. Y con Rutilio Escand\u00f3n Cadenas fue Fiscal General de Chiapas del 2018 al 2020, posteriormente Diputado Federal.&nbsp;&nbsp;<\/p>\n\n\n\n<p>En la FECDO, fue se\u00f1alado como responsable de tortura y otros tratos inhumanos y degradantes, como lo demuestra la recomendaci\u00f3n 26\/2002 de la Comisi\u00f3n Nacional de Derechos Humanos (CNDH) por detenciones arbitrarias y tortura en la comunidad San Jos\u00e9, municipio de Marqu\u00e9s de Comillas.&nbsp;<\/p>\n\n\n\n<p>Tambi\u00e9n tiene recomendaciones por Comisi\u00f3n Estatal de Derechos Humanos que solicita una investigaci\u00f3n administrativa y la integraci\u00f3n de una averiguaci\u00f3n previa contra Llaven Abarca.&nbsp;<\/p>\n\n\n\n<h3 class=\"wp-block-heading\" id=\"h-aqui-todo-sigue-igual\"><strong>Aqu\u00ed todo sigue igual<\/strong><\/h3>\n\n\n\n<p>Desde el 8 de diciembre, en su toma de protesta, Eduardo Ram\u00edrez Aguilar ha seguido la estrategia del ex presidente Andr\u00e9s Manuel L\u00f3pez Obrador, de realizar constantes conferencias de prensa sobre los \u201cavances\u201d en materia de seguridad, pero en ning\u00fan momento ha mencionado los casos de personas desaparecidas en Chiapas.&nbsp;<\/p>\n\n\n\n<p>\u201cNi si quiera mencionan el cambio del Fiscal de Desaparecidos\u201d, afirma Isabel Torres, \u201cporque sabemos que hubo otros movimientos y cambios de fiscales, pero a Jubilian no lo tocaron\u201d.<\/p>\n\n\n\n<p>Jes\u00fas Jubilian Sarmiento Santos ocupa el cargo de Fiscal Contra la Desaparici\u00f3n Forzada de Personas y la Cometida por Particulares desde el 2021, pero de acuerdo a las familias del Colectivo de Madres en Resistencia todo lo que obra en las carpetas de investigaci\u00f3n ha sido aportado por ellas, \u201cde lo contrario no habr\u00eda nada\u201d.&nbsp;&nbsp;<\/p>\n\n\n\n<figure class=\"wp-block-image\"><a href=\"https:\/\/avispa.org\/wp-content\/uploads\/2024\/12\/PlantonMadresDesaparecidas-1.jpeg\"><img decoding=\"async\" src=\"https:\/\/avispa.org\/wp-content\/uploads\/2024\/12\/PlantonMadresDesaparecidas-1-492x1024.jpeg\" alt=\"\" class=\"wp-image-118680\"\/><\/a><\/figure>\n\n\n\n<p>Respecto a la Comisi\u00f3n Estatal de B\u00fasqueda de Personas (CEBP), el colectivo desconoce si habr\u00e1 cambios y el tema se mantiene en total hermetismo. \u201cPor eso tomamos la decisi\u00f3n de plantarnos en Palacio de Gobierno y pedir la audiencia con Eduardo Ram\u00edrez, Jorge Luis Llaven Abarca y \u00d3scar Aparicio Avenda\u00f1o, secretario de Seguridad, y otras dependencias\u201d.&nbsp;<\/p>\n\n\n\n<p>Como Colectivo de Madres en Resistencia reciben informaci\u00f3n, denuncias y reporte de personas desaparecidas en diferentes municipios. \u201cComo son personas de escasos recursos, en su mayor\u00eda, es muy dif\u00edcil que est\u00e9n viajando, entonces las asesoramos para reportar a las personas desaparecidas\u201d.&nbsp;&nbsp;&nbsp;<\/p>\n\n\n\n<p>En el \u00faltimo a\u00f1o han recibido reportes de Tapachula, Tuxtla Guti\u00e9rrez y Frontera Comalapa, principalmente, as\u00ed tambi\u00e9n de Ocosingo, Comit\u00e1n, Chenalh\u00f3 y Yajal\u00f3n. Isabel Torres aclara que no son los \u00fanicos lugares donde hay un alza en el n\u00famero de desaparecidos. Los pobladores de la Sierra Mariscal, por ejemplo, \u201ctienen mucho miedo de denunciar\u201d.&nbsp;&nbsp;<\/p>\n\n\n\n<p>Las familias del colectivo son amenazadas o intimidadas por lo que tambi\u00e9n mantienen estrategias de seguridad, incluso cuando visitan la Fiscal\u00eda General del Estado, ubicada en la zona oriente de Tuxtla Guti\u00e9rrez. \u201cAs\u00ed tenemos que estar todas las mam\u00e1s, mi mayor miedo es que si yo llego a faltar, \u00bfqui\u00e9n va a buscar a mi hija?\u201d<\/p>\n\n\n\n<p>Anteriormente informaron a la Fiscal\u00eda sobre esta persecuci\u00f3n, pero optaron por dejar de hacerlo debido a la desconfianza que les genera la autoridad. Hace unos meses el colectivo present\u00f3 un amparo en el que solicit\u00f3 a la Fiscal\u00eda General de la Rep\u00fablica (FGR) atrajera los casos, pero la respuesta del juez federal fue negativa.&nbsp;<\/p>\n\n\n\n<p>\u201cNosotros pedimos que las carpetas fueran atra\u00eddas por la FGR porque hay polic\u00edas involucrados, Fiscal\u00eda y personal de gobierno tambi\u00e9n en el caso de algunas desapariciones como la de mi hija, Cassandra. Quer\u00edamos que este juez obligara a las autoridades a hacer la b\u00fasqueda, obligara a la Comisi\u00f3n de B\u00fasqueda a hacer la b\u00fasqueda como deber\u00eda\u201d, explica.&nbsp;<\/p>\n\n\n\n<p>Para el colectivo, incluso el ex Fiscal Olaf G\u00f3mez Hern\u00e1ndez debe ser investigado. \u201cHay muchos polic\u00edas del Estado que deben ser investigados y no lo hacen. Veo que con este gobierno nuestra lucha tendr\u00e1 que seguir porque esperanza en el gobierno no hay, en Dios s\u00ed\u201d, se\u00f1ala Isabel Torres.&nbsp;<\/p>\n","protected":false},"excerpt":{"rendered":"<p>Fuente: Avispa Midia Por Jeny Pascacio En portada: Colectivo de Madres en Resistencia reciben informaci\u00f3n, denuncias y reporte de personas desaparecidas en diferentes municipios en Chiapas. Foto: Carlos L\u00f3pez Ante la negativa del gobierno de Eduardo Ram\u00edrez para atender los casos de las personas desaparecidas en Chiapas, el Colectivo Madres en Resistencia iniciar\u00e1 una huelga [&hellip;]<\/p>\n","protected":false},"author":21,"featured_media":49731,"comment_status":"open","ping_status":"closed","sticky":false,"template":"","format":"standard","meta":{"footnotes":""},"categories":[957,51,6,1498,826,935],"tags":[58,244,53,567,147,23,87,27,483],"class_list":["post-49730","post","type-post","status-publish","format-standard","has-post-thumbnail","hentry","category-autonomia","category-autor","category-chiapas","category-desaparecidos","category-medios-libres-2","category-temas","tag-derechos-humanos","tag-desaparecidos","tag-justicia","tag-megaproyectos","tag-militarizacion","tag-paramilitares","tag-represion","tag-solidaridad","tag-tierra-y-territorio"],"_links":{"self":[{"href":"https:\/\/radiozapatista.org\/index.php?rest_route=\/wp\/v2\/posts\/49730","targetHints":{"allow":["GET"]}}],"collection":[{"href":"https:\/\/radiozapatista.org\/index.php?rest_route=\/wp\/v2\/posts"}],"about":[{"href":"https:\/\/radiozapatista.org\/index.php?rest_route=\/wp\/v2\/types\/post"}],"author":[{"embeddable":true,"href":"https:\/\/radiozapatista.org\/index.php?rest_route=\/wp\/v2\/users\/21"}],"replies":[{"embeddable":true,"href":"https:\/\/radiozapatista.org\/index.php?rest_route=%2Fwp%2Fv2%2Fcomments&post=49730"}],"version-history":[{"count":1,"href":"https:\/\/radiozapatista.org\/index.php?rest_route=\/wp\/v2\/posts\/49730\/revisions"}],"predecessor-version":[{"id":49732,"href":"https:\/\/radiozapatista.org\/index.php?rest_route=\/wp\/v2\/posts\/49730\/revisions\/49732"}],"wp:featuredmedia":[{"embeddable":true,"href":"https:\/\/radiozapatista.org\/index.php?rest_route=\/wp\/v2\/media\/49731"}],"wp:attachment":[{"href":"https:\/\/radiozapatista.org\/index.php?rest_route=%2Fwp%2Fv2%2Fmedia&parent=49730"}],"wp:term":[{"taxonomy":"category","embeddable":true,"href":"https:\/\/radiozapatista.org\/index.php?rest_route=%2Fwp%2Fv2%2Fcategories&post=49730"},{"taxonomy":"post_tag","embeddable":true,"href":"https:\/\/radiozapatista.org\/index.php?rest_route=%2Fwp%2Fv2%2Ftags&post=49730"}],"curies":[{"name":"wp","href":"https:\/\/api.w.org\/{rel}","templated":true}]}}