{"id":49720,"date":"2024-12-13T19:17:52","date_gmt":"2024-12-14T01:17:52","guid":{"rendered":"https:\/\/radiozapatista.org\/?p=49720"},"modified":"2024-12-13T19:17:53","modified_gmt":"2024-12-14T01:17:53","slug":"persecucion-ideologica-se-endurece-en-el-peru-con-caso-perseo","status":"publish","type":"post","link":"https:\/\/radiozapatista.org\/?p=49720","title":{"rendered":"Persecuci\u00f3n ideol\u00f3gica se endurece en el Per\u00fa con caso Perseo"},"content":{"rendered":"\n<p>Fuente: <a href=\"https:\/\/avispa.org\/persecucion-ideologica-se-endurece-en-el-peru-con-caso-perseo\/\">Avispa Midia<\/a><\/p>\n\n\n\n<p>Por Javier Bed\u00eda Prado<\/p>\n\n\n\n<p>La sentencia a penas de entre 15 y 35 a\u00f1os de c\u00e1rcel, por apolog\u00eda al terrorismo y afiliaci\u00f3n a organizaci\u00f3n terrorista, contra 43 integrantes del Movimiento por la Amnist\u00eda y Derechos Fundamentales (Movadef), intervenidos en el operativo Perseo, marca un precedente de persecuci\u00f3n por ideas en el Per\u00fa.&nbsp;<\/p>\n\n\n\n<p>El caso, abierto en 2014, fue el primero en involucrar bajo estas acusaciones a un conjunto de activistas, entre ellos exmilitantes de Sendero Luminoso, desde el fin de la guerra interna (1980-2000).&nbsp;<\/p>\n\n\n\n<p>En la resoluci\u00f3n judicial, dictada el 28 de octubre, se sindica al Movadef de actuar por \u00f3rdenes de Sendero Luminoso, cuyos remanentes operan como narcotraficantes en el Valle de los R\u00edos Apur\u00edmac, Ene y Mantaro (Vraem), zona de emergencia. El Sendero Luminoso no existe como organizaci\u00f3n pol\u00edtica desde 1992. Los remanentes no obedecieron la disoluci\u00f3n de la organizaci\u00f3n y se dedican al narcotr\u00e1fico, desideologizados.<\/p>\n\n\n\n<p>Asimismo,&nbsp;se se\u00f1ala a Movadef de haber sido financiados, seg\u00fan \u201ctestigos protegidos\u201d, con dinero proveniente del tr\u00e1fico de drogas para \u201cmantener la ideolog\u00eda senderista activa en la vida pol\u00edtica del pa\u00eds y la legitimaci\u00f3n de su legado violento\u201d.&nbsp;<\/p>\n\n\n\n<p>El Poder Judicial&nbsp;orden\u00f3 la disoluci\u00f3n del Movadef, que intent\u00f3 inscribirse como partido pol\u00edtico en 2011. El programa de la organizaci\u00f3n,&nbsp;cuyos miembros incluyen exintegrantes de Sendero Luminoso&nbsp;que cumplieron condenas y no plantean la lucha armada, es la liberaci\u00f3n de todos los presos pol\u00edticos encarcelados durante el per\u00edodo de la guerra interna.<\/p>\n\n\n\n<figure class=\"wp-block-image\"><a href=\"https:\/\/avispa.org\/wp-content\/uploads\/2024\/12\/Peru.jpg\"><img decoding=\"async\" src=\"https:\/\/avispa.org\/wp-content\/uploads\/2024\/12\/Peru.jpg\" alt=\"\" class=\"wp-image-118657\"\/><\/a><figcaption class=\"wp-element-caption\">Una nueva Constituci\u00f3n hace parte de las&nbsp;propuestas del Movadef<\/figcaption><\/figure>\n\n\n\n<h3 class=\"wp-block-heading\" id=\"h-condena-ideologica\"><strong>Condena ideol\u00f3gica<\/strong><\/h3>\n\n\n\n<p>Las defensas legales de los sentenciados subrayan que el Estado incurre en discriminaci\u00f3n ideol\u00f3gica por razones pol\u00edticas, contra la cual hay sentencias internacionales vinculantes, violando derechos protegidos por la Corte Interamericana de Derechos Humanos.&nbsp;El caso ser\u00e1 llevado a instancias supranacionales.<\/p>\n\n\n\n<p>La redada masiva ejecutada por la Direcci\u00f3n Contra el Terrrorismo (Dircote), en abril de 2014, apunt\u00f3 a sostener la existencia de organizaciones terroristas, pese a que el Movadef no reivindica la lucha armada y no ha participado de ning\u00fan acto de violencia, con el fin de sentar precedentes de apolog\u00eda al terrorismo contra organizaciones sociales que sostienen ideas disonantes para los poderes pol\u00edticos.&nbsp;&nbsp;&nbsp;<\/p>\n\n\n\n<p>Los montajes de la Dircote se sucedieron en el a\u00f1o 2020, con el&nbsp;<a href=\"https:\/\/avispa.org\/peru-72-detenidos-son-acusados-de-acciones-terroristas-y-de-pertenecer-a-sendero-luminoso\/\">operativo Olimpo<\/a>, en el que se detuvo a unas 90 personas, tras la semana de protestas contra el golpe de Estado institucional de las facciones conservadoras del Congreso.&nbsp;<\/p>\n\n\n\n<p>En 2023, activistas del Frente de Defensa de Ayacucho fueron encarcelados como respuesta al levantamiento en esta y otras regiones andinas ante el&nbsp;<a href=\"https:\/\/avispa.org\/el-peru-bajo-dictadura-civico-militar\/\">golpe de Estado<\/a>&nbsp;de la ultraderecha culminado con la destituci\u00f3n del presidente Pedro Castillo.&nbsp;<\/p>\n\n\n\n<p>Te puede interesar \u2013&nbsp;<a href=\"https:\/\/avispa.org\/peru-defensores-de-la-tierra-se-levantan-contra-narcoestado\/\" target=\"_blank\" rel=\"noreferrer noopener\">Per\u00fa: defensores de la tierra se levantan contra narcoestado<\/a><\/p>\n\n\n\n<p>El fin del juicio contra el Movadef coincidi\u00f3 con las recientes semanas de protestas contra el r\u00e9gimen de Dina Boluarte por la ola de extorsiones en Lima. El Ejecutivo respondi\u00f3 a la crisis de seguridad con la propuesta de una&nbsp;<a href=\"https:\/\/www.idl.org.pe\/toda-toma-de-carretera-sera-tipificada-como-terrorismo-urbano\/\">ley de terrorismo urbano<\/a>&nbsp;que agrava la criminalizaci\u00f3n de manifestaciones sociales, al tipificar la interrupci\u00f3n de v\u00edas como extorsi\u00f3n, y con el anuncio de la detenci\u00f3n de un cabecilla de Sendero Luminoso que result\u00f3 en un error.&nbsp;&nbsp;<\/p>\n\n\n\n<p>A dos a\u00f1os de la toma de la presidencia, la dictadura de Boluarte lleva a una nueva fase el terruqueo, la estigmatizaci\u00f3n por ideolog\u00eda usada como discurso por la alianza pol\u00edtica, olig\u00e1rquica y armada que allan\u00f3 la ca\u00edda de Castillo.&nbsp;&nbsp;&nbsp;<\/p>\n\n\n\n<p>Sendero Luminoso&nbsp;fue una de las organizaciones terroristas que declararon la lucha armada al Estado en 1980, con el objetivo de capturar el poder para instalar un gobierno de ideario marxista-leninista-mao\u00edsta. Perpetraron masacres contra poblaciones campesinas e ind\u00edgenas. La actividad subversiva senderista culmin\u00f3 en 1992, con la captura de su l\u00edder, Abimael Guzm\u00e1n.<\/p>\n\n\n\n<p><\/p>\n\n\n\n<p><\/p>\n","protected":false},"excerpt":{"rendered":"<p>Fuente: Avispa Midia Por Javier Bed\u00eda Prado La sentencia a penas de entre 15 y 35 a\u00f1os de c\u00e1rcel, por apolog\u00eda al terrorismo y afiliaci\u00f3n a organizaci\u00f3n terrorista, contra 43 integrantes del Movimiento por la Amnist\u00eda y Derechos Fundamentales (Movadef), intervenidos en el operativo Perseo, marca un precedente de persecuci\u00f3n por ideas en el Per\u00fa.&nbsp; [&hellip;]<\/p>\n","protected":false},"author":21,"featured_media":49721,"comment_status":"open","ping_status":"closed","sticky":false,"template":"","format":"standard","meta":{"footnotes":""},"categories":[957,51,1284,826,958,962,935],"tags":[58,53,567,23,545,87,148,27,483],"class_list":["post-49720","post","type-post","status-publish","format-standard","has-post-thumbnail","hentry","category-autonomia","category-autor","category-latinoamerica","category-medios-libres-2","category-megaproyectos","category-presos","category-temas","tag-derechos-humanos","tag-justicia","tag-megaproyectos","tag-paramilitares","tag-pueblos-indigenas","tag-represion","tag-resistencia","tag-solidaridad","tag-tierra-y-territorio"],"_links":{"self":[{"href":"https:\/\/radiozapatista.org\/index.php?rest_route=\/wp\/v2\/posts\/49720","targetHints":{"allow":["GET"]}}],"collection":[{"href":"https:\/\/radiozapatista.org\/index.php?rest_route=\/wp\/v2\/posts"}],"about":[{"href":"https:\/\/radiozapatista.org\/index.php?rest_route=\/wp\/v2\/types\/post"}],"author":[{"embeddable":true,"href":"https:\/\/radiozapatista.org\/index.php?rest_route=\/wp\/v2\/users\/21"}],"replies":[{"embeddable":true,"href":"https:\/\/radiozapatista.org\/index.php?rest_route=%2Fwp%2Fv2%2Fcomments&post=49720"}],"version-history":[{"count":1,"href":"https:\/\/radiozapatista.org\/index.php?rest_route=\/wp\/v2\/posts\/49720\/revisions"}],"predecessor-version":[{"id":49722,"href":"https:\/\/radiozapatista.org\/index.php?rest_route=\/wp\/v2\/posts\/49720\/revisions\/49722"}],"wp:featuredmedia":[{"embeddable":true,"href":"https:\/\/radiozapatista.org\/index.php?rest_route=\/wp\/v2\/media\/49721"}],"wp:attachment":[{"href":"https:\/\/radiozapatista.org\/index.php?rest_route=%2Fwp%2Fv2%2Fmedia&parent=49720"}],"wp:term":[{"taxonomy":"category","embeddable":true,"href":"https:\/\/radiozapatista.org\/index.php?rest_route=%2Fwp%2Fv2%2Fcategories&post=49720"},{"taxonomy":"post_tag","embeddable":true,"href":"https:\/\/radiozapatista.org\/index.php?rest_route=%2Fwp%2Fv2%2Ftags&post=49720"}],"curies":[{"name":"wp","href":"https:\/\/api.w.org\/{rel}","templated":true}]}}