{"id":49661,"date":"2024-12-05T10:34:09","date_gmt":"2024-12-05T16:34:09","guid":{"rendered":"https:\/\/radiozapatista.org\/?p=49661"},"modified":"2024-12-05T19:13:29","modified_gmt":"2024-12-06T01:13:29","slug":"comunicado-de-las-autoridades-comunales-civiles-y-tradicionales-de-santa-fe-de-la-laguna","status":"publish","type":"post","link":"https:\/\/radiozapatista.org\/?p=49661","title":{"rendered":"Comunicado de las autoridades comunales, civiles y tradicionales de Santa F\u00e9 de la Laguna"},"content":{"rendered":"\n<p>Santa Fe de la Laguna a 4 de diciembre del 2024<\/p>\n\n\n\n<p>A LAS COMUNIDADES ORIGINARIAS<br>A CLAUDIA SHEIBAUN PRESIDENTA DE MEXICO<br>A ALFREDO RAMIREZ BEDOLLA GOBERNADOR DE MICHOACAN<br>AL CONSEJO SUPREMO INDIGENA DE MICHOACAN<br>AL CONGRESO DEL ESTADO<\/p>\n\n\n\n<p>Quienes suscribimos, autoridades comunales, civiles y tradicionales de la comunidad originaria de Santa Fe de la Laguna, manifestamos que nuestra comunidad no ha sido consultada respecto a la iniciativa de reforma que recientemente ha presentado el gobernado. Asimismo, desconocemos un comunicado firmado por la coordinaci\u00f3n comunal el d\u00eda de ayer 3 de diciembre en donde se hacen pasar como autoridades de nuestra comunidad, ya que nuestra asamblea general, m\u00e1xima autoridad de nuestra comunidad, no ha sido consultada.<\/p>\n\n\n\n<p>Por lo anterior, aclaramos lo siguiente:<\/p>\n\n\n\n<p>1. La coordinaci\u00f3n comunal es \u00fanicamente un grupo administrativo y no tiene el car\u00e1cter de autoridades, por lo tanto, carece de legitimidad para aceptar o respaldar propuestas que puedan afectar los intereses de nuestra comunidad.<\/p>\n\n\n\n<p>2. Nuestra comunidad, en ejercicio de su derecho a la autonom\u00eda y libre determinaci\u00f3n, exige que cualquier propuesta que nos afecte sea previamente sometida a consulta en nuestra asamblea general, conforme a nuestros usos y costumbres.<\/p>\n\n\n\n<p>3.. Solicitamos al congreso del estado que antes de aprobar cualquier iniciativa, consulte a todas las comunidades originarias de acuerdo a las normativas vigentes y con apego a los derechos humanos, solicitamos una verdadera consulta que sea libre, previa, informada,de buena fe, culturalmente adecuada, vinculatoria, con miras a un consentimiento o a un no consentimiento. De no ser as\u00ed, cualquier reforma ser\u00e1 ilegal, no aplicable e ileg\u00edtima dentro de nuestros territorios indigenas<\/p>\n\n\n\n<p>Sustento Jur\u00eddico:<\/p>\n\n\n\n<p>1. Constituci\u00f3n Pol\u00edtica de los Estados Unidos Mexicanos (CPEUM):<\/p>\n\n\n\n<p>Art\u00edculo 2: XIV. Consultar a los pueblos ind\u00edgenas en la elaboraci\u00f3n del Plan Nacional de Desarrollo y de los planes de las entidades federativas, de los Municipios y, cuando proceda, de las demarcaciones territoriales de la Ciudad de M\u00e9xico y, en su caso, incorporar las recomendaciones y propuestas que realicen.<\/p>\n\n\n\n<!--more-->\n\n\n\n<p>XV. Celebrar consultas y cooperar de buena fe con los pueblos y comunidades ind\u00edgenas, por medio de sus instituciones representativas, antes de adoptar y aplicar medidas legislativas o administrativas que puedan causar afectaciones o impactos significativos en su vida o entorno, en los t\u00e9rminos de la fracci\u00f3n XIII del Apartado A del presente art\u00edculo.<\/p>\n\n\n\n<p>2. Ley General de Derechos Ling\u00fc\u00edsticos de los Pueblos Ind\u00edgenas:<\/p>\n\n\n\n<p>Establece que los pueblos ind\u00edgenas tienen derecho a ser consultados en decisiones que impacten su identidad cultural, territorio, y organizaci\u00f3n social, respetando sus formas tradicionales de toma de decisiones.<\/p>\n\n\n\n<p>3. Convenio 169 de la Organizaci\u00f3n Internacional del Trabajo (OIT):<\/p>\n\n\n\n<p>Art\u00edculo 6: Los gobiernos deben consultar a los pueblos ind\u00edgenas mediante procedimientos apropiados y a trav\u00e9s de sus instituciones representativas antes de adoptar medidas susceptibles de afectarles directamente.<\/p>\n\n\n\n<p>Art\u00edculo 7: Los pueblos ind\u00edgenas tienen el derecho de decidir sus propias prioridades en lo que ata\u00f1e al proceso de desarrollo, en tanto afecta sus vidas, creencias, instituciones y bienestar espiritual y cultural.<\/p>\n\n\n\n<p>4. Declaraci\u00f3n de las Naciones Unidas sobre los Derechos de los Pueblos Ind\u00edgenas (DNUDPI):<\/p>\n\n\n\n<p>Art\u00edculo 19: Los Estados deben celebrar consultas y cooperar de buena fe con los pueblos ind\u00edgenas a trav\u00e9s de sus instituciones representativas antes de adoptar medidas legislativas o administrativas que puedan afectarles.<\/p>\n\n\n\n<p>Art\u00edculo 32: Los pueblos ind\u00edgenas tienen derecho a determinar y desarrollar prioridades y estrategias para el desarrollo o uso de sus tierras, territorios y otros recursos, y deben ser consultados y participar en buena fe respecto a proyectos que los afecten.<\/p>\n\n\n\n<p>5. Constituci\u00f3n del Estado de Michoac\u00e1n de Ocampo:<\/p>\n\n\n\n<p>Art\u00edculo 115: Establece que las comunidades ind\u00edgenas tienen el derecho a elegir sus propias autoridades y decidir su forma de organizaci\u00f3n interna de acuerdo con sus usos y costumbres, lo que refuerza su car\u00e1cter aut\u00f3nomo.<\/p>\n\n\n\n<p>Por lo anterior, solicitamos a los tres niveles de gobierno y a las instituciones involucradas que respeten nuestros derechos fundamentales a la consulta previa, libre e informada, conforme a las disposiciones legales y tratados internacionales mencionados. Reiteramos que cualquier decisi\u00f3n que impacte a nuestra comunidad debe ser discutida y aprobada por nuestra asamblea general, autoridad m\u00e1xima de nuestra comunidad.<\/p>\n\n\n\n<p><strong>Atentamente,<\/strong><\/p>\n\n\n\n<p><strong>Autoridades comunales, civiles y tradicionales de Santa Fe de la Laguna.<\/strong><\/p>\n\n\n\n<figure class=\"wp-block-image\"><img decoding=\"async\" src=\"http:\/\/www.congresonacionalindigena.org\/wp-content\/uploads\/2024\/12\/IMG-20241205-WA0001-230x300.jpg\" alt=\"\" class=\"wp-image-10922\"\/><\/figure>\n\n\n\n<figure class=\"wp-block-image\"><img decoding=\"async\" src=\"http:\/\/www.congresonacionalindigena.org\/wp-content\/uploads\/2024\/12\/IMG-20241205-WA0000-226x300.jpg\" alt=\"\" class=\"wp-image-10923\"\/><\/figure>\n","protected":false},"excerpt":{"rendered":"<p>Santa Fe de la Laguna a 4 de diciembre del 2024 A LAS COMUNIDADES ORIGINARIASA CLAUDIA SHEIBAUN PRESIDENTA DE MEXICOA ALFREDO RAMIREZ BEDOLLA GOBERNADOR DE MICHOACANAL CONSEJO SUPREMO INDIGENA DE MICHOACANAL CONGRESO DEL ESTADO Quienes suscribimos, autoridades comunales, civiles y tradicionales de la comunidad originaria de Santa Fe de la Laguna, manifestamos que nuestra comunidad [&hellip;]<\/p>\n","protected":false},"author":21,"featured_media":49662,"comment_status":"open","ping_status":"closed","sticky":false,"template":"","format":"standard","meta":{"footnotes":""},"categories":[957,51,826,958,954,935],"tags":[58,53,567,545,87,148,27,483],"class_list":["post-49661","post","type-post","status-publish","format-standard","has-post-thumbnail","hentry","category-autonomia","category-autor","category-medios-libres-2","category-megaproyectos","category-mexico","category-temas","tag-derechos-humanos","tag-justicia","tag-megaproyectos","tag-pueblos-indigenas","tag-represion","tag-resistencia","tag-solidaridad","tag-tierra-y-territorio"],"_links":{"self":[{"href":"https:\/\/radiozapatista.org\/index.php?rest_route=\/wp\/v2\/posts\/49661","targetHints":{"allow":["GET"]}}],"collection":[{"href":"https:\/\/radiozapatista.org\/index.php?rest_route=\/wp\/v2\/posts"}],"about":[{"href":"https:\/\/radiozapatista.org\/index.php?rest_route=\/wp\/v2\/types\/post"}],"author":[{"embeddable":true,"href":"https:\/\/radiozapatista.org\/index.php?rest_route=\/wp\/v2\/users\/21"}],"replies":[{"embeddable":true,"href":"https:\/\/radiozapatista.org\/index.php?rest_route=%2Fwp%2Fv2%2Fcomments&post=49661"}],"version-history":[{"count":2,"href":"https:\/\/radiozapatista.org\/index.php?rest_route=\/wp\/v2\/posts\/49661\/revisions"}],"predecessor-version":[{"id":49671,"href":"https:\/\/radiozapatista.org\/index.php?rest_route=\/wp\/v2\/posts\/49661\/revisions\/49671"}],"wp:featuredmedia":[{"embeddable":true,"href":"https:\/\/radiozapatista.org\/index.php?rest_route=\/wp\/v2\/media\/49662"}],"wp:attachment":[{"href":"https:\/\/radiozapatista.org\/index.php?rest_route=%2Fwp%2Fv2%2Fmedia&parent=49661"}],"wp:term":[{"taxonomy":"category","embeddable":true,"href":"https:\/\/radiozapatista.org\/index.php?rest_route=%2Fwp%2Fv2%2Fcategories&post=49661"},{"taxonomy":"post_tag","embeddable":true,"href":"https:\/\/radiozapatista.org\/index.php?rest_route=%2Fwp%2Fv2%2Ftags&post=49661"}],"curies":[{"name":"wp","href":"https:\/\/api.w.org\/{rel}","templated":true}]}}