{"id":49648,"date":"2024-12-04T17:19:48","date_gmt":"2024-12-04T23:19:48","guid":{"rendered":"https:\/\/radiozapatista.org\/?p=49648"},"modified":"2024-12-04T17:19:55","modified_gmt":"2024-12-04T23:19:55","slug":"pronunciamiento-conjunto-preocupacion-ante-la-designacion-de-llaven-abarca-como-nuevo-fiscal-del-estado-de-chiapas","status":"publish","type":"post","link":"https:\/\/radiozapatista.org\/?p=49648","title":{"rendered":"Pronunciamiento Conjunto. Preocupaci\u00f3n ante la designaci\u00f3n de Llaven Abarca como nuevo Fiscal del estado de Chiapas"},"content":{"rendered":"\n<p><strong>Pronunciamiento Conjunto<\/strong><\/p>\n\n\n\n<ul class=\"wp-block-list\">\n<li>Nos preocupa la justicia y derechos humanos ante la designaci\u00f3n de un perpetrador de violaciones a los derechos humanos ante la designaci\u00f3n del nuevo Fiscal General del Estado de Chiapas.<\/li>\n<\/ul>\n\n\n\n<p>3 de diciembre de 2024<\/p>\n\n\n\n<p>Las organizaciones firmantes manifestamos nuestra profunda preocupaci\u00f3n por la reciente decisi\u00f3n del pleno de la Sexag\u00e9sima Novena Legislatura, en la que se aprob\u00f3 el nombramiento de Jorge Luis Llaven Abarca como Fiscal General del Estado, quien estar\u00e1 en el cargo durante nueve a\u00f1os.<\/p>\n\n\n\n<p>Este nombramiento agrava a\u00fan m\u00e1s la situaci\u00f3n de los derechos humanos en Chiapas. Durante su desempe\u00f1o en el servicio p\u00fablico, Llaven Abarca ha demostrado ser perjudicial, especialmente en su rol como Secretario de Seguridad P\u00fablica y Protecci\u00f3n Ciudadana durante el gobierno de Manuel Velasco Coello. Su gesti\u00f3n se caracteriz\u00f3 por el uso excesivo de la fuerza p\u00fablica, represi\u00f3n a defensores de derechos humanos, detenciones arbitrarias y torturas, hechos que permanecen en la impunidad. Se le suma tambi\u00e9n que no tom\u00f3 las medidas necesarias para prevenir la violencia contra las mujeres, resultando en un aumento de feminicidios, a pesar de la Alerta de Violencia de G\u00e9nero en Chiapas.<\/p>\n\n\n\n<p>Abarca ha tenido varios cargos muy cuestionables en cada una de su gesti\u00f3n, tanto en su paso como Delegado en Chiapas de la Procuradur\u00eda General de la Rep\u00fablica (PGR) y como titular de la Fiscal\u00eda Especializada Contra la Delincuencia Organizada (FECDO) de la Procuradur\u00eda General de Justicia del Estado de Chiapas (PGJE). Ha sido agente del Ministerio P\u00fablico, Fiscal del Ministerio P\u00fablico especializado, encargado de la Unidad de Investigaci\u00f3n del Delito de Homicidio y Jefe de la Unidad Especializada contra el Delito de Secuestro.<\/p>\n\n\n\n<p>Cabe recordar que, durante su tiempo en la FECDO, fue se\u00f1alado como responsable de tortura y otros tratos inhumanos y degradantes, como lo demuestra la recomendaci\u00f3n 26\/2002 de la Comisi\u00f3n Nacional de Derechos Humanos (CNDH) por detenciones arbitrarias y tortura en la comunidad San Jos\u00e9, municipio de Marqu\u00e9s de Comillas. La Comisi\u00f3n Estatal de Derechos Humanos emiti\u00f3 la recomendaci\u00f3n 01\/2002 solicitando una investigaci\u00f3n administrativa y la integraci\u00f3n de una averiguaci\u00f3n previa contra el reci\u00e9n nombrado Fiscal General del Estado por diversos delitos, incluyendo tortura y abuso de autoridad. Ambas recomendaciones fueron rechazadas, perpetuando la impunidad.<\/p>\n\n\n\n<p>Llaven Abarca fue identificado como perpetrador en casos de detenciones arbitrarias, amenazas, tortura y otras violaciones a derechos humanos, incluyendo la detenci\u00f3n y tortura de integrantes de La Otra Campa\u00f1a de San Sebasti\u00e1n Bachaj\u00f3n, y la muerte bajo tortura de Luis Ignacio Lara Vidal en 2005, entre otros casos.<\/p>\n\n\n\n<p>A pesar de este historial, en agosto de 2011, fue designado Delegado de la PGR en Chiapas en el contexto de la &#8220;guerra contra la delincuencia&#8221; implementada por el entonces presidente Felipe Calder\u00f3n Hinojosa.<\/p>\n\n\n\n<p>Las organizaciones firmantes exigimos una transformaci\u00f3n profunda de las instancias de procuraci\u00f3n de justicia en nuestro pa\u00eds. En Chiapas, es urgente una fiscal\u00eda aut\u00f3noma, un cambio de estructura y funcionarios, quienes est\u00e1n anquilosados en la corrupci\u00f3n y act\u00faan bajo el cobijo de la impunidad.<\/p>\n\n\n\n<p>El nombramiento de Llaven Abarca coloca a un Fiscal comprometido con los grupos de poder pol\u00edtico y f\u00e1ctico en Chiapas, enviando una clara se\u00f1al de que su gobierno no solo apuesta por la corrupci\u00f3n y la impunidad, sino tambi\u00e9n por pr\u00e1cticas de represi\u00f3n y violaciones a derechos humanos.<\/p>\n\n\n\n<p>Con este nombramiento, se evidencia una resistencia a implementar en Chiapas las reformas constitucionales en derechos humanos, la Ley General para Prevenir y Sancionar la Tortura, y otros instrumentos internacionales de derechos humanos que el gobierno est\u00e1 obligado a cumplir y respetar.<\/p>\n\n\n\n<p>Lamentamos que se contin\u00faen con viejas pr\u00e1cticas y costumbres que fomentan las violaciones a derechos humanos y perpet\u00faan la tortura como una pr\u00e1ctica generalizada y sist\u00e9mica en Chiapas, por lo que el panorama de derechos humanos seguir\u00e1 siendo gris.<\/p>\n\n\n\n<!--more-->\n\n\n\n<ul class=\"wp-block-list\">\n<li><strong>Rizoma<\/strong><\/li>\n\n\n\n<li><strong>Mexicali Resiste<\/strong><\/li>\n\n\n\n<li><strong>Colectivo Mujeres Tierra<\/strong><\/li>\n\n\n\n<li><strong>Mujeres y hombres rebeldes en lucha x la humanidad<\/strong><\/li>\n\n\n\n<li><strong>Colectiva Nahualas Feministas desde la Periferia<\/strong><\/li>\n\n\n\n<li><strong>ProMedios de comunicaci\u00f3n comunitaria<\/strong><\/li>\n\n\n\n<li><strong>Batallones Femeninos<\/strong><\/li>\n\n\n\n<li><strong>Colectivo hombres y mujeres rebeldes en lucha por la humanidad<\/strong><\/li>\n\n\n\n<li><strong>CCE<\/strong><\/li>\n\n\n\n<li><strong>Red de resistencia y rebeld\u00eda la otra Tuxtla<\/strong><\/li>\n\n\n\n<li><strong>Cooperativa Colhuas<\/strong><\/li>\n\n\n\n<li><strong>Colectivo Contra la Tortura y la Impunidad<\/strong><\/li>\n\n\n\n<li><strong>Voces Mesoamericanas. Acci\u00f3n con Pueblos Migrantes<\/strong><\/li>\n\n\n\n<li><strong>Colectivo de Mujeres Tejiendo Resistencias<\/strong><\/li>\n\n\n\n<li><strong>Coordinadora de Colonias de Ecatepec<\/strong><\/li>\n\n\n\n<li><strong>Comunidad Savi ka\u2019an ita<\/strong><\/li>\n\n\n\n<li><strong>Red de mujeres del oriente del Edo de M\u00e9xico\u00a0<\/strong><\/li>\n\n\n\n<li><strong>Frente Nacional por las 40 Horas<\/strong><\/li>\n\n\n\n<li><strong>Red de Feminismos Descoloniales<\/strong><\/li>\n\n\n\n<li><strong>Zapateando, Medios Libres<\/strong><\/li>\n\n\n\n<li><strong>M\u00e9xico_Palestina<\/strong><\/li>\n\n\n\n<li><strong>Frente de Resistencias en contra de la represi\u00f3n y brutalidad policial<\/strong><\/li>\n\n\n\n<li><strong>Colectivo de Grupos de la Asamblea de Barrios de la Ciudad de M\u00e9xico (CG-ABCM)<\/strong><\/li>\n\n\n\n<li><strong>Centro de Derechos Humanos Fray Bartolom\u00e9 de Las Casas<\/strong><\/li>\n\n\n\n<li><strong>Brigadas Emiliano Zapata de M\u00e9xico (BEZ-M\u00c9X)<\/strong><\/li>\n\n\n\n<li><strong>Colectivo Armadillo Suomi (Finlandia)<\/strong><\/li>\n\n\n\n<li><strong>Kollektiv Por Ayotzinapa, Alemania<\/strong><\/li>\n\n\n\n<li><strong>Coordinaci\u00f3n Metropolitana Anticapitalista y Antipatriarcal con el CIG: Comunidad Ind\u00edgena Otom\u00ed residente en la Ciudad de M\u00e9xico \/ Caf\u00e9 \u201cZapata Vive\u201d \/ UPREZ Benito Ju\u00e1rez \/ SUTIEMS (Sindicato de la Uni\u00f3n de Trabajadores del Instituto de Educaci\u00f3n Media Superior de la Ciudad de M\u00e9xico) \/ Laboratorio Popular de Medios Libres \/ Regeneraci\u00f3n Radio \/ Noticias de Abajo \/ Brigada de Salud Zapatista Pantitl\u00e1n \/ Escuelita Aut\u00f3noma Otom\u00ed \/ Frente Xonacatl\u00e1n en Resistencia\/ Individu@s.<\/strong><\/li>\n\n\n\n<li><strong>Iniciativa de Trabajadores de la Salud bajo Contrataci\u00f3n Precaria &#8220;Justicia e Igualdad Laboral \u00a1Bases para Tod@s Ya!&#8221;<\/strong><\/li>\n\n\n\n<li><strong>Asamblea Nacional de Trabajadores de la Salud (ANTS)<\/strong><\/li>\n\n\n\n<li><strong>Frente Nacional de Trabajadores de la Salud en M\u00e9xico (FNTSMx)<\/strong><\/li>\n\n\n\n<li><strong>Plataforma Mexicana contra la Guerra y el Imperialismo &#8220;No en Nuestro Nombre, M\u00e9xico&#8221;<br>Movimiento Mexicano de Solidaridad con Palestina (MMSP)<\/strong><\/li>\n\n\n\n<li><strong>Coordinadora de Solidaridad con Palestina en M\u00e9xico (CORSOPAL)<\/strong><\/li>\n\n\n\n<li><strong>C\u00e1tedra Enrique Dussel<\/strong><\/li>\n\n\n\n<li><strong>Mujeres y la sexta<\/strong><\/li>\n\n\n\n<li><strong>Solidaridad Directa con Chiapas, Suiza<\/strong><\/li>\n\n\n\n<li><strong>Entre encinos y nahualas<\/strong><\/li>\n\n\n\n<li><strong>Mujeres y la Sexta &#8211; Abya Yala<\/strong><\/li>\n\n\n\n<li><strong>Casa CoMadreja<\/strong><\/li>\n\n\n\n<li><strong>Red de mujeres del oriente del Edo de M\u00e9x<\/strong><\/li>\n\n\n\n<li><strong>Frente de Resistencias Contra la Brutalidad Policiaca<\/strong><\/li>\n\n\n\n<li><strong>Red Nacional de Organismos Civiles de Derechos Humanos &#8220;Todos los Derechos para Todas, Todos y Todes&#8221; (Red TDT)<\/strong><\/li>\n\n\n\n<li><strong>Coordinaci\u00f3n metropolitana anticapitalista y Anti patriarcal<\/strong><\/li>\n\n\n\n<li><strong>Ra\u00edces en Resistencia<\/strong><\/li>\n\n\n\n<li><strong>Y Retiemble. Madrid. Estado Espa\u00f1ol<\/strong><\/li>\n\n\n\n<li><strong>Grupo de Trabajo No Estamos Todxs<br>Colectivo lleg\u00f3 la hora<\/strong><\/li>\n\n\n\n<li><strong>Red de apoyo morelense a CNI y CIG, Colectivo Nuestra Alegre Rebeld\u00eda<\/strong><\/li>\n\n\n\n<li><strong>Colectiva coraz\u00f3n del tiempo (Puelmapu nor patagonia argentina)<\/strong><\/li>\n\n\n\n<li><strong>Nodo de Derechos Humanos (NODHO)<\/strong><\/li>\n\n\n\n<li><strong>Espacio de Lucha contra el Olvido y la Represi\u00f3n, Chiapas<\/strong><\/li>\n\n\n\n<li><strong>Mexicanos Unidos<\/strong><\/li>\n\n\n\n<li><strong>Colectivo Armadillo Suomi, (Finlandia)<\/strong><\/li>\n\n\n\n<li><strong>Centro de Documentaci\u00f3n sobre Zapatismo (CEDOZ)<\/strong><\/li>\n\n\n\n<li><strong>Lumaltik Herriak<\/strong><\/li>\n\n\n\n<li><strong>Instituto Mexicano para el Desarrollo Comunitario (IMDEC)<\/strong><\/li>\n\n\n\n<li><strong>Melel Xojobal A.C.<\/strong><\/li>\n\n\n\n<li><strong>El Tekpatl; Peri\u00f3dico cr\u00edtico y de combate<\/strong><\/li>\n\n\n\n<li><strong>Peri\u00f3dico La Flor In Xochitl im Cuicatl<\/strong><\/li>\n\n\n\n<li><strong>Pueblos Unidos de la Regi\u00f3n Cholulteca y de los Volcanes<\/strong><\/li>\n\n\n\n<li><strong>Movilidades Libres y Elegidas-CoLibres<\/strong><\/li>\n\n\n\n<li><strong>Colectivo Criptopozol + DDHH<\/strong><\/li>\n\n\n\n<li><strong>Colectivo de Apoyo al EZLN CNI CIG Lleg\u00f3 la Hora de los Pueblos<\/strong><\/li>\n\n\n\n<li><strong>Mujeres Transformando Mundos A.C.<\/strong><\/li>\n\n\n\n<li><strong>Red de resistencia y Rebeld\u00eda Ajmaq<\/strong><\/li>\n<\/ul>\n","protected":false},"excerpt":{"rendered":"<p>Pronunciamiento Conjunto 3 de diciembre de 2024 Las organizaciones firmantes manifestamos nuestra profunda preocupaci\u00f3n por la reciente decisi\u00f3n del pleno de la Sexag\u00e9sima Novena Legislatura, en la que se aprob\u00f3 el nombramiento de Jorge Luis Llaven Abarca como Fiscal General del Estado, quien estar\u00e1 en el cargo durante nueve a\u00f1os. Este nombramiento agrava a\u00fan m\u00e1s [&hellip;]<\/p>\n","protected":false},"author":1,"featured_media":49649,"comment_status":"open","ping_status":"closed","sticky":false,"template":"","format":"standard","meta":{"footnotes":""},"categories":[6,55],"tags":[917,53,948],"class_list":["post-49648","post","type-post","status-publish","format-standard","has-post-thumbnail","hentry","category-chiapas","category-frayba","tag-chiapas","tag-justicia","tag-presos"],"_links":{"self":[{"href":"https:\/\/radiozapatista.org\/index.php?rest_route=\/wp\/v2\/posts\/49648","targetHints":{"allow":["GET"]}}],"collection":[{"href":"https:\/\/radiozapatista.org\/index.php?rest_route=\/wp\/v2\/posts"}],"about":[{"href":"https:\/\/radiozapatista.org\/index.php?rest_route=\/wp\/v2\/types\/post"}],"author":[{"embeddable":true,"href":"https:\/\/radiozapatista.org\/index.php?rest_route=\/wp\/v2\/users\/1"}],"replies":[{"embeddable":true,"href":"https:\/\/radiozapatista.org\/index.php?rest_route=%2Fwp%2Fv2%2Fcomments&post=49648"}],"version-history":[{"count":1,"href":"https:\/\/radiozapatista.org\/index.php?rest_route=\/wp\/v2\/posts\/49648\/revisions"}],"predecessor-version":[{"id":49650,"href":"https:\/\/radiozapatista.org\/index.php?rest_route=\/wp\/v2\/posts\/49648\/revisions\/49650"}],"wp:featuredmedia":[{"embeddable":true,"href":"https:\/\/radiozapatista.org\/index.php?rest_route=\/wp\/v2\/media\/49649"}],"wp:attachment":[{"href":"https:\/\/radiozapatista.org\/index.php?rest_route=%2Fwp%2Fv2%2Fmedia&parent=49648"}],"wp:term":[{"taxonomy":"category","embeddable":true,"href":"https:\/\/radiozapatista.org\/index.php?rest_route=%2Fwp%2Fv2%2Fcategories&post=49648"},{"taxonomy":"post_tag","embeddable":true,"href":"https:\/\/radiozapatista.org\/index.php?rest_route=%2Fwp%2Fv2%2Ftags&post=49648"}],"curies":[{"name":"wp","href":"https:\/\/api.w.org\/{rel}","templated":true}]}}