{"id":49635,"date":"2024-12-02T21:27:21","date_gmt":"2024-12-03T03:27:21","guid":{"rendered":"https:\/\/radiozapatista.org\/?p=49635"},"modified":"2024-12-02T21:27:23","modified_gmt":"2024-12-03T03:27:23","slug":"invitacion-a-la-presentacion-del-libro-de-las-abejas-de-acteal-el-camino-de-la-no-violencia-para-conmemorar-los-32-anos-de-nuestra-organizacion-las-abejas-de-acteal-y-en-memoria-del-padre-marcelo","status":"publish","type":"post","link":"https:\/\/radiozapatista.org\/?p=49635","title":{"rendered":"INVITACI\u00d3N a la: Presentaci\u00f3n del libro de Las Abejas de Acteal El Camino de la No-violencia para conmemorar los 32 a\u00f1os de nuestra Organizaci\u00f3n Las Abejas de Acteal y en Memoria del Padre Marcelo"},"content":{"rendered":"\n<figure class=\"wp-block-image size-full\"><img loading=\"lazy\" decoding=\"async\" width=\"400\" height=\"400\" src=\"https:\/\/radiozapatista.org\/wp-content\/uploads\/2024\/12\/Libro-Abejas_1_2_abejas.jpg\" alt=\"\" class=\"wp-image-49636\" srcset=\"https:\/\/radiozapatista.org\/wp-content\/uploads\/2024\/12\/Libro-Abejas_1_2_abejas.jpg 400w, https:\/\/radiozapatista.org\/wp-content\/uploads\/2024\/12\/Libro-Abejas_1_2_abejas-300x300.jpg 300w, https:\/\/radiozapatista.org\/wp-content\/uploads\/2024\/12\/Libro-Abejas_1_2_abejas-150x150.jpg 150w\" sizes=\"auto, (max-width: 400px) 100vw, 400px\" \/><\/figure>\n\n\n\n<figure class=\"wp-block-image size-full\"><img loading=\"lazy\" decoding=\"async\" width=\"400\" height=\"400\" src=\"https:\/\/radiozapatista.org\/wp-content\/uploads\/2024\/12\/Libro-Abejas-2_2_abejas.jpg\" alt=\"\" class=\"wp-image-49637\" srcset=\"https:\/\/radiozapatista.org\/wp-content\/uploads\/2024\/12\/Libro-Abejas-2_2_abejas.jpg 400w, https:\/\/radiozapatista.org\/wp-content\/uploads\/2024\/12\/Libro-Abejas-2_2_abejas-300x300.jpg 300w, https:\/\/radiozapatista.org\/wp-content\/uploads\/2024\/12\/Libro-Abejas-2_2_abejas-150x150.jpg 150w\" sizes=\"auto, (max-width: 400px) 100vw, 400px\" \/><\/figure>\n\n\n\n<p><\/p>\n","protected":false},"excerpt":{"rendered":"","protected":false},"author":21,"featured_media":49638,"comment_status":"open","ping_status":"closed","sticky":false,"template":"","format":"standard","meta":{"footnotes":""},"categories":[957,51,6,826,954,935],"tags":[100,58,106,567,147,23,545,87,148,27,483],"class_list":["post-49635","post","type-post","status-publish","format-standard","has-post-thumbnail","hentry","category-autonomia","category-autor","category-chiapas","category-medios-libres-2","category-mexico","category-temas","tag-acteal","tag-derechos-humanos","tag-las-abejas-de-acteal","tag-megaproyectos","tag-militarizacion","tag-paramilitares","tag-pueblos-indigenas","tag-represion","tag-resistencia","tag-solidaridad","tag-tierra-y-territorio"],"_links":{"self":[{"href":"https:\/\/radiozapatista.org\/index.php?rest_route=\/wp\/v2\/posts\/49635","targetHints":{"allow":["GET"]}}],"collection":[{"href":"https:\/\/radiozapatista.org\/index.php?rest_route=\/wp\/v2\/posts"}],"about":[{"href":"https:\/\/radiozapatista.org\/index.php?rest_route=\/wp\/v2\/types\/post"}],"author":[{"embeddable":true,"href":"https:\/\/radiozapatista.org\/index.php?rest_route=\/wp\/v2\/users\/21"}],"replies":[{"embeddable":true,"href":"https:\/\/radiozapatista.org\/index.php?rest_route=%2Fwp%2Fv2%2Fcomments&post=49635"}],"version-history":[{"count":1,"href":"https:\/\/radiozapatista.org\/index.php?rest_route=\/wp\/v2\/posts\/49635\/revisions"}],"predecessor-version":[{"id":49639,"href":"https:\/\/radiozapatista.org\/index.php?rest_route=\/wp\/v2\/posts\/49635\/revisions\/49639"}],"wp:featuredmedia":[{"embeddable":true,"href":"https:\/\/radiozapatista.org\/index.php?rest_route=\/wp\/v2\/media\/49638"}],"wp:attachment":[{"href":"https:\/\/radiozapatista.org\/index.php?rest_route=%2Fwp%2Fv2%2Fmedia&parent=49635"}],"wp:term":[{"taxonomy":"category","embeddable":true,"href":"https:\/\/radiozapatista.org\/index.php?rest_route=%2Fwp%2Fv2%2Fcategories&post=49635"},{"taxonomy":"post_tag","embeddable":true,"href":"https:\/\/radiozapatista.org\/index.php?rest_route=%2Fwp%2Fv2%2Ftags&post=49635"}],"curies":[{"name":"wp","href":"https:\/\/api.w.org\/{rel}","templated":true}]}}