{"id":49610,"date":"2024-11-30T21:12:47","date_gmt":"2024-12-01T03:12:47","guid":{"rendered":"https:\/\/radiozapatista.org\/?p=49610"},"modified":"2024-12-01T11:26:50","modified_gmt":"2024-12-01T17:26:50","slug":"ostula-vive-momento-decisivo-en-la-defensa-de-su-territorio","status":"publish","type":"post","link":"https:\/\/radiozapatista.org\/?p=49610","title":{"rendered":"Ostula vive momento decisivo en la defensa de su territorio"},"content":{"rendered":"\n<p>Fuente: <a href=\"https:\/\/avispa.org\/ostula-vive-momento-decisivo-en-la-defensa-de-su-territorio\/\">Avispa Midia<\/a><br>Por Renata Bessi<\/p>\n\n\n\n<p><em><sup>En portada: Autoridades comunales, de las 24 encargaturas de Ostula, compartieron lo que recuerdan de aquel 29 de junio de 2009 cuando recuperaron las tierras comunales y fundaron Xayakalan. Foto: Regina L\u00f3pez<\/sup><\/em><\/p>\n\n\n\n<p>En los pr\u00f3ximos d\u00edas, un tribunal con sede en Morelia, Michoac\u00e1n, resolver\u00e1 una demanda de&nbsp;<a href=\"https:\/\/avispa.org\/indigenas-de-ostula-agotan-ultimo-recurso-legal-sobre-sus-tierras-recuperadas\/\">amparo<\/a>&nbsp;presentada por la comunidad nahua de Santa Mar\u00eda Ostula, quien exige que se garantice judicialmente sus tierras frente a la invasi\u00f3n de personas que afirman ser peque\u00f1os propietarios. Como explica el abogado de la comunidad, Carlos Gonz\u00e1lez, el territorio en disputa, en el municipio de Aquila, se extiende por una franja de m\u00e1s de mil hect\u00e1reas de tierras comunales colindantes con el Oc\u00e9ano Pac\u00edfico.<\/p>\n\n\n\n<p>Las tierras fueron recuperadas por los comuneros de Ostula en el a\u00f1o 2009, las cuales estaban en&nbsp;<a href=\"https:\/\/avispa.org\/a-pesar-de-la-violencia-del-crimen-xayakalan-lleva-15-anos-haciendo-comunidad\/\">manos de jefes del crimen organizado y de los \u201csupuestos peque\u00f1os propietarios\u201d<\/a>, mismas que hoy la comunidad Nahua pide que se reconozcan legalmente como parte de su territorio.<\/p>\n\n\n\n<p>Este es un momento decisivo para la resoluci\u00f3n del conflicto. \u201cEn el marco del Estado nacional, del Estado mexicano, es la \u00faltima instancia\u201d, argumenta el abogado Gonz\u00e1lez. En caso de que emitan una resoluci\u00f3n desfavorable a la comunidad ind\u00edgena, se apelar\u00e1 ante los tribunales internacionales. \u201cEl Alto Comisionado de las Naciones Unidas para Derechos Humanos est\u00e1 enterado de la problem\u00e1tica de Ostula\u201d, se\u00f1ala el abogado.<\/p>\n\n\n\n<p>Gonz\u00e1lez define el conflicto social y agrario que se ha generado en Santa Mar\u00eda Ostula, en los \u00faltimos 15 a\u00f1os, como uno de los m\u00e1s agudos de M\u00e9xico. Ha dejado el saldo de al menos 40 comuneros asesinados y otras seis personas desaparecidas. Este contexto se agudiz\u00f3 a partir de que los comuneros iniciaron la recuperaci\u00f3n de sus tierras en 2009, sobre todo, del lugar sagrado que nombraron como Xayakalan. \u201cActualmente resistimos el feroz&nbsp;<a href=\"https:\/\/avispa.org\/comunidad-nahua-de-ostula-denuncia-ataques-continuos-del-crimen-organizado\/\">acoso<\/a>&nbsp;del&nbsp;<a href=\"https:\/\/avispa.org\/alerta-comunidad-de-ostula-es-sitiada-por-cjng-y-es-atacada-con-drones\/\">Cartel Jalisco Nueva Generaci\u00f3n<\/a>\u201d, dice un comunicado firmado por los integrantes de esta comunidad.&nbsp;<\/p>\n\n\n\n<p>En todos los casos de asesinatos fueron abiertas carpetas de investigaci\u00f3n. \u201cPero no existen resultados\u201d, informa el defensor legal de la comunidad.<\/p>\n\n\n\n<!--more-->\n\n\n\n<figure class=\"wp-block-image\"><a href=\"https:\/\/avispa.org\/wp-content\/uploads\/2024\/07\/Xayakalan_XV_Santiago_Navarro_jun24-1.jpg\"><img decoding=\"async\" src=\"https:\/\/avispa.org\/wp-content\/uploads\/2024\/07\/Xayakalan_XV_Santiago_Navarro_jun24-1-1024x683.jpg\" alt=\"\" class=\"wp-image-117188\"\/><\/a><figcaption class=\"wp-element-caption\"><em><sup>Foto: Santiago Navarro F<\/sup><\/em><\/figcaption><\/figure>\n\n\n\n<p>La extensi\u00f3n de lo que abarca el territorio de Santa Mar\u00eda Ostula est\u00e1 sustentada en t\u00edtulos primordiales del siglo 18. Dicha dimensi\u00f3n fue dictaminada favorablemente por la autoridad agraria hace aproximadamente 80 a\u00f1os. \u201cSe trata de invasiones en territorios que la comunidad ha tenido en posesi\u00f3n y en propiedad de manera ancestral\u201d, se\u00f1ala el abogado, refiri\u00e9ndose a las tierras que estaban en manos del crimen organizado y de los denominados peque\u00f1os propietarios.<\/p>\n\n\n\n<p>La ocupaci\u00f3n ancestral del territorio por los nahuas de Santa Mar\u00eda Ostula tambi\u00e9n ha sido respaldada con dos recursos&nbsp;<em>Amicus Curiae<\/em>&nbsp;dentro del juicio de amparo directo.&nbsp;<a href=\"https:\/\/avispa.org\/dia-de-pueblos-indigenas-ostula-activa-diversas-acciones-para-defender-sus-tierras\/\">Uno, suscrito por 56 especialistas<\/a>&nbsp;en las materias de arqueolog\u00eda, antropolog\u00eda e historia, con una larga y reconocida trayectoria en M\u00e9xico y el mundo; el otro, suscrito por m\u00e1s de 100 prestigiados organismos defensores de derechos humanos.<\/p>\n\n\n\n<h3 class=\"wp-block-heading\" id=\"h-respuesta-favorable\"><strong>Respuesta favorable<\/strong><\/h3>\n\n\n\n<p>La comunidad a lo largo de muchas d\u00e9cadas sufri\u00f3 invasiones de tierras en distintas porciones de su territorio.&nbsp;<\/p>\n\n\n\n<p>En 1977, la presidencia de la Rep\u00fablica emiti\u00f3 una resoluci\u00f3n de tierras al ejido Salinas de la Placita, las mismas que est\u00e1n invadiendo aproximadamente 100 hect\u00e1reas m\u00e1s pertenecientes a Santa Mar\u00eda Ostula.<\/p>\n\n\n\n<p>Sin embargo, el 15 de noviembre la comunidad Nahua fue notificada sobre la resoluci\u00f3n de otro amparo en revisi\u00f3n, que resolvi\u00f3 dejar sin efectos dicha resoluci\u00f3n presidencial del ejido Salinas de la Placita, por haber afectado terrenos de la comunidad.<\/p>\n\n\n\n<p>El tribunal consider\u00f3 que la resoluci\u00f3n presidencial \u201cafect\u00f3 terrenos comunales pertenecientes a nuestra comunidad; terrenos que, es importante destacarlo, se localizan en los parajes de Xayakalan, La Canahuancera y Las Tres Majahuas, los mismos que est\u00e1n en conflicto con los supuestos peque\u00f1os propietarios\u201d, menciona la comunidad en su comunicado.<\/p>\n\n\n\n<figure class=\"wp-block-image\"><a href=\"https:\/\/avispa.org\/wp-content\/uploads\/2024\/07\/Xayakalan_XV_Regina_Lopez_jun24-9.jpg\"><img decoding=\"async\" src=\"https:\/\/avispa.org\/wp-content\/uploads\/2024\/07\/Xayakalan_XV_Regina_Lopez_jun24-9-1024x683.jpg\" alt=\"\" class=\"wp-image-117179\"\/><\/a><figcaption class=\"wp-element-caption\"><em><sup>Celebraci\u00f3n del 25 aniversario de la recuperaci\u00f3n de tierras comunales de Santa Maria Ostula. Foto: Regina L\u00f3pez.<\/sup><\/em><\/figcaption><\/figure>\n\n\n\n<p>El abogado Gonz\u00e1lez considera que es una primera respuesta favorable por parte del Estado mexicano y \u201cnos hace abrigar la esperanza de que esta respuesta del Estado a las exigencias de los pueblos originarios se va a repetir con esta resoluci\u00f3n en puertas del Segundo Tribunal Colegiado\u201d.<\/p>\n\n\n\n<p>La comunidad exige que la presidenta de la Rep\u00fablica, Claudia Sheinbaum, la Secretar\u00eda de Gobernaci\u00f3n, la Secretar\u00eda de Desarrollo Agrario, Territorial y Urbano y el gobierno del Estado de Michoac\u00e1n dejen inmediatamente insubsistente la resoluci\u00f3n presidencial que dot\u00f3 de tierras ejidales al poblado La Placita. Ten\u00edan tres d\u00edas para hacerlo, despu\u00e9s de la decisi\u00f3n judicial de 15 de noviembre, sin embargo, todav\u00eda no lo han hecho.&nbsp;<\/p>\n","protected":false},"excerpt":{"rendered":"<p>Fuente: Avispa MidiaPor Renata Bessi En portada: Autoridades comunales, de las 24 encargaturas de Ostula, compartieron lo que recuerdan de aquel 29 de junio de 2009 cuando recuperaron las tierras comunales y fundaron Xayakalan. Foto: Regina L\u00f3pez En los pr\u00f3ximos d\u00edas, un tribunal con sede en Morelia, Michoac\u00e1n, resolver\u00e1 una demanda de&nbsp;amparo&nbsp;presentada por la comunidad [&hellip;]<\/p>\n","protected":false},"author":21,"featured_media":49611,"comment_status":"open","ping_status":"closed","sticky":false,"template":"","format":"standard","meta":{"footnotes":""},"categories":[957,51,826,958,954,935],"tags":[58,53,567,147,23,545,87,148,1492,27,483,814],"class_list":["post-49610","post","type-post","status-publish","format-standard","has-post-thumbnail","hentry","category-autonomia","category-autor","category-medios-libres-2","category-megaproyectos","category-mexico","category-temas","tag-derechos-humanos","tag-justicia","tag-megaproyectos","tag-militarizacion","tag-paramilitares","tag-pueblos-indigenas","tag-represion","tag-resistencia","tag-santa-maria-ostula-2","tag-solidaridad","tag-tierra-y-territorio","tag-xayakalan"],"_links":{"self":[{"href":"https:\/\/radiozapatista.org\/index.php?rest_route=\/wp\/v2\/posts\/49610","targetHints":{"allow":["GET"]}}],"collection":[{"href":"https:\/\/radiozapatista.org\/index.php?rest_route=\/wp\/v2\/posts"}],"about":[{"href":"https:\/\/radiozapatista.org\/index.php?rest_route=\/wp\/v2\/types\/post"}],"author":[{"embeddable":true,"href":"https:\/\/radiozapatista.org\/index.php?rest_route=\/wp\/v2\/users\/21"}],"replies":[{"embeddable":true,"href":"https:\/\/radiozapatista.org\/index.php?rest_route=%2Fwp%2Fv2%2Fcomments&post=49610"}],"version-history":[{"count":2,"href":"https:\/\/radiozapatista.org\/index.php?rest_route=\/wp\/v2\/posts\/49610\/revisions"}],"predecessor-version":[{"id":49621,"href":"https:\/\/radiozapatista.org\/index.php?rest_route=\/wp\/v2\/posts\/49610\/revisions\/49621"}],"wp:featuredmedia":[{"embeddable":true,"href":"https:\/\/radiozapatista.org\/index.php?rest_route=\/wp\/v2\/media\/49611"}],"wp:attachment":[{"href":"https:\/\/radiozapatista.org\/index.php?rest_route=%2Fwp%2Fv2%2Fmedia&parent=49610"}],"wp:term":[{"taxonomy":"category","embeddable":true,"href":"https:\/\/radiozapatista.org\/index.php?rest_route=%2Fwp%2Fv2%2Fcategories&post=49610"},{"taxonomy":"post_tag","embeddable":true,"href":"https:\/\/radiozapatista.org\/index.php?rest_route=%2Fwp%2Fv2%2Ftags&post=49610"}],"curies":[{"name":"wp","href":"https:\/\/api.w.org\/{rel}","templated":true}]}}