{"id":4957,"date":"2012-01-01T08:53:51","date_gmt":"2012-01-01T14:53:51","guid":{"rendered":"https:\/\/radiozapatista.org\/?p=4957"},"modified":"2015-11-26T12:33:39","modified_gmt":"2015-11-26T18:33:39","slug":"a-una-decada-del-argentinazo-%c2%a1la-lucha-sigue","status":"publish","type":"post","link":"https:\/\/radiozapatista.org\/?p=4957","title":{"rendered":"A una d\u00e9cada del Argentinazo \u00a1la lucha sigue!"},"content":{"rendered":"<p><span>A 10 a\u00f1os del llamado \u201cArgentinazo\u201d\u2014la revuelta popular del 19 y 20 de diciembre de 2001\u2014en las calles de Buenos Aires se ve claramente que la lucha que estall\u00f3 en aquellas jornadas rebeldes no qued\u00f3 en el pasado, sino que se est\u00e1 repensando y recreando constantemente por los y las compas que siguen construyendo y so\u00f1ando desde abajo. Para este reportaje, salimos a las calles de Buenos Aires con la multitudinaria marcha del 20 de diciembre 2011, y recopilamos algunas de las voces de las compa\u00f1eras y los compa\u00f1eros que siguen luchando por la construcci\u00f3n de otro mundo y otra sociabilidad, contra y m\u00e1s all\u00e1 del capitalismo.<\/span><\/p>","protected":false},"excerpt":{"rendered":"<p>A 10 a\u00f1os del llamado \u201cArgentinazo\u201d\u2014la revuelta popular del 19 y 20 de diciembre de 2001\u2014en las calles de Buenos Aires se ve claramente que la lucha que estall\u00f3 en aquellas jornadas rebeldes no qued\u00f3 en el pasado, sino que se est\u00e1 repensando y recreando constantemente por los y las compas que siguen construyendo y [&hellip;]<\/p>\n","protected":false},"author":4,"featured_media":0,"comment_status":"open","ping_status":"open","sticky":false,"template":"","format":"standard","meta":{"footnotes":""},"categories":[1,957,953,190],"tags":[465,327,467,79,57,53,466,87,148,27,97],"class_list":["post-4957","post","type-post","status-publish","format-standard","hentry","category-audio","category-autonomia","category-mundo","category-radiozapatista","tag-anticapitalismo","tag-argentina","tag-autogestion","tag-autonomia","tag-educacion","tag-justicia","tag-neoliberalismo","tag-represion","tag-resistencia","tag-solidaridad","tag-territorio"],"_links":{"self":[{"href":"https:\/\/radiozapatista.org\/index.php?rest_route=\/wp\/v2\/posts\/4957","targetHints":{"allow":["GET"]}}],"collection":[{"href":"https:\/\/radiozapatista.org\/index.php?rest_route=\/wp\/v2\/posts"}],"about":[{"href":"https:\/\/radiozapatista.org\/index.php?rest_route=\/wp\/v2\/types\/post"}],"author":[{"embeddable":true,"href":"https:\/\/radiozapatista.org\/index.php?rest_route=\/wp\/v2\/users\/4"}],"replies":[{"embeddable":true,"href":"https:\/\/radiozapatista.org\/index.php?rest_route=%2Fwp%2Fv2%2Fcomments&post=4957"}],"version-history":[{"count":0,"href":"https:\/\/radiozapatista.org\/index.php?rest_route=\/wp\/v2\/posts\/4957\/revisions"}],"wp:attachment":[{"href":"https:\/\/radiozapatista.org\/index.php?rest_route=%2Fwp%2Fv2%2Fmedia&parent=4957"}],"wp:term":[{"taxonomy":"category","embeddable":true,"href":"https:\/\/radiozapatista.org\/index.php?rest_route=%2Fwp%2Fv2%2Fcategories&post=4957"},{"taxonomy":"post_tag","embeddable":true,"href":"https:\/\/radiozapatista.org\/index.php?rest_route=%2Fwp%2Fv2%2Ftags&post=4957"}],"curies":[{"name":"wp","href":"https:\/\/api.w.org\/{rel}","templated":true}]}}