{"id":49542,"date":"2024-11-20T14:42:33","date_gmt":"2024-11-20T20:42:33","guid":{"rendered":"https:\/\/radiozapatista.org\/?p=49542"},"modified":"2024-11-28T11:59:56","modified_gmt":"2024-11-28T17:59:56","slug":"la-violencia-en-mexico-en-guerrero-y-la-creacion-de-realidades-en-tiempos-de-la-4t","status":"publish","type":"post","link":"https:\/\/radiozapatista.org\/?p=49542","title":{"rendered":"La violencia en M\u00e9xico, en Guerrero y la creaci\u00f3n de realidades en tiempos de la 4T"},"content":{"rendered":"\n<p>Al Ej\u00e9rcito Zapatista de Liberaci\u00f3n Nacional<br>Al Congreso Nacional Ind\u00edgena<br>Al Concejo Ind\u00edgena de Gobierno<br>A la Sexta Mundial<br>A quienes suscribieron Una Declaraci\u00f3n por la Vida<br>A las Redes de Resistencia y Rebeld\u00eda<br>A los organismos de derechos humanos<br>Al Pueblo de M\u00e9xico<br>Al movimiento social de Guerrero<br>A los medios libres y aut\u00f3nomos<\/p>\n\n\n\n<p>19 de noviembre.<\/p>\n\n\n\n<p>Hermanos y hermanas de M\u00e9xico y del mundo, queremos compartir nuestra palabra sobre la situaci\u00f3n que estamos viendo y viviendo en el estado de Guerrero y en M\u00e9xico: con todo el aparato del Estado, con 4 canales de televisi\u00f3n p\u00fablicos en los que se transmiten las ma\u00f1aneras, peri\u00f3dicos, noticieros de radio y televisi\u00f3n, por internet y prensa, el actual gobierno de la 4T encabezado por Claudia Sheinbaum, con Omar Garc\u00eda Harfuch como Secretario de Seguridad y Protecci\u00f3n Ciudadana de M\u00e9xico, repiten hasta el cansancio discursos de lo que su gobierno hace -o dice que hace-, para restablecer la paz en el pa\u00eds; mediante el discurso, crean una realidad inexistente y pretenden enga\u00f1ar a la poblaci\u00f3n de que el mal es ajeno al aparato Estatal y que \u00e9ste proviene de algunos individuos que generan toda la violencia en el pa\u00eds. Con una narrativa telenovelesca, hablan en las ma\u00f1aneras de articulaci\u00f3n entre los estados, de inteligencia de seguridad, de detenciones de personas trascendentales en distintas estructuras delincuenciales.<\/p>\n\n\n\n<p>Pero lo que vemos y vivimos a diario en el estado de Guerrero, es totalmente contrario a ese discurso: balaceras y asesinatos de inocentes, decapitaciones de presidentes municipales, secuestros en grupo que incluyen a mujeres, ni\u00f1os y ni\u00f1as, incineraci\u00f3n de cuerpos, que seg\u00fan el titular de la Secretar\u00eda de la Defensa Nacional, Ricardo Trevilla Trejo, es por \u201cconfrontaciones entre grupos locales\u201d; derivado de esta aseveraci\u00f3n nos preguntamos \u00bfa qu\u00e9 grupo delincuencia local pertenec\u00eda el presidente municipal de Chilpancingo Alejandro Arcos Catal\u00e1n para que lo decapitaran? \u00bfy las mujeres y ni\u00f1os secuestrados en Mochitl\u00e1n, a cu\u00e1l?<\/p>\n\n\n\n<p>Tambi\u00e9n observamos y vivimos desplazamientos territoriales, cobros de piso, control de los recursos econ\u00f3micos de los municipios por grupos delincuenciales, el control de las c\u00e1maras de video vigilancia en el municipio de Chilapa por los ardillos, el tr\u00e1fico de estupefacientes por todas las carreteras del estado con la complacencia de las polic\u00edas municipales, estatales y autoridades estatales; acoso, hostigamiento, intimidaciones y robos al gremio period\u00edstico de Guerrero; comidas y di\u00e1logos cordiales entre presidentes y presidentas municipales con generadores de violencia -como les llaman hoy en d\u00eda en las ma\u00f1aneras-, por ejemplo la comida de Norma Otilia Monta\u00f1o (ex-presidenta municipal de Chilpancingo) con Celso Ortega, l\u00edder de los ardillos; observamos tambi\u00e9n encarcelamientos de chivos expiatorios e investigaciones a modo para evitar la detenci\u00f3n de los mandos de los grupos delincuenciales, a los autores intelectuales; en estos casos, la complicidad y participaci\u00f3n directa de autoridades municipales, estatales y federales, es evidente, junto a las corporaciones de \u201cseguridad\u201d, incluida la Guardia Nacional, SEDENA y Marina cuyo n\u00famero llega ya a 12 mil 675 miembros de la SEDENA, Guardia Nacional y Marina entre Tecpan, Quechultenango, Acapulco y dem\u00e1s municipios del estado seg\u00fan Ricardo Trevilla Trejo, el mismo titular de la SEDENA cuyo an\u00e1lisis de la realidad le indica que el problema de Guerrero est\u00e1 en las \u201cconfrontaciones entre grupos locales\u201d.<\/p>\n\n\n\n<p>El simplismo de su aseveraci\u00f3n deber\u00eda ser evidencia suficiente para entender que: 1. Las capacidades cognitivas de quienes dirigen a las corporaciones de seguridad del Estado son inexistentes. 2. Que la delincuencia organizada en su rostro mas visible es la que dispara, asesina, secuestra, trafica, etc., pero que la otra cara de la delincuencia viste de traje y se encuentra en cada instituci\u00f3n del Estado y en cada corporaci\u00f3n de \u201cseguridad\u201d. A nosotras y nosotros como pueblos ind\u00edgenas que hemos vivido de cerca la violencia de los grupos delincuenciales y el silencio del Estado nos queda claro que la delincuencia son todos ellos y ellas.<\/p>\n\n\n\n<!--more-->\n\n\n\n<p>Para nosotras y nosotros, el gobierno ha permitido que existan grupos paramilitares, narco-paramilitares y c\u00e1rteles que entran a tomar el control de territorios enteros por todo el pa\u00eds, en muchos casos, para hacerse de los bienes naturales que se encuentran resguardados por los pueblos y comunidades ind\u00edgenas, para posteriormente entreg\u00e1rselos al capital trasnacional; los partidos pol\u00edticos se coludieron con la mafia, carteles locales y externos para controlar el territorio y cooptar a las poblaciones del pa\u00eds a elegirlos en los cargos de elecci\u00f3n popular (presidencias municipales, gubernaturas, presidencias), con la consecuencia evidente que esto conllevar\u00eda: terminar pagando favores a quienes los pusieron en el poder. El mismo gobierno federal ha permitido la existencia de los c\u00e1rteles para controlar al movimiento social-popular de Guerrero y del pa\u00eds, a los sistemas comunitarios y de justicia que se gestaron en las asambleas de los<br>pueblos y comunidades; las corporaciones de seguridad, vieron un segundo salario, m\u00e1s oneroso en el servicio que brindan a la delincuencia que el que reciben por su trabajo legal; el dinero que se mueve en las esferas del poder, venga de donde venga, legal o ilegal, es m\u00e1s importante que la vida del pueblo, sea de Guerrero, Chiapas, Sinaloa, Guanajuato, Oaxaca, Michoac\u00e1n o de cualquier estado del pa\u00eds. Es por lo anterior que decimos con toda claridad, la delincuencia es el Estado.<\/p>\n\n\n\n<p>Es por eso que no aceptamos la narrativa de los buenos y malos, lo que vemos es la intervenci\u00f3n absoluta, no s\u00f3lo c\u00f3mplice, sino abierta del Estado en cr\u00edmenes contra la poblaci\u00f3n mexicana. En Guerrero, el Concejo Ind\u00edgena y Popular de Guerrero Emiliano Zapata (CIPOG-EZ), todo el sexenio Andr\u00e9s Manuel, denunciamos al grupo narco-paramilitar los ardillos, que secuestraron, torturaron, descuartizaron, asesinaron a 63 habitantes de las comunidades de la Monta\u00f1a Baja de Guerrero, adem\u00e1s de desaparecer a otros 22 hermanos y hermanas, desplazar y cercar a estas comunidades. Se le dijo al mismo Andr\u00e9s Manuel en su cara cuando fue interceptado por el CIPOG-EZ en octubre de 2022, en la carretera que va de Chilapa a Tlapa: \u201c\u00a1NOS EST\u00c1N MATANDO! Evelyn Salgado, (gobernadora del estado de Guerrero) sabe quienes son y d\u00f3nde est\u00e1n los ardillos, los presidentes municipales trabajan con los ardillos, fiscales y jueces del estado trabajan con ellos, polic\u00edas municipales y estatales son ardillos, Bernardo Ortega Jim\u00e9nez actual diputado por el PRD es jefe de los ardillos junto a sus hermanos, Chilapa, Quechultenango, Tixtla, Colotlipa, Acatepec. etc., son municipios controlados por los ardillos\u201d.<\/p>\n\n\n\n<p>Pese a todo lo anterior, el pasado 13 de noviembre, de forma triunfal Harfuch anunci\u00f3 la detenci\u00f3n de Vicente Gerardo el \u201cGarza\u201d en Quer\u00e9taro (hasta all\u00e1 fueron a cazar ardillos, sabiendo d\u00f3nde operan), jefe de plaza de los ardillos. Tal como si hubiese erradicado el mal del estado de Guerrero, anunciaron su detenci\u00f3n y lo vinculan a la decapitaci\u00f3n del presidente municipal de Chilpancingo, a la desaparici\u00f3n y asesinato de la familia de Mochitl\u00e1n, al control de amplias regiones de Guerrero tales como Tecoanapa, Ayutla de los Libres y San Marcos, etc., tal como si \u00e9l fuera un jefe de los ardillos; pero nosotros sabemos y hemos denunciado donde est\u00e1n los verdaderos jefes de este grupo criminal, basta preguntarse por qu\u00e9 no detienen a Bernardo Ortega Jim\u00e9nez, diputado por el PRD en Guerrero y jefe de los ardillos, o a Jesus Parra Garc\u00eda, expresidente municipal por el PRI de Chilapa, hoy en d\u00eda diputado local en el congreso de Guerrero y que sabe como operan los ardillos, donde operan, c\u00f3mo se financian las campa\u00f1as para que personas como \u00e9l, queden como diputados o accedan a un cargo p\u00fablico; entonces, basta preguntarse porqu\u00e9 detienen a delincuentes menores y no a los que dirigen a las organizaciones delictivas para entender que la violencia no terminar\u00e1 en Guerrero pues esta deviene del mismo Estado, en todas sus estructuras y el Estado no puede atacarse a s\u00ed mismo, por lo que lo m\u00e1s c\u00f3modo es simular acciones, crear realidades y mantener la estructura criminal intacta. Paz como discurso, violencia como realidad.<\/p>\n\n\n\n<p>Es por todo lo anterior, que responsabilizamos directamente a Claudia Sheinbaum, Evelyn Salgado, Harfuch, presidentes municipales y a las corporaciones de seguridad por la violencia que se vive en el pa\u00eds y por la muerte de las personas que a diario son v\u00edctimas de la violencia por el desprecio del grupo gobernante. Los responsabilizamos por la seguridad de nuestro hermano Jesus Pl\u00e1cido Galindo, promotor del CIPOG-EZ y dem\u00e1s autoridades comunitarias, quienes han sido amenazados de muerte por los ardillos sin que ustedes les hayan brindado las m\u00ednimas condiciones de seguridad; sabemos porqu\u00e9.<\/p>\n\n\n\n<p>Hacemos un llamado a la sociedad a poner en duda, a cuestionar a los medios de comunicaci\u00f3n a trav\u00e9s de los que pretenden convencernos de que el gobierno de Morena, est\u00e1 desarticulando a la delincuencia y trabajando por la seguridad del pueblo, cuando lo \u00fanico que est\u00e1 asegurando es la entrega de los bienes naturales del pa\u00eds al capital y su permanencia en el poder por muchos sexenios. Llamamos al magisterio, a los intelectuales, a visibilizar desde el pensamiento cr\u00edtico, la realidad del pa\u00eds y la construcci\u00f3n de los discursos desde el poder. Hacemos tambi\u00e9n un llamado a campesinos, organizaciones sociales, estudiantes y al movimiento popular de Guerrero a organizarse, por la defensa de la vida de sus comunidades y por la defensa del territorio, pues de arriba nunca vendr\u00e1 la justicia. A los pueblos y comunidades de M\u00e9xico, las llamamos a mantenernos en alerta, pues el escenario que describimos no s\u00f3lo ocurre en Guerrero, sino en todo el pa\u00eds, los asesinatos y detenciones continuar\u00e1n, porque alargar la permanencia de Morena en el poder y posicionar pol\u00edticamente a Harfuch, personaje de t\u00e9trico pasado (abuelo Militar asesino de estudiantes en 1968, padre torturador de la Direcci\u00f3n Federal de Seguridad durante la Guerra Sucia y \u00e9l mismo art\u00edfice junto a otros personajes de la llamada \u201cverdad hist\u00f3rica\u201d, en el caso de la desaparici\u00f3n de los normalistas de Ayotzinapa), como un personaje central en el pr\u00f3ximo sexenio, implica limpiar el camino y reordenar el territorio, a las fuerzas econ\u00f3micas, pol\u00edticas y sociales en M\u00e9xico, asesinando inocentes y defensores de la vida y del territorio, destruyendo historias para imponer la suya propia, la del vencedor, lo cual nos pone en evidente vulnerabilidad. A los organismos de derechos humanos solidarios, a la sexta nacional y a la Otra Europa, esa que no claudica, les pedimos que sigan al pendiente de nosotros y nosotras, como de por s\u00ed lo han hecho hasta hoy.<\/p>\n\n\n\n<p>A 114 a\u00f1os del inicio de la Revoluci\u00f3n Mexicana, reivindicamos la lucha de Emiliano Zapata, de Francisco Villa, de Mag\u00f3n y de todos aquellos y aquellas que lucharon por la vida y por la construcci\u00f3n de una realidad sin tiranos y explotadores, con libertad, justicia y democracia.<\/p>\n\n\n\n<p>Abrazamos a nuestros hermanos y hermanas del EZLN por sus 41 a\u00f1os de larga rebeld\u00eda y resistencia. Como CIPOG-EZ, seguimos en resistencia, sin rendirnos, sin vendernos y sin claudicar.<\/p>\n\n\n\n<p><strong>\u00a1ALTO A LA GUERRA CONTRA LOS PUEBLOS DE M\u00c9XICO Y DEL MUNDO!<\/strong><\/p>\n\n\n\n<p><strong>atentamente:<\/strong><\/p>\n\n\n\n<p><strong>Concejo Ind\u00edgena y Popular de Guerrero Emiliano Zapata.<\/strong><\/p>\n","protected":false},"excerpt":{"rendered":"<p>Al Ej\u00e9rcito Zapatista de Liberaci\u00f3n NacionalAl Congreso Nacional Ind\u00edgenaAl Concejo Ind\u00edgena de GobiernoA la Sexta MundialA quienes suscribieron Una Declaraci\u00f3n por la VidaA las Redes de Resistencia y Rebeld\u00edaA los organismos de derechos humanosAl Pueblo de M\u00e9xicoAl movimiento social de GuerreroA los medios libres y aut\u00f3nomos 19 de noviembre. Hermanos y hermanas de M\u00e9xico y [&hellip;]<\/p>\n","protected":false},"author":21,"featured_media":49543,"comment_status":"open","ping_status":"closed","sticky":false,"template":"","format":"standard","meta":{"footnotes":""},"categories":[957,51,826,958,954,935],"tags":[58,77,53,567,147,23,545,87,148,27,483],"class_list":["post-49542","post","type-post","status-publish","format-standard","has-post-thumbnail","hentry","category-autonomia","category-autor","category-medios-libres-2","category-megaproyectos","category-mexico","category-temas","tag-derechos-humanos","tag-guerrero","tag-justicia","tag-megaproyectos","tag-militarizacion","tag-paramilitares","tag-pueblos-indigenas","tag-represion","tag-resistencia","tag-solidaridad","tag-tierra-y-territorio"],"_links":{"self":[{"href":"https:\/\/radiozapatista.org\/index.php?rest_route=\/wp\/v2\/posts\/49542","targetHints":{"allow":["GET"]}}],"collection":[{"href":"https:\/\/radiozapatista.org\/index.php?rest_route=\/wp\/v2\/posts"}],"about":[{"href":"https:\/\/radiozapatista.org\/index.php?rest_route=\/wp\/v2\/types\/post"}],"author":[{"embeddable":true,"href":"https:\/\/radiozapatista.org\/index.php?rest_route=\/wp\/v2\/users\/21"}],"replies":[{"embeddable":true,"href":"https:\/\/radiozapatista.org\/index.php?rest_route=%2Fwp%2Fv2%2Fcomments&post=49542"}],"version-history":[{"count":2,"href":"https:\/\/radiozapatista.org\/index.php?rest_route=\/wp\/v2\/posts\/49542\/revisions"}],"predecessor-version":[{"id":49585,"href":"https:\/\/radiozapatista.org\/index.php?rest_route=\/wp\/v2\/posts\/49542\/revisions\/49585"}],"wp:featuredmedia":[{"embeddable":true,"href":"https:\/\/radiozapatista.org\/index.php?rest_route=\/wp\/v2\/media\/49543"}],"wp:attachment":[{"href":"https:\/\/radiozapatista.org\/index.php?rest_route=%2Fwp%2Fv2%2Fmedia&parent=49542"}],"wp:term":[{"taxonomy":"category","embeddable":true,"href":"https:\/\/radiozapatista.org\/index.php?rest_route=%2Fwp%2Fv2%2Fcategories&post=49542"},{"taxonomy":"post_tag","embeddable":true,"href":"https:\/\/radiozapatista.org\/index.php?rest_route=%2Fwp%2Fv2%2Ftags&post=49542"}],"curies":[{"name":"wp","href":"https:\/\/api.w.org\/{rel}","templated":true}]}}