{"id":49514,"date":"2024-11-15T14:01:40","date_gmt":"2024-11-15T20:01:40","guid":{"rendered":"https:\/\/radiozapatista.org\/?p=49514"},"modified":"2024-11-15T14:01:42","modified_gmt":"2024-11-15T20:01:42","slug":"ambientalistas-son-criminalizados-por-un-supuesto-asesinato-ocurrido-hace-30-anos","status":"publish","type":"post","link":"https:\/\/radiozapatista.org\/?p=49514","title":{"rendered":"Ambientalistas son criminalizados por un supuesto asesinato ocurrido hace 30 a\u00f1os"},"content":{"rendered":"\n<p>Fuente: <a href=\"https:\/\/avispa.org\/ambientalistas-son-criminalizados-por-un-supuesto-asesinato-ocurrido-hace-30-anos\/\">Avispa Midia<\/a><\/p>\n\n\n\n<p>Por Sare Frabes<\/p>\n\n\n\n<p><em><sup>En portada: Protesta de familiares y habitantes de Santa Marta para demandar la libertad de los defensores detenidos en enero del 2023. Foto: Marvin Recinos<\/sup><\/em><\/p>\n\n\n\n<p>Este lunes (11), habitantes de la comunidad de Santa Marta, departamento de Caba\u00f1as al norte de El Salvador, y miembros de la&nbsp;Asociaci\u00f3n para el Desarrollo Econ\u00f3mico y Social (ADES) de dicha poblaci\u00f3n, se posicionaron para reclamar un alto a la criminalizaci\u00f3n de cinco l\u00edderes comunitarios y defensores ambientales, sobre quienes, a pesar de obtener su libertad el mes pasado, a\u00fan se mantiene abierto un proceso penal en su contra, acusados de un asesinato ocurrido hace 30 a\u00f1os durante el conflicto armado interno en El Salvador.<\/p>\n\n\n\n<p>Al cumplirse 22 meses de su arresto, la ADES sostiene que la \u201cilegal detenci\u00f3n\u201d de los cinco defensores fue una represalia contra la denuncia de la comunidad sobre la posible reactivaci\u00f3n de la miner\u00eda met\u00e1lica en el pa\u00eds centroamericano. Desde el a\u00f1o 2017, El Salvador se convirti\u00f3 en el&nbsp;<a href=\"https:\/\/avispa.org\/a-seis-anos-de-su-prohibicion-organizaciones-alertan-reactivacion-de-mineria-en-el-salvador\/\">primer pa\u00eds del mundo en prohibir la miner\u00eda en su territorio<\/a>&nbsp;y en esta lucha, los pobladores de Caba\u00f1as tomaron un papel preponderante al defender sus tierras ante la amenaza de la extracci\u00f3n de oro y plata.<\/p>\n\n\n\n<figure class=\"wp-block-image\"><a href=\"https:\/\/avispa.org\/wp-content\/uploads\/2024\/11\/Foto.-ADES-Santa-Marta.-El-Salvador.-.jpg\"><img decoding=\"async\" src=\"https:\/\/avispa.org\/wp-content\/uploads\/2024\/11\/Foto.-ADES-Santa-Marta.-El-Salvador.-.jpg\" alt=\"\" class=\"wp-image-118492\"\/><\/a><figcaption class=\"wp-element-caption\"><em><sup>Foto: ADES Santa Marta.<\/sup><\/em><\/figcaption><\/figure>\n\n\n\n<p>Tras su detenci\u00f3n el 11 de enero el 2023, los cinco ambientalistas permanecieron recluidos durante nueve meses, hasta que en septiembre de ese a\u00f1o les fue concedido el arresto domiciliario. Fue hasta octubre pasado cuando se realizaron las audiencias y, a pesar de que la Fiscal\u00eda General de la Rep\u00fablica (FGR) asegur\u00f3 que contaba con \u201ccontundentes evidencias\u201d sobre su culpabilidad, el d\u00eda 18 de ese mes un Tribunal de Sentencia decret\u00f3 el sobreseimiento del caso, retirando los cargos contra los acusados.<\/p>\n\n\n\n<p>Sin embargo, el 29 de octubre, la FGR present\u00f3 una apelaci\u00f3n ante las autoridades penales el distrito de Cojutepeque. \u201cComo hemos denunciado, los intereses extrajudiciales que conspiraron para montar la acusaci\u00f3n falsa contra los ambientalistas se empe\u00f1an en revertir el fallo absolutorio o, al menos, dilatar la libertad definitiva\u201d, se\u00f1ala la ADES en su posicionamiento de este lunes (11), mediante el cual exige la ratificaci\u00f3n de la libertad para los defensores.<\/p>\n\n\n\n<p>\u201cHan sido 22 meses de persecuci\u00f3n contra el activismo ambiental y de criminalizaci\u00f3n de la resistencia comunitaria contra los proyectos extractivistas que amenazan al agua, los ecosistemas y la continuidad de la vida\u201d, argumentan los miembros de la organizaci\u00f3n y habitantes de Santa Marta.<\/p>\n\n\n\n<h3 class=\"wp-block-heading\" id=\"h-libertad\"><strong>\u00bfLibertad?<\/strong><\/h3>\n\n\n\n<p>A pesar de que en septiembre del 2023 la justicia salvadore\u00f1a les concedi\u00f3 el arresto domiciliario a los cinco defensores, esta medida les mantuvo la prohibici\u00f3n de trabajar y restring\u00eda su movimiento al per\u00edmetro de sus viviendas, lo cual acarre\u00f3 graves afectaciones en su econom\u00eda y en algunos casos, debido a su avanzada edad, con impactos negativos en su salud.<\/p>\n\n\n\n<p>Miguel \u00c1ngel G\u00e1mez, Pedro Antonio Rivas y Alejandro La\u00ednez Garc\u00eda son l\u00edderes ambientalistas quienes toda su vida se han dedicado a la agricultura y, ahora, se encuentran preocupados ante la falta de alimentos derivado de su restricci\u00f3n para cultivar la tierra.<\/p>\n\n\n\n<p>Por su parte Sa\u00fal Rivas y Antonio Pacheco son integrantes de la ADES Santa Marta. Rivas se desempe\u00f1a como asesor legal y Pacheco funge como director ejecutivo cuyos trabajos, de m\u00e1s de 30 a\u00f1os, son reconocidos en la zona, raz\u00f3n por la cual han obtenido apoyo de su comunidad frente a las afectaciones de la criminalizaci\u00f3n.&nbsp;<\/p>\n\n\n\n<p>Los cinco defensores aseguran que la \u00fanica raz\u00f3n de su criminalizaci\u00f3n responde a su lucha contra la miner\u00eda, una amenaza que, coinciden, jam\u00e1s permitir\u00e1n acontecer en sus territorios. Cabe resaltar que meses despu\u00e9s de su detenci\u00f3n, representantes de dos empresas consultoras visitaron la comunidad de Santa Marta para&nbsp;<a href=\"https:\/\/avispa.org\/se-agudiza-represion-para-reactivar-mineria-en-el-salvador\/\">intentar convencer a sus autoridades para reactivar la industria minera<\/a>&nbsp;en la regi\u00f3n norte del pa\u00eds.<\/p>\n\n\n\n<p>Adem\u00e1s, la Polic\u00eda Nacional Civil detuvo, en mayo del 2023 al hijo de la ambientalista Vidalina Morales con el pretexto del r\u00e9gimen de excepci\u00f3n que se vive en El Salvador desde marzo del 2022. Fue s\u00f3lo por la presi\u00f3n internacional que las autoridades liberaron a Manuel G\u00e1mez Morales, miembro del movimiento antiminero en Caba\u00f1as.<\/p>\n\n\n\n<figure class=\"wp-block-image\"><a href=\"https:\/\/avispa.org\/wp-content\/uploads\/2024\/11\/PresosElSalvador.jpg\"><img decoding=\"async\" src=\"https:\/\/avispa.org\/wp-content\/uploads\/2024\/11\/PresosElSalvador-1024x768.jpg\" alt=\"\" class=\"wp-image-118494\"\/><\/a><figcaption class=\"wp-element-caption\"><em><sup>Los defensores de Santa Marta aguardan la resoluci\u00f3n de la apelaci\u00f3n presentada por la FGR.<\/sup><\/em><\/figcaption><\/figure>\n\n\n\n<p>Ante la persecuci\u00f3n y la reciente apelaci\u00f3n de su libertad, decenas de colectivos, organizaciones y personalidades del pa\u00eds centroamericano y a nivel internacional se han sumado a la solidaridad con la comunidad de Santa Marta y su resistencia antiminera,&nbsp;<a href=\"https:\/\/coordinadoraongd.org\/2024\/11\/frente-a-la-criminalizacion-de-lideres-ambientales-en-el-salvador\/?utm_source=twitter&amp;utm_medium=share_button&amp;utm_campaign=estructural\">posicionandose vigilantes de la resoluci\u00f3n que emitir\u00e1n las autoridades<\/a>&nbsp;con respecto a la apelaci\u00f3n de la sentencia.<\/p>\n\n\n\n<p>\u201cComo han se\u00f1alado Santa Marta y ADES, el recurso presentado carece de argumentaci\u00f3n seria y se refiere en forma irrespetuosa a la actuaci\u00f3n de las honorables juezas de sentencia, lo cual -adem\u00e1s- constituye un comportamiento mis\u00f3gino de los personeros de la Fiscal\u00eda que amerita ser denunciado como una acto de violencia contra la mujer\u201d, acusaron los habitantes de Caba\u00f1as en documento difundido el pasado 4 de noviembre.<\/p>\n\n\n\n<p>En su respuesta al recurso de apelaci\u00f3n, la poblaci\u00f3n de Santa Marta exige a las autoridades penales que sea rechazada pues \u201cuna decisi\u00f3n distinta ser\u00eda un enorme esc\u00e1ndalo jur\u00eddico que tendr\u00eda serias implicaciones en el pa\u00eds y ser\u00eda un gran desprestigio de la justicia salvadore\u00f1a ante los ojos del mundo\u201d, alertan.<\/p>\n\n\n\n<p>Adem\u00e1s, se dirigieron a la FGR al acusarla de \u201cmalgastar\u201d tiempo y recursos durante casi dos a\u00f1os en una \u201cacusaci\u00f3n sin pruebas\u201d contra los l\u00edderes comunitarios, por lo cual exigen investigar \u201clos verdaderos delitos de la guerra y no se empe\u00f1e en instrumentalizar la justicia restaurativa y transicional para arremeter contra defensores del agua, el medioambiente y la vida del pa\u00eds\u201d, sostuvieron.<\/p>\n","protected":false},"excerpt":{"rendered":"<p>Fuente: Avispa Midia Por Sare Frabes En portada: Protesta de familiares y habitantes de Santa Marta para demandar la libertad de los defensores detenidos en enero del 2023. Foto: Marvin Recinos Este lunes (11), habitantes de la comunidad de Santa Marta, departamento de Caba\u00f1as al norte de El Salvador, y miembros de la&nbsp;Asociaci\u00f3n para el [&hellip;]<\/p>\n","protected":false},"author":21,"featured_media":49515,"comment_status":"open","ping_status":"closed","sticky":false,"template":"","format":"standard","meta":{"footnotes":""},"categories":[957,51,1284,826,958,962,935],"tags":[58,53,567,147,23,87,27],"class_list":["post-49514","post","type-post","status-publish","format-standard","has-post-thumbnail","hentry","category-autonomia","category-autor","category-latinoamerica","category-medios-libres-2","category-megaproyectos","category-presos","category-temas","tag-derechos-humanos","tag-justicia","tag-megaproyectos","tag-militarizacion","tag-paramilitares","tag-represion","tag-solidaridad"],"_links":{"self":[{"href":"https:\/\/radiozapatista.org\/index.php?rest_route=\/wp\/v2\/posts\/49514","targetHints":{"allow":["GET"]}}],"collection":[{"href":"https:\/\/radiozapatista.org\/index.php?rest_route=\/wp\/v2\/posts"}],"about":[{"href":"https:\/\/radiozapatista.org\/index.php?rest_route=\/wp\/v2\/types\/post"}],"author":[{"embeddable":true,"href":"https:\/\/radiozapatista.org\/index.php?rest_route=\/wp\/v2\/users\/21"}],"replies":[{"embeddable":true,"href":"https:\/\/radiozapatista.org\/index.php?rest_route=%2Fwp%2Fv2%2Fcomments&post=49514"}],"version-history":[{"count":1,"href":"https:\/\/radiozapatista.org\/index.php?rest_route=\/wp\/v2\/posts\/49514\/revisions"}],"predecessor-version":[{"id":49516,"href":"https:\/\/radiozapatista.org\/index.php?rest_route=\/wp\/v2\/posts\/49514\/revisions\/49516"}],"wp:featuredmedia":[{"embeddable":true,"href":"https:\/\/radiozapatista.org\/index.php?rest_route=\/wp\/v2\/media\/49515"}],"wp:attachment":[{"href":"https:\/\/radiozapatista.org\/index.php?rest_route=%2Fwp%2Fv2%2Fmedia&parent=49514"}],"wp:term":[{"taxonomy":"category","embeddable":true,"href":"https:\/\/radiozapatista.org\/index.php?rest_route=%2Fwp%2Fv2%2Fcategories&post=49514"},{"taxonomy":"post_tag","embeddable":true,"href":"https:\/\/radiozapatista.org\/index.php?rest_route=%2Fwp%2Fv2%2Ftags&post=49514"}],"curies":[{"name":"wp","href":"https:\/\/api.w.org\/{rel}","templated":true}]}}