{"id":49510,"date":"2024-11-15T13:55:20","date_gmt":"2024-11-15T19:55:20","guid":{"rendered":"https:\/\/radiozapatista.org\/?p=49510"},"modified":"2024-11-15T13:55:21","modified_gmt":"2024-11-15T19:55:21","slug":"exodo-migratorio-busca-llegar-a-eeuu-antes-que-trump-al-poder","status":"publish","type":"post","link":"https:\/\/radiozapatista.org\/?p=49510","title":{"rendered":"\u00c9xodo migratorio busca llegar a EEUU antes que Trump al poder"},"content":{"rendered":"\n<p>Fuente:<a href=\"https:\/\/avispa.org\/exodo-migratorio-busca-llegar-a-eeuu-antes-que-trump-al-poder\/\"> Avispa Midia<\/a><\/p>\n\n\n\n<p>Por Jeny Pascacio<\/p>\n\n\n\n<p><div id=\"td-outer-wrap\" class=\"td-theme-wrap\"><div id=\"tdb-autoload-article\" data-autoload=\"off\" data-autoload-org-post-id=\"118476\" data-autoload-type=\"\" data-autoload-count=\"5\"><div class=\"td-main-content-wrap td-container-wrap\"><div class=\"tdc-content-wrap\"><article id=\"template-id-49676\" class=\"post-49676 tdb_templates type-tdb_templates status-publish post\"><div id=\"tdi_60\" class=\"tdc-zone\"><div class=\"tdc_zone tdi_61  wpb_row td-pb-row\"><div id=\"tdi_75\" class=\"tdc-row stretch_row\"><div class=\"vc_row tdi_76 td-ss-row td-scroll-content wpb_row td-pb-row\"><div class=\"vc_column tdi_78  wpb_column vc_column_container tdc-column td-pb-span12\"><div class=\"wpb_wrapper\"><div class=\"td_block_wrap tdb_single_content tdi_80 td-pb-border-top td_block_template_1 td-post-content tagdiv-type\" data-td-block-uid=\"tdi_80\"><div class=\"tdb-block-inner td-fix-index\"><br><p><em><sup>En portada: En el campamento de migrantes en la capital <br>chiapaneca, Tuxtla Guti\u00e9rre, algunos j\u00f3venes como Cristian de 21 a\u00f1os, <br>sobreviven haciendo cortes de cabello modernos masculinos por 50 pesos. <br>Foto: Jeny Pascacio.<\/sup><\/em><\/p><br><br><br><br><p>Cientos de personas migrantes salen en caravanas desde el sur de <br>M\u00e9xico rumbo a la frontera norte, ante la incertidumbre que provoca la <br>victoria de Donald Trump como presidente de los Estados Unidos.\u00a0<\/p><br><br><br><br><p>Para Luis Garc\u00eda Villagr\u00e1n, fundador del Centro de Dignificaci\u00f3n <br>Humana con sede en Tapachula, es importante no confundir el objetivo de <br>las caravanas, pues las personas que caminan kil\u00f3metros durante meses no<br> se movilizan por un tema pol\u00edtico, sino por una necesidad humana.<\/p><br><br><br><br><p>Las personas migrantes decidieron que las caravanas salieran de <br>Tapachula y Tuxtla Guti\u00e9rrez, simult\u00e1neamente, el 5 de noviembre durante<br> las elecciones presidenciales en el vecino pa\u00eds con un objetivo <br>medi\u00e1tico, incluso por seguridad.\u00a0<\/p><br><br><br><br><p>Los extranjeros contenidos en ambas ciudades de Chiapas se <br>organizaron en un grupo de Whatsapp. En esto, se han infiltrado personas<br> que de forma individual los amenazan para desistir de caminar rumbo al <br>norte de M\u00e9xico.\u00a0<\/p><br><br><br><br><p>Pero la migraci\u00f3n continuar\u00e1 y seguir\u00e1n saliendo en peque\u00f1os grupos, <br>puntualiz\u00f3 Villagr\u00e1n. Este 7 de noviembre otro peque\u00f1o grupo parti\u00f3 de <br>la plaza central de la capital de Chiapas, Tuxtla Guti\u00e9rrez, para <br>alcanzar en Arriaga a las caravanas que salieron dos d\u00edas antes. Juntos <br>tomar\u00e1n la carretera federal hacia Oaxaca.<\/p><br><br><br><br><p>\u201cLas personas migrantes creen que van a cerrar la frontera (norte) y <br>Trump lo confirm\u00f3 en sus declaraciones tras el triunfo. Tienen miedo, <br>est\u00e1n aterrorizados porque no es posible tanta lucha para que quite el <br>CBP ONE (la aplicaci\u00f3n digital Customs and Border Protection)\u201d, dijo <br>para\u00a0<em>Avispa M\u00eddia<\/em>\u00a0el defensor de los derechos humanos.\u00a0<\/p><br><br><br><br><p>Consider\u00f3 que con Trump ser\u00e1 m\u00e1s compleja una oportunidad de di\u00e1logo <br>con los pa\u00edses que aportan m\u00e1s a la migraci\u00f3n, entre ellos M\u00e9xico, <br>Venezuela, Hait\u00ed y pa\u00edses de Centroam\u00e9rica.\u00a0<\/p><br><br><br><br><figure class=\"wp-block-image size-large\"><a class=\"td-modal-image\" href=\"https:\/\/avispa.org\/wp-content\/uploads\/2024\/11\/Migracion-Tuxtla-JP2.jpeg\"><img loading=\"lazy\" decoding=\"async\" width=\"1024\" height=\"768\" class=\"wp-image-118478\" src=\"https:\/\/avispa.org\/wp-content\/uploads\/2024\/11\/Migracion-Tuxtla-JP2-1024x768.jpeg\" alt=\"\"><\/a><figcaption class=\"wp-element-caption\"><em><sup>En las calles venden chicha, empanadas o arepas para ganar dinero.<\/sup><\/em><\/figcaption><\/figure><br><br><br><br><p>M\u00e9xico seguir\u00e1 participando con la contenci\u00f3n migratoria como lo ha <br>se\u00f1alado la presidenta Claudia Sheinbaum. La mandataria reconoci\u00f3 que <br>hubo una reducci\u00f3n de un 70% de la migraci\u00f3n que llega a la frontera <br>norte del pa\u00eds.\u00a0<\/p><br><br><br><br><p>Con estos fines, el gobierno federal ha planteado promover a <br>Tapachula como una ciudad donde las personas migrantes pueden vivir y <br>trabajar, \u201cpero ni Tapachula ni Tuxtla tienen la infraestructura para <br>alojar a los miles de migrantes\u201d, dijo.\u00a0<\/p><br><br><br><br><p>Sin importar las condiciones, los agentes del Instituto Nacional de <br>Migraci\u00f3n (INM) se dedican a trasladar a Tuxtla y Tapachula a las <br>personas migrantes que cruzan el r\u00edo Suchiate, frontera entre Guatemala y<br> M\u00e9xico. No pueden salir de Chiapas en transporte p\u00fablico o caminando <br>porque son detenidas, incluso hay tramos donde personal de la Fiscal\u00eda <br>General de la Rep\u00fablica (FGR) tambi\u00e9n realiza labores de \u201ccontrol <br>migratorio\u201d.\u00a0<\/p><br><br><br><br><p>Las autoridades no les brinda informaci\u00f3n clara sobre el proceso que <br>deben seguir y en la mayor\u00eda de los casos son detenidas por d\u00edas en las <br>estaciones migratorias, de las citadas ciudades, sin alimento y atenci\u00f3n<br> m\u00e9dica, incluso si son menores de edad los que requieren de estos <br>derechos.<\/p><br><br><br><br><p>\u201cVan a sellar Chiapas con pretexto de la seguridad y de la presencia <br>de c\u00e1rteles, pero en realidad est\u00e1n militarizando y la pol\u00edtica del <br>terror ya est\u00e1 impuesta\u201d, precis\u00f3 el defensor.<\/p><br><br><br><br><figure class=\"wp-block-gallery has-nested-images columns-2 is-cropped wp-block-gallery-1 is-layout-flex wp-block-gallery-is-layout-flex\"><br><figure class=\"wp-block-image size-large\"><a class=\"td-modal-image\" href=\"https:\/\/avispa.org\/wp-content\/uploads\/2024\/11\/Migracion-Tuxtla-JP-7.jpeg\"><img loading=\"lazy\" decoding=\"async\" width=\"1024\" height=\"768\" data-id=\"118481\" class=\"wp-image-118481\" src=\"https:\/\/avispa.org\/wp-content\/uploads\/2024\/11\/Migracion-Tuxtla-JP-7-1024x768.jpeg\" alt=\"\"><\/a><\/figure><br><br><br><br><figure class=\"wp-block-image size-large\"><a class=\"td-modal-image\" href=\"https:\/\/avispa.org\/wp-content\/uploads\/2024\/11\/Migracion-Tuxtla-JP-9.jpeg\"><img loading=\"lazy\" decoding=\"async\" width=\"1024\" height=\"768\" data-id=\"118482\" class=\"wp-image-118482\" src=\"https:\/\/avispa.org\/wp-content\/uploads\/2024\/11\/Migracion-Tuxtla-JP-9-1024x768.jpeg\" alt=\"\"><\/a><\/figure><br><br><br><br><figure class=\"wp-block-image size-large\"><a class=\"td-modal-image\" href=\"https:\/\/avispa.org\/wp-content\/uploads\/2024\/11\/Migracion-Tuxtla-JP6.jpeg\"><img loading=\"lazy\" decoding=\"async\" width=\"1024\" height=\"768\" data-id=\"118483\" class=\"wp-image-118483\" src=\"https:\/\/avispa.org\/wp-content\/uploads\/2024\/11\/Migracion-Tuxtla-JP6-1024x768.jpeg\" alt=\"\"><\/a><\/figure><br><figcaption class=\"blocks-gallery-caption wp-element-caption\"><em><sup>Las personas migrantes acampan en al menos cinco puntos de la capital de Chiapas.\u00a0<\/sup><\/em><\/figcaption><\/figure><br><br><br><br><p>Organizaciones de la sociedad civil y defensores de derechos humanos <br>han solicitado, durante a\u00f1os, reuniones para presentar sus propuestas <br>para solucionar el tema migratorio con base en los derechos humanos, <br>pero hasta ahora no han sido escuchadas por ning\u00fan gobierno.\u00a0<\/p><br><br><br><br><h3 class=\"wp-block-heading has-black-color has-text-color has-link-color wp-elements-cda2c08f592c6d3697f0441cc9ac0c18\" id=\"h-chiapas-la-carcel-migratoria\"><strong>Chiapas, la c\u00e1rcel migratoria<\/strong><\/h3><br><br><br><br><p>Emmy con 28 a\u00f1os, tres hijos y gran desesperaci\u00f3n sali\u00f3 de su pa\u00eds <br>Venezuela. Logr\u00f3 reunir un poco de dinero, puso lo necesario en tres <br>mochilas y dej\u00f3 el pa\u00eds gobernado por Nicol\u00e1s Maduro.\u00a0<\/p><br><br><br><br><p>Para llegar a M\u00e9xico le tom\u00f3 dos meses y, al igual que la mayor\u00eda de <br>migrantes que caminan por varios pa\u00edses, opina que la traves\u00eda es <br>extremadamente peligrosa en puntos como la selva del Dari\u00e9n, entre <br>Colombia y Panam\u00e1, y las fronteras entre pa\u00edses donde son v\u00edctimas de <br>delitos por grupos delincuenciales.<\/p><br><br><br><br><p>\u201cEstoy reci\u00e9n llegada a M\u00e9xico pero ha sido duro, fuerte. Nosotros <br>llegamos a Tapachula y de ah\u00ed salimos en la caravana del 5 de noviembre,<br> pero me tuve que entregar a migraci\u00f3n porque los ni\u00f1os no aguantaron\u201d, <br>sostuvo para\u00a0<em>Avispa M\u00eddia<\/em>.\u00a0<\/p><br><br><br><br><p>Caminaron un d\u00eda con el grupo de migrantes y al siguiente los agentes<br> del INM trasladaron a Emmy y sus hijos a Tuxtla Guti\u00e9rrez. Llegaron a <br>las 3 de la tarde con hambre y sed, pero con la seguridad de no querer <br>avanzar m\u00e1s.\u00a0<\/p><br><br><br><br><p>\u201cHa sido muy dif\u00edcil, hemos pasado muchas cosas en la calle que ni <br>siquiera te puedo contar porque me da miedo. Ya no quiero seguir porque <br>si lo intentamos nos van a regresar o nos pueden deportar y por eso <br>estamos considerando quedarnos aqu\u00ed en Tuxtla\u201d, dijo.\u00a0<\/p><br><br><br><br><figure class=\"wp-block-gallery has-nested-images columns-default is-cropped wp-block-gallery-2 is-layout-flex wp-block-gallery-is-layout-flex\"><br><figure class=\"wp-block-image size-large\"><a class=\"td-modal-image\" href=\"https:\/\/avispa.org\/wp-content\/uploads\/2024\/11\/Migracion-Tuxtla-JP.jpeg\"><img loading=\"lazy\" decoding=\"async\" width=\"1024\" height=\"768\" data-id=\"118480\" class=\"wp-image-118480\" src=\"https:\/\/avispa.org\/wp-content\/uploads\/2024\/11\/Migracion-Tuxtla-JP-1024x768.jpeg\" alt=\"\"><\/a><\/figure><br><\/figure><br><br><br><br><p>Emmy y una de sus hijas hacen trenzas para obtener ingresos. Por toda<br> la cabellera de una persona cobran 50 pesos y en trenzas menos <br>elaboradas 30 pesos, pero espera pronto poder conseguir un trabajo <br>estable.\u00a0<\/p><br><br><br><br><p>\u201cEs muy complicado porque la gente desconf\u00eda de darnos trabajo, los <br>arriendos son demasiado caros y la discriminaci\u00f3n ni hablar. Por unos <br>d\u00edas estaremos durmiendo en la calle, por ahora no veo como opci\u00f3n <br>regresar a Venezuela, al menos con este gobierno yo no regreso, pero <br>para el norte con Trump tambi\u00e9n se pone dif\u00edcil\u201d.\u00a0<\/p><br><br><br><br><p>En Tuxtla Guti\u00e9rrez, las personas migrantes acampan en las estaciones<br> de autobuses, en algunos parques y la mayor poblaci\u00f3n se encuentra <br>asentada en los alrededores de las oficinas de Regulaci\u00f3n Migratoria del<br> INM, espacio que tambi\u00e9n funciona como centro de detenci\u00f3n.<\/p><br><br><br><br><p>En uno de los parques se aloja Nurkari de 23 a\u00f1os con sus dos hijos. <br>Ella tambi\u00e9n sali\u00f3 de Venezuela por la misma raz\u00f3n que Emmy y admite que<br> la traves\u00eda hasta M\u00e9xico est\u00e1 llena de terror y violencia.\u00a0<\/p><br><br><br><br><p>\u201cMaternar es duro. A m\u00ed me intentaron quitar a los ni\u00f1os en <br>Guatemala, antes de cruzar el Suchiate nos secuestraron y me dijeron que<br> si no daba dinero se iban a quedar con los ni\u00f1os\u201d, dijo a\u00a0<em>Avispa M\u00eddia<\/em>. Pero Nurkari se aferr\u00f3 a sus hijos y logr\u00f3 que la liberaran.\u00a0<\/p><br><br><br><br><p>Esta no es la primera vez que la joven madre venezolana intenta <br>llegar a Estados Unidos, hace unos meses tambi\u00e9n se uni\u00f3 a una caravana <br>pero fue detenida con sus hijos en Oaxaca y devuelta a Tuxtla.\u00a0<\/p><br><br><br><br><p>Para Nurkari las caravanas ya no son opci\u00f3n, no solo por la caminata,<br> tambi\u00e9n por el hostigamiento de agentes del INM. Por ahora sobrevive <br>con la venta de empanadas al estilo Venezuela.\u00a0<\/p><br><br><br><br><p>Su compatriota Jessica, tiene 30 a\u00f1os y tres peque\u00f1os, coincidi\u00f3 en <br>que \u201cel viaje ya ha sido muy duro para los ni\u00f1os, por la comida, por la <br>dormida y pasar por todos los pa\u00edses y la selva. Yo espero la cita de <br>migraci\u00f3n, tengo cuatro meses aqu\u00ed, he intentado subir dos veces (al <br>norte del pa\u00eds) y las dos veces me devolvieron.\u00a0<\/p><br><br><br><br><p>Jessica cuestiona la abierta corrupci\u00f3n que hay en INM, pues se han <br>percatado de que hay personas que logran pagar una cuota para acelerar <br>el tr\u00e1mite, \u201ca nosotros nos han pedido 100 o 200 d\u00f3lares por hacer un <br>registro\u201d y as\u00ed poder avanzar.\u00a0<\/p><br><br><br><br><p>Las entrevistadas aseguran que a los campamentos se acercan personas o<br> veh\u00edculo extra\u00f1os, por eso, cerca del anochecer, implementan seguridad <br>entre ellos para poder proteger a las infancias.\u00a0<\/p><br><br><br><br><h3 class=\"wp-block-heading has-black-color has-text-color has-link-color wp-elements-f9b614a53f363514a1aaabbceb386415\" id=\"h-contencion-al-servicio-de-eeuu\"><strong>Contenci\u00f3n al servicio de EEUU<\/strong><\/h3><br><br><br><br><p>Enrique Vidal, director del Centro de Derechos Humanos Fray Mat\u00edas de C\u00f3rdova (Frayma), sostuvo para\u00a0<em>Avispa M\u00eddia<\/em>que,<br> con la victoria de Donald Trump, \u201cnos estar\u00edamos acercando no solamente<br> a un escenario como el de hace 8 a\u00f1os, cuando ocurri\u00f3 su primera <br>victoria, si no a una expresi\u00f3n mucho m\u00e1s radical en la permisividad de <br>expresiones racistas, xen\u00f3fobas, eugen\u00e9sicas, de alt\u00edsima <br>discrimanaci\u00f3n\u201d.\u00a0<\/p><br><br><br><br><p>Coincidi\u00f3 con Villagr\u00e1n en que para el gobierno mexicano ser\u00e1 m\u00e1s <br>dif\u00edcil la gesti\u00f3n de la pol\u00edtica migratoria. Vidal explic\u00f3 que por un <br>lado M\u00e9xico social y culturalmente pertenece a latinoamerica, pero a <br>nivel pol\u00edtico y econ\u00f3mico \u201cpertenecemos al bloque de norteam\u00e9rica por <br>el Tratado de Libre Comercio y por toda la integraci\u00f3n que existe en <br>materia migratoria\u201d.\u00a0<\/p><br><br><br><br><p>Es decir, M\u00e9xico tienen un historial de 30 a\u00f1os de servir como la <br>frontera sur de Estados Unidos, \u201cuna sesi\u00f3n de soberan\u00eda que es p\u00fablica <br>en t\u00e9rminos geopol\u00edticos\u201d.\u00a0<\/p><br><\/div><\/div><\/div><\/div><\/div><\/div><\/div><\/div><\/article><\/div><\/div><\/div><\/div><\/p>\n","protected":false},"excerpt":{"rendered":"<p>Fuente: Avispa Midia Por Jeny Pascacio En portada: En el campamento de migrantes en la capital chiapaneca, Tuxtla Guti\u00e9rre, algunos j\u00f3venes como Cristian de 21 a\u00f1os, sobreviven haciendo cortes de cabello modernos masculinos por 50 pesos. Foto: Jeny Pascacio. Cientos de personas migrantes salen en caravanas desde el sur de M\u00e9xico rumbo a la frontera [&hellip;]<\/p>\n","protected":false},"author":21,"featured_media":49511,"comment_status":"open","ping_status":"closed","sticky":false,"template":"","format":"standard","meta":{"footnotes":""},"categories":[6,1284,826,958,954,959,935],"tags":[58,53,567,30,147,23,545,87,27],"class_list":["post-49510","post","type-post","status-publish","format-standard","has-post-thumbnail","hentry","category-chiapas","category-latinoamerica","category-medios-libres-2","category-megaproyectos","category-mexico","category-migracion","category-temas","tag-derechos-humanos","tag-justicia","tag-megaproyectos","tag-migracion","tag-militarizacion","tag-paramilitares","tag-pueblos-indigenas","tag-represion","tag-solidaridad"],"_links":{"self":[{"href":"https:\/\/radiozapatista.org\/index.php?rest_route=\/wp\/v2\/posts\/49510","targetHints":{"allow":["GET"]}}],"collection":[{"href":"https:\/\/radiozapatista.org\/index.php?rest_route=\/wp\/v2\/posts"}],"about":[{"href":"https:\/\/radiozapatista.org\/index.php?rest_route=\/wp\/v2\/types\/post"}],"author":[{"embeddable":true,"href":"https:\/\/radiozapatista.org\/index.php?rest_route=\/wp\/v2\/users\/21"}],"replies":[{"embeddable":true,"href":"https:\/\/radiozapatista.org\/index.php?rest_route=%2Fwp%2Fv2%2Fcomments&post=49510"}],"version-history":[{"count":1,"href":"https:\/\/radiozapatista.org\/index.php?rest_route=\/wp\/v2\/posts\/49510\/revisions"}],"predecessor-version":[{"id":49512,"href":"https:\/\/radiozapatista.org\/index.php?rest_route=\/wp\/v2\/posts\/49510\/revisions\/49512"}],"wp:featuredmedia":[{"embeddable":true,"href":"https:\/\/radiozapatista.org\/index.php?rest_route=\/wp\/v2\/media\/49511"}],"wp:attachment":[{"href":"https:\/\/radiozapatista.org\/index.php?rest_route=%2Fwp%2Fv2%2Fmedia&parent=49510"}],"wp:term":[{"taxonomy":"category","embeddable":true,"href":"https:\/\/radiozapatista.org\/index.php?rest_route=%2Fwp%2Fv2%2Fcategories&post=49510"},{"taxonomy":"post_tag","embeddable":true,"href":"https:\/\/radiozapatista.org\/index.php?rest_route=%2Fwp%2Fv2%2Ftags&post=49510"}],"curies":[{"name":"wp","href":"https:\/\/api.w.org\/{rel}","templated":true}]}}