{"id":49494,"date":"2024-11-06T14:02:27","date_gmt":"2024-11-06T20:02:27","guid":{"rendered":"https:\/\/radiozapatista.org\/?p=49494"},"modified":"2024-11-06T14:02:28","modified_gmt":"2024-11-06T20:02:28","slug":"cada-4-dias-se-ha-asesinado-a-un-periodista-en-el-mundo-1700-en-los-ultimos-18-anos","status":"publish","type":"post","link":"https:\/\/radiozapatista.org\/?p=49494","title":{"rendered":"Cada 4 d\u00edas se ha asesinado a un periodista en el mundo; 1,700 en los \u00faltimos 18 a\u00f1os"},"content":{"rendered":"\n<p>Fuente: <a href=\"https:\/\/avispa.org\/cada-4-dias-se-ha-asesinado-a-un-periodista-en-el-mundo-1700-en-los-ultimos-18-anos\/\">Avispa Midia<\/a><\/p>\n\n\n\n<p>Por \u00d1an\u00ed Pinto<\/p>\n\n\n\n<p><em><sup>En portada: Familiares y colegas de los periodistas palestinos Sari Mansour y Hasona Saliem, que fueron asesinados mientras trabajaban, lloraban durante la ceremonia f\u00fanebre en Deir al-Balah, Gaza, el 19 de noviembre del 2023. Foto: Ali Jadallah<\/sup><\/em><\/p>\n\n\n\n<p>Entre 2006 y 2024, m\u00e1s de 1,700 periodistas han sido asesinados en todo el mundo y alrededor del 85% de los casos no llegaron a los tribunales, seg\u00fan un informe de la Organizaci\u00f3n de las Naciones Unidas para la Educaci\u00f3n, la Ciencia y la Cultura (UNESCO), lanzado el pasado 2 de noviembre, fecha Internacional elegida para la campa\u00f1a&nbsp;<em>Poner Fin a la Impunidad de los Cr\u00edmenes contra Periodistas<\/em>.<\/p>\n\n\n\n<p>De acuerdo con el informe, llamado&nbsp;<em>Periodistas en primera l\u00ednea de crisis y emergencias<\/em>, los asesinatos de los comunicadores han aumentado en un 38% solo entre 2022 y 2023, incrementando hasta 162 periodistas asesinados en este periodo. \u201cCada 4 d\u00edas matan a periodistas por buscar la verdad\u201d, se\u00f1ala este documento.<\/p>\n\n\n\n<p>Lo m\u00e1s resaltante de estas cifras es que la UNESCO tiene un registro de 61 periodistas asesinados en pa\u00edses no afectados por conflictos armados, en este caso en pa\u00edses de Am\u00e9rica Latina y el Caribe, seguido con 31 casos en los Estados \u00c1rabes y con 31 por pa\u00edses asi\u00e1ticos y del pac\u00edfico. Europa tambi\u00e9n figura con 15 decesos.<\/p>\n\n\n\n<p>Entre las personas que perecieron por informar en este periodo bianual figuran 14 periodistas mujeres, lo que representa el 9% del total de los casos. La falta de justicia se impone, seg\u00fan este documento, ya que \u201cla impunidad en estos casos se mantiene alta, con un 85% de los asesinatos sin resolver, y el tiempo promedio para la resoluci\u00f3n de casos es de aproximadamente 4 a\u00f1os, lo que indica que la justicia es frecuentemente denegada\u201d.&nbsp;<\/p>\n\n\n\n<p>De acuerdo con el informe, el territorio mexicano sigue siendo uno de los pa\u00edses m\u00e1s peligrosos para quien ejerce la profesi\u00f3n de informar, sumando 26 periodistas ca\u00eddos entre 2022 y 2023.&nbsp;<\/p>\n\n\n\n<figure class=\"wp-block-image\"><a href=\"https:\/\/avispa.org\/wp-content\/uploads\/2024\/11\/ProtestaPeriodistasAsesinadosMx-Turati1.jpg\"><img decoding=\"async\" src=\"https:\/\/avispa.org\/wp-content\/uploads\/2024\/11\/ProtestaPeriodistasAsesinadosMx-Turati1.jpg\" alt=\"\" class=\"wp-image-118464\"\/><\/a><figcaption class=\"wp-element-caption\"><em><sup>Periodistas mexicanos protestan por los asesinatos de periodistas palestinos y mexicanos. Fotos: Colectivo SOS<\/sup><\/em><\/figcaption><\/figure>\n\n\n\n<p>El Estado de Palestina, actualmente en conflicto armado con Israel, registra el mismo n\u00famero de casos que M\u00e9xico, con 26 asesinatos en el ejercicio de su profesi\u00f3n en el mismo periodo.&nbsp;<\/p>\n\n\n\n<h3 class=\"wp-block-heading\" id=\"h-palestina\"><strong>Palestina<\/strong><\/h3>\n\n\n\n<p>Son al menos \u201c130 periodistas palestinos asesinados en manos de las fuerzas israel\u00edes\u201d en los \u00faltimos 380 d\u00edas seg\u00fan informes de la ONU hasta este mes de noviembre. La situaci\u00f3n en Gaza ha sido descrita por esta instancia como &#8220;in\u00e9dita&#8221; y &#8220;nunca antes vista en ning\u00fan conflicto de los tiempos modernos&#8221;.<\/p>\n\n\n\n<p>El Secretario General de la ONU, Ant\u00f3nio Guterres, se\u00f1al\u00f3 que, en la actualidad, en Gaza se ha producido el mayor n\u00famero de asesinatos de periodistas y trabajadores de los medios de comunicaci\u00f3n\u201d y pidi\u00f3 a los gobiernos que \u201cadopten medidas urgentes para proteger a los periodistas, investigar los cr\u00edmenes contra ellos y procesar a los autores\u201d.<\/p>\n\n\n\n<p>Voceros de la ONU han puntualizado que en Gaza la informaci\u00f3n se ha visto gravemente restringida. Se ha asesinado a periodistas, se ha destruido redacciones, se ha bloqueado a la prensa extranjera y se ha cortado las comunicaciones. \u201cLas fuerzas israel\u00edes, como potencia ocupante, han desmantelado sistem\u00e1ticamente la infraestructura de los medios de comunicaci\u00f3n palestinos, silenciando voces mediante restricciones, amenazas, asesinatos selectivos y censura\u201d, resume Cheikh Niang, presidente del Comit\u00e9 de la ONU sobre los Derechos Inalienables del Pueblo Palestino.<\/p>\n\n\n\n<p>A pesar de ello, los periodistas en Gaza siguen informando sobre la crisis humanitaria que est\u00e1 sufriendo la poblaci\u00f3n civil y principalmente los ni\u00f1os.&nbsp;<\/p>\n\n\n\n<p>En contraste, el jefe de la&nbsp;<em>Secci\u00f3n de Oriente Medio y Norte de \u00c1frica de la Oficina del Alto Comisionado de las Naciones Unidas<\/em>&nbsp;ha declarado que, \u201cseg\u00fan el derecho internacional humanitario, el ocupante, Israel, tiene la obligaci\u00f3n de proteger a los civiles, incluidos los periodistas\u201d, pero, se\u00f1ala que acontece lo contrario, \u201cestamos oyendo a pol\u00edticos y dirigentes de muy alto nivel decir que est\u00e1 bien matar a civiles para conseguir objetivos militares, lo que constituye una violaci\u00f3n de la proporcionalidad, de los principios y tambi\u00e9n de la necesidad militar\u201d.&nbsp;<\/p>\n","protected":false},"excerpt":{"rendered":"<p>Fuente: Avispa Midia Por \u00d1an\u00ed Pinto En portada: Familiares y colegas de los periodistas palestinos Sari Mansour y Hasona Saliem, que fueron asesinados mientras trabajaban, lloraban durante la ceremonia f\u00fanebre en Deir al-Balah, Gaza, el 19 de noviembre del 2023. Foto: Ali Jadallah Entre 2006 y 2024, m\u00e1s de 1,700 periodistas han sido asesinados en [&hellip;]<\/p>\n","protected":false},"author":21,"featured_media":49495,"comment_status":"open","ping_status":"closed","sticky":false,"template":"","format":"standard","meta":{"footnotes":""},"categories":[957,51,826,958,953,935],"tags":[58,1103,53,147,112,545,87,148,27,483],"class_list":["post-49494","post","type-post","status-publish","format-standard","has-post-thumbnail","hentry","category-autonomia","category-autor","category-medios-libres-2","category-megaproyectos","category-mundo","category-temas","tag-derechos-humanos","tag-gaza","tag-justicia","tag-militarizacion","tag-palestina","tag-pueblos-indigenas","tag-represion","tag-resistencia","tag-solidaridad","tag-tierra-y-territorio"],"_links":{"self":[{"href":"https:\/\/radiozapatista.org\/index.php?rest_route=\/wp\/v2\/posts\/49494","targetHints":{"allow":["GET"]}}],"collection":[{"href":"https:\/\/radiozapatista.org\/index.php?rest_route=\/wp\/v2\/posts"}],"about":[{"href":"https:\/\/radiozapatista.org\/index.php?rest_route=\/wp\/v2\/types\/post"}],"author":[{"embeddable":true,"href":"https:\/\/radiozapatista.org\/index.php?rest_route=\/wp\/v2\/users\/21"}],"replies":[{"embeddable":true,"href":"https:\/\/radiozapatista.org\/index.php?rest_route=%2Fwp%2Fv2%2Fcomments&post=49494"}],"version-history":[{"count":1,"href":"https:\/\/radiozapatista.org\/index.php?rest_route=\/wp\/v2\/posts\/49494\/revisions"}],"predecessor-version":[{"id":49496,"href":"https:\/\/radiozapatista.org\/index.php?rest_route=\/wp\/v2\/posts\/49494\/revisions\/49496"}],"wp:featuredmedia":[{"embeddable":true,"href":"https:\/\/radiozapatista.org\/index.php?rest_route=\/wp\/v2\/media\/49495"}],"wp:attachment":[{"href":"https:\/\/radiozapatista.org\/index.php?rest_route=%2Fwp%2Fv2%2Fmedia&parent=49494"}],"wp:term":[{"taxonomy":"category","embeddable":true,"href":"https:\/\/radiozapatista.org\/index.php?rest_route=%2Fwp%2Fv2%2Fcategories&post=49494"},{"taxonomy":"post_tag","embeddable":true,"href":"https:\/\/radiozapatista.org\/index.php?rest_route=%2Fwp%2Fv2%2Ftags&post=49494"}],"curies":[{"name":"wp","href":"https:\/\/api.w.org\/{rel}","templated":true}]}}