{"id":49412,"date":"2024-10-26T19:26:45","date_gmt":"2024-10-27T01:26:45","guid":{"rendered":"https:\/\/radiozapatista.org\/?p=49412"},"modified":"2024-10-27T10:56:21","modified_gmt":"2024-10-27T16:56:21","slug":"resonancias-del-caracol-por-nuestrs-desaparecids-memorial-musical","status":"publish","type":"post","link":"https:\/\/radiozapatista.org\/?p=49412","title":{"rendered":"RESONANCIAS DEL CARACOL POR NUESTR@S DESAPARECID@S MEMORIAL MUSICAL"},"content":{"rendered":"\n<p class=\"has-text-align-center\"><strong>Primera llamada<\/strong><\/p>\n\n\n\n<p>A las madres y familias buscadoras<br>Al Ej\u00e9rcito Zapatista de Liberaci\u00f3n Nacional<br>Al Congreso Nacional Ind\u00edgena \u2013 Concejo Ind\u00edgena de Gobierno<br>A las personas y organizaciones firmantes de la Declaraci\u00f3n por la Vida<br>A las personas de buen coraz\u00f3n en M\u00e9xico y el mundo<\/p>\n\n\n\n<p>Nosotros, nosotras, nosotroas, integrantes de la Red Universitaria Anticapitalista, vemos que hoy en M\u00e9xico las violencias se siguen desplegando por todo el territorio nacional y que, como siempre, son las personas m\u00e1s despose\u00eddas quienes las padecen. Vemos con alarma c\u00f3mo los pueblos de todas las geograf\u00edas de este pa\u00eds sobreviven a una guerra que, por m\u00e1s que desde arriba trata de ocultarse, sigue lastimando a nuestra sociedad.<\/p>\n\n\n\n<p>Vemos, tambi\u00e9n, que frente a esas violencias, son los pueblos originarios y las madres y familias buscadoras quienes en el pa\u00eds nos marcan un horizonte de esperanza, un paso digno e incansable en una lucha que hoy es una lucha por la vida.<\/p>\n\n\n\n<p>Vemos c\u00f3mo, movidas por el amor y la justicia, madres y familiares de personas desaparecidas se organizan para buscar a sus seres queridos. Desde hace m\u00e1s de 50 a\u00f1os las familias de personas desaparecidas durante el terrorismo de Estado, se articularon en colectivos y organizaciones que investigan, denuncian, buscan justicia y a sus seres queridos, construyen memoria, una labor que no han dejado de hacer y que abri\u00f3 camino para entender al M\u00e9xico de nuestros d\u00edas. Hoy, miles de familias m\u00e1s realizan las tareas que las instituciones de gobierno no hacen, se forman en el d\u00eda a d\u00eda como forenses, crean metodolog\u00edas de b\u00fasqueda, acuden a los lugares m\u00e1s rec\u00f3nditos para destapar una realidad innegable: que M\u00e9xico es una fosa. Los familiares de personas desaparecidas tambi\u00e9n se encuentran con otras y otros que como ellos viven el dolor de la incertidumbre y convocan a procesos de unificaci\u00f3n de sus luchas, como ocurri\u00f3 este a\u00f1o cuando m\u00e1s de 200 colectivos declararon el 19 de abril como el D\u00eda de las Familias Buscadoras.<\/p>\n\n\n\n<p>Vemos que hoy, como ayer, miles de personas siguen siendo desaparecidas y siguen sin ser encontradas, a pesar de todo el esfuerzo de sus madres y familias. Vemos que estamos frente a un problema transexenal que desde arriba se han negado a nombrar y con ello se invisibiliza y se les vuelve a desaparecer. Encontrar a esas personas sigue siendo el horizonte, como lo son la verdad, la justicia, la reparaci\u00f3n del da\u00f1o y la garant\u00eda de no repetici\u00f3n.<\/p>\n\n\n\n<p>Nosotros, nosotras, nosotroas, pensamos que la memoria no es sin\u00f3nimo de resignaci\u00f3n, sino una necesidad, una voz del presente y del pasado que nos dice que los desaparecidos y las desaparecidas nos hacen falta a todos y todas.<\/p>\n\n\n\n<p>Ante esta situaci\u00f3n, en respuesta a los m\u00faltiples llamados que han hecho las familias buscadoras, queremos convocar a dar un abrazo colectivo, un grito solidario, un canto por la memoria, un baile por la justicia. Un esfuerzo peque\u00f1o, pero combativo y cari\u00f1oso. Por ello, a sabiendas de que las artes son lenguajes que trascienden ruidos, hemos decidido realizar el <strong>Resonancias del Caracol por Nuestr@s Desaparecid@s. Memorial Musical<\/strong>, una actividad en la que distintos artistas hombres, mujeres y otroas, as\u00ed como organizaciones sociales y personas solidarias, sumaremos nuestra solidaridad con familias y organizaciones de madres y familias buscadoras. Realizaremos dicha actividad el pr\u00f3ximo <strong>23 de noviembre, a las 13 hrs en el Monumento a la Revoluci\u00f3n de la Ciudad de M\u00e9xico<\/strong>. Pr\u00f3ximamente m\u00e1s informaci\u00f3n.<\/p>\n\n\n\n<p class=\"has-text-align-center\">Porque l@s desaparecid@s nos faltan a tod@s<br>RED UNIVERSITARIA ANTICAPITALISTA<br>Octubre de 2024<\/p>\n\n\n\n<p>PD. Mientras nos prepar\u00e1bamos para lanzar esta iniciativa y comenzar la difusi\u00f3n, nos hemos enterado de las agresiones y amenazas contra los pueblos zapatistas. Nosotros, nosotras, nosotroas, tenemos como inspiraci\u00f3n al EZLN. C\u00f3mo ya dijimos, nosotros, nosotras, nosotroas, pensamos que la guerra que se vive en M\u00e9xico encuentra en los pueblos originarios y en las madres buscadoras a su principal resistencia. Es sin duda el EZLN uno de los proyectos de alternativa de vida y organizaci\u00f3n social m\u00e1s importantes en el mundo. Por ello, en cada acci\u00f3n que realicemos para llevar a cabo este Resonancias, tambi\u00e9n estar\u00e1 la exigencia de alto a la guerra contra las comunidades zapatistas.<\/p>\n\n\n\n<p><\/p>\n","protected":false},"excerpt":{"rendered":"<p>Primera llamada A las madres y familias buscadorasAl Ej\u00e9rcito Zapatista de Liberaci\u00f3n NacionalAl Congreso Nacional Ind\u00edgena \u2013 Concejo Ind\u00edgena de GobiernoA las personas y organizaciones firmantes de la Declaraci\u00f3n por la VidaA las personas de buen coraz\u00f3n en M\u00e9xico y el mundo Nosotros, nosotras, nosotroas, integrantes de la Red Universitaria Anticapitalista, vemos que hoy en [&hellip;]<\/p>\n","protected":false},"author":21,"featured_media":49413,"comment_status":"open","ping_status":"closed","sticky":false,"template":"","format":"standard","meta":{"footnotes":""},"categories":[957,51,826,958,954,935],"tags":[667,58,926,53,567,147,23,545,87,148,483],"class_list":["post-49412","post","type-post","status-publish","format-standard","has-post-thumbnail","hentry","category-autonomia","category-autor","category-medios-libres-2","category-megaproyectos","category-mexico","category-temas","tag-baezln","tag-derechos-humanos","tag-ezln","tag-justicia","tag-megaproyectos","tag-militarizacion","tag-paramilitares","tag-pueblos-indigenas","tag-represion","tag-resistencia","tag-tierra-y-territorio"],"_links":{"self":[{"href":"https:\/\/radiozapatista.org\/index.php?rest_route=\/wp\/v2\/posts\/49412","targetHints":{"allow":["GET"]}}],"collection":[{"href":"https:\/\/radiozapatista.org\/index.php?rest_route=\/wp\/v2\/posts"}],"about":[{"href":"https:\/\/radiozapatista.org\/index.php?rest_route=\/wp\/v2\/types\/post"}],"author":[{"embeddable":true,"href":"https:\/\/radiozapatista.org\/index.php?rest_route=\/wp\/v2\/users\/21"}],"replies":[{"embeddable":true,"href":"https:\/\/radiozapatista.org\/index.php?rest_route=%2Fwp%2Fv2%2Fcomments&post=49412"}],"version-history":[{"count":2,"href":"https:\/\/radiozapatista.org\/index.php?rest_route=\/wp\/v2\/posts\/49412\/revisions"}],"predecessor-version":[{"id":49417,"href":"https:\/\/radiozapatista.org\/index.php?rest_route=\/wp\/v2\/posts\/49412\/revisions\/49417"}],"wp:featuredmedia":[{"embeddable":true,"href":"https:\/\/radiozapatista.org\/index.php?rest_route=\/wp\/v2\/media\/49413"}],"wp:attachment":[{"href":"https:\/\/radiozapatista.org\/index.php?rest_route=%2Fwp%2Fv2%2Fmedia&parent=49412"}],"wp:term":[{"taxonomy":"category","embeddable":true,"href":"https:\/\/radiozapatista.org\/index.php?rest_route=%2Fwp%2Fv2%2Fcategories&post=49412"},{"taxonomy":"post_tag","embeddable":true,"href":"https:\/\/radiozapatista.org\/index.php?rest_route=%2Fwp%2Fv2%2Ftags&post=49412"}],"curies":[{"name":"wp","href":"https:\/\/api.w.org\/{rel}","templated":true}]}}