{"id":49401,"date":"2024-10-25T11:36:51","date_gmt":"2024-10-25T17:36:51","guid":{"rendered":"https:\/\/radiozapatista.org\/?p=49401"},"modified":"2024-10-25T17:37:13","modified_gmt":"2024-10-25T23:37:13","slug":"padre-marcelo-en-la-megaperegrinacion-del-modevite","status":"publish","type":"post","link":"https:\/\/radiozapatista.org\/?p=49401","title":{"rendered":"Padre Marcelo en la megaperegrinaci\u00f3n del MODEVITE"},"content":{"rendered":"\n<p>Honrando la lucha y la vida del Padre Marcelo P\u00e9rez, compartimos aqu\u00ed su intervenci\u00f3n en la Megaperegrinaci\u00f3n del Movimiento en Defensa de la Vida y el Territorio (MODEVITE), Tuxtla Guti\u00e9rrez, Chiapas, M\u00e9xico, el 20 de agosto de 2019.<\/p>\n\n\n\n<figure class=\"wp-block-embed is-type-video is-provider-youtube wp-block-embed-youtube wp-embed-aspect-16-9 wp-has-aspect-ratio\"><div class=\"wp-block-embed__wrapper\">\n<iframe loading=\"lazy\" title=\"Padre Marcelo\" width=\"500\" height=\"281\" src=\"https:\/\/www.youtube.com\/embed\/bmw-uFUFIWA?feature=oembed\" frameborder=\"0\" allow=\"accelerometer; autoplay; clipboard-write; encrypted-media; gyroscope; picture-in-picture; web-share\" referrerpolicy=\"strict-origin-when-cross-origin\" allowfullscreen><\/iframe>\n<\/div><\/figure>\n","protected":false},"excerpt":{"rendered":"<p>Honrando la lucha y la vida del Padre Marcelo P\u00e9rez, compartimos aqu\u00ed su intervenci\u00f3n en la Megaperegrinaci\u00f3n del Movimiento en Defensa de la Vida y el Territorio (MODEVITE), Tuxtla Guti\u00e9rrez, Chiapas, M\u00e9xico, el 20 de agosto de 2019.<\/p>\n","protected":false},"author":1,"featured_media":49402,"comment_status":"open","ping_status":"closed","sticky":false,"template":"","format":"standard","meta":{"footnotes":""},"categories":[6,826,222],"tags":[917,912,1485],"class_list":["post-49401","post","type-post","status-publish","format-standard","has-post-thumbnail","hentry","category-chiapas","category-medios-libres-2","category-video","tag-chiapas","tag-narcoestado","tag-padre-marcelo"],"_links":{"self":[{"href":"https:\/\/radiozapatista.org\/index.php?rest_route=\/wp\/v2\/posts\/49401","targetHints":{"allow":["GET"]}}],"collection":[{"href":"https:\/\/radiozapatista.org\/index.php?rest_route=\/wp\/v2\/posts"}],"about":[{"href":"https:\/\/radiozapatista.org\/index.php?rest_route=\/wp\/v2\/types\/post"}],"author":[{"embeddable":true,"href":"https:\/\/radiozapatista.org\/index.php?rest_route=\/wp\/v2\/users\/1"}],"replies":[{"embeddable":true,"href":"https:\/\/radiozapatista.org\/index.php?rest_route=%2Fwp%2Fv2%2Fcomments&post=49401"}],"version-history":[{"count":1,"href":"https:\/\/radiozapatista.org\/index.php?rest_route=\/wp\/v2\/posts\/49401\/revisions"}],"predecessor-version":[{"id":49403,"href":"https:\/\/radiozapatista.org\/index.php?rest_route=\/wp\/v2\/posts\/49401\/revisions\/49403"}],"wp:featuredmedia":[{"embeddable":true,"href":"https:\/\/radiozapatista.org\/index.php?rest_route=\/wp\/v2\/media\/49402"}],"wp:attachment":[{"href":"https:\/\/radiozapatista.org\/index.php?rest_route=%2Fwp%2Fv2%2Fmedia&parent=49401"}],"wp:term":[{"taxonomy":"category","embeddable":true,"href":"https:\/\/radiozapatista.org\/index.php?rest_route=%2Fwp%2Fv2%2Fcategories&post=49401"},{"taxonomy":"post_tag","embeddable":true,"href":"https:\/\/radiozapatista.org\/index.php?rest_route=%2Fwp%2Fv2%2Ftags&post=49401"}],"curies":[{"name":"wp","href":"https:\/\/api.w.org\/{rel}","templated":true}]}}