{"id":49321,"date":"2024-10-22T10:57:12","date_gmt":"2024-10-22T16:57:12","guid":{"rendered":"https:\/\/radiozapatista.org\/?p=49321"},"modified":"2024-10-25T09:30:05","modified_gmt":"2024-10-25T15:30:05","slug":"chiapas-indignacion-internacional-por-el-asesinato-del-sacerdote-tsotsil-marcelo-perez-perez","status":"publish","type":"post","link":"https:\/\/radiozapatista.org\/?p=49321","title":{"rendered":"Chiapas: Indignaci\u00f3n internacional por el asesinato del sacerdote tsotsil Marcelo P\u00e9rez P\u00e9rez"},"content":{"rendered":"\n<p>Fuente: <a href=\"https:\/\/avispa.org\/chiapas-indignacion-internacional-por-el-asesinato-del-sacerdote-tsotsil-marcelo-perez-perez\/\">Avispa Midia<\/a><\/p>\n\n\n\n<p>Por Jeny Pascacio<\/p>\n\n\n\n<p><em><sup>En portada: El padre Marcelo (al frente, con gorra) durante un evento en el ejido Candelaria, San Crist\u00f3bal de Las Casas. En enero del 2021, y tras los estragos de la pandemia del Covid19, se congregaron representantes del Movimiento en Defensa de la Vida y el Terrtitorio para articular estrategias en defensa de las comunidades ind\u00edgenas chiapanecas. Foto: Aldo Santiago<\/sup><\/em><\/p>\n\n\n\n<p>Por su labor en la defensa de los pueblos ind\u00edgenas de Chiapas, el p\u00e1rroco tsotsil Marcelo P\u00e9rez P\u00e9rez fue asesinado la ma\u00f1ana de este 20 de octubre, a unos metros de la parroquia del barrio de Cuxtitali en San Crist\u00f3bal de Las Casas, Chiapas, sur de M\u00e9xico.&nbsp;<\/p>\n\n\n\n<p>De acuerdo a las primeras declaraciones, el sacerdote sali\u00f3 del recinto tras oficiar la primera misa del domingo, se subi\u00f3 a su veh\u00edculo varado en la calle La Pera esquina con calle Franz Bloom. Segundos despu\u00e9s recibi\u00f3 varios disparos con arma de fuego.<\/p>\n\n\n\n<p>El estruendoso sonido alert\u00f3 al barrio organizado de Cuxtitali y de inmediato se dieron cita vecinos y religiosos que se aproximaron para dar aviso a las autoridades y despedir al padre con rezos y cantos.&nbsp;<\/p>\n\n\n\n<p>La Fiscal\u00eda de Asuntos Especiales y Distrito Altos realiz\u00f3 lo correspondiente al levantamiento del cuerpo que se encontr\u00f3 al interior de una camioneta marca Ford Titanium color blanco, con placas de circulaci\u00f3n del estado de Chiapas. As\u00ed mismo inici\u00f3 la indagatoria, pero hasta ahora no hay detenidos.&nbsp;&nbsp;<\/p>\n\n\n\n<p>Cuando el Servicio M\u00e9dico Forense (Semefo) traslad\u00f3 a P\u00e9rez P\u00e9rez la multitud que se hizo presente se despidi\u00f3 con l\u00e1grimas, velas y \u00a1vivas!.&nbsp;&nbsp;Despu\u00e9s colocaron una bandera blanca en el campanario de la parroquia de Cuxtitali.<\/p>\n\n\n\n<!--more-->\n\n\n\n<p>Te puede interesar \u2013&nbsp;<a href=\"https:\/\/avispa.org\/gobierno-niega-conflicto-armado-en-chiapas-mientras-violencia-exacerba-crisis-humanitaria\/\" target=\"_blank\" rel=\"noreferrer noopener\">Gobierno niega conflicto armado en Chiapas, mientras violencia exacerba crisis humanitaria<\/a><\/p>\n\n\n\n<p>\u201cMe siento muy afligido por la muerte del padre Marcelo. Por la forma en que estaba la camioneta, sal\u00eda de Cuxtitali para ir a la parroquia de Guadalupe y el cristal de la parte del ch\u00f3fer estaba acribillado, con varios disparos. Yo vi la camioneta y ah\u00ed estaba el cuerpo adentro. \u00c9l andaba con seguridad pero no d\u00eda y noche\u201d, dijo Monse\u00f1or Rodrigo Aguilar Mart\u00ednez durante la misa del mediod\u00eda.<\/p>\n\n\n\n<p>El representante de la Di\u00f3cesis de San Crist\u00f3bal de Las Casas dijo que el p\u00e1rroco ser\u00e1 velado en la iglesia de Guadalupe de la misma ciudad. Agreg\u00f3 que est\u00e1n dispuestos a perdonar a los homicidas y a quien los mandaron, pero hizo un llamado a recapacitar sobre este acto y continu\u00f3 el llamado por la paz en Chiapas.&nbsp;<\/p>\n\n\n\n<h3 class=\"wp-block-heading\" id=\"h-el-peregrinar-por-la-justicia\"><strong>El peregrinar por la justicia<\/strong><\/h3>\n\n\n\n<p>Marcelo P\u00e9rez P\u00e9rez era originario de San Andr\u00e9s Larr\u00e1inzar, en los Altos de Chiapas. Fue p\u00e1rroco de la iglesia de San Antonio de Padua de Simojovel donde en marzo de 2015 convoc\u00f3 a una Magna Peregrinaci\u00f3n para pedir por la paz y la justicia en el municipio.&nbsp;<\/p>\n\n\n\n<p>Te puede interesar \u2013&nbsp;<a href=\"https:\/\/avispa.org\/en-los-altos-de-chiapas-organizaciones-alertan-nuevo-pico-de-violencia\/\" target=\"_blank\" rel=\"noreferrer noopener\">En los Altos de Chiapas, organizaciones alertan nuevo pico de violencia<\/a><\/p>\n\n\n\n<p>La manifestaci\u00f3n pac\u00edfica fue acompa\u00f1ada por miles de feligreses y pobladores de distintos municipios de Chiapas, que caminaron 121 kil\u00f3metros durante una semana hasta llegar al Palacio de Gobierno en Tuxtla Guti\u00e9rrez.&nbsp;<\/p>\n\n\n\n<p>Entonces no hubo respuesta del gobierno de Manuel Velasco Coello, pero tal fue la incomodidad que provoc\u00f3 la movilizaci\u00f3n que las amenazas incrementaron contra el padre Marcelo.&nbsp;<\/p>\n\n\n\n<p>A pesar de este contexto, el sacerdote decidi\u00f3 apoyar la causa de 31 reci\u00e9n nacidos de la comunidad La Pimienta, afectados por la aplicaci\u00f3n de vacunas contaminadas del Instituto Mexicano del Seguro Social (IMSS) en mayo del mismo a\u00f1o (2015).<\/p>\n\n\n\n<p>No desisti\u00f3 y busc\u00f3 justicia para dos beb\u00e9s que perdieron la vida y atenci\u00f3n m\u00e9dica para 29 beb\u00e9s que quedaron con secuelas. Las amenazas siguieron, por lo que los propios feligreses le brindaban seguridad al P\u00e9rez P\u00e9rez dentro y fuera de la parroquia o el municipio.&nbsp;<\/p>\n\n\n\n<figure class=\"wp-block-image\"><a href=\"https:\/\/avispa.org\/wp-content\/uploads\/2024\/10\/PadreMarceloCandelaria2021-5.jpg\"><img decoding=\"async\" src=\"https:\/\/avispa.org\/wp-content\/uploads\/2024\/10\/PadreMarceloCandelaria2021-5-1024x661.jpg\" alt=\"\" class=\"wp-image-118319\"\/><\/a><figcaption class=\"wp-element-caption\"><em><sup>El padre Marcelo predic\u00f3 por la justicia para los pueblos ind\u00edgenas frente al despojo y la violencia criminal. Fotos: Aldo Santiago.<\/sup><\/em><\/figcaption><\/figure>\n\n\n\n<p>La labor de Marcelo P\u00e9rez nunca se detuvo y continu\u00f3 el activismo con la organizaci\u00f3n de peregrinaciones por la paz y la justicia en los Altos de Chiapas y, en 2021, en coordinaci\u00f3n con el Centro de Derechos Humanos Fray Bartolom\u00e9 de las Casas (Frayba) y otras organizaciones de la sociedad civil, fue mediador durante los enfrentamientos que encabez\u00f3 el grupo armado El Machete en el municipio de Pantelh\u00f3.<\/p>\n\n\n\n<p>Te puede interesar \u2013&nbsp;<a href=\"https:\/\/avispa.org\/organizaciones-llaman-a-autoridades-mexicanas-a-esclarecer-violencia-en-chiapas\/\" target=\"_blank\" rel=\"noreferrer noopener\">Organizaciones llaman a autoridades mexicanas a esclarecer violencia en Chiapas<\/a><\/p>\n\n\n\n<p>El pasado 13 de septiembre, tres Di\u00f3cesis se organizaron en una peregrinaci\u00f3n para pedir por la paz y el padre Marcelo fue uno de los religiosos que encabez\u00f3 la manifestaci\u00f3n, ah\u00ed dijo que existe incongruencia del gobierno, pues a pesar del otorgamiento del mecanismo de protecci\u00f3n, las autoridades giraron una orden de aprehensi\u00f3n en su contra.&nbsp;<\/p>\n\n\n\n<p>En esta protesta dijo que la respuesta de la poblaci\u00f3n para pedir justicia fue esperanzadora y parteaguas de la lucha de la iglesia por lograr la paz.&nbsp;<\/p>\n\n\n\n<h3 class=\"wp-block-heading\" id=\"h-ineficaz-mecanismo-de-proteccion\"><strong>Ineficaz mecanismo de protecci\u00f3n<\/strong><\/h3>\n\n\n\n<p>De acuerdo a informaci\u00f3n de la Red Nacional de Organismos Civiles de Derechos Humanos \u201cTodos los Derechos para Todas, Todos y Todes\u201d (Red TDT), las organizaciones de derechos humanos denunciaron la situaci\u00f3n de riesgo que enfrentaba el padre por amenazas y hostigamiento de grupos delincuenciales.&nbsp;<\/p>\n\n\n\n<p>La Red TDT, encabezada por Victor Hugo L\u00f3pez, se\u00f1al\u00f3 la ineficacia de los mecanismos de protecci\u00f3n en M\u00e9xico, pues P\u00e9rez P\u00e9rez contaba con medidas cautelares n\u00famero 506-14 otorgadas en el 2015 por la Comisi\u00f3n Interamericana de Derechos Humanos (CIDH) para garantizar la vida, la integridad y seguridad.&nbsp;<\/p>\n\n\n\n<p>Incluso, en junio de 2022, la Fiscal\u00eda General del Estado de Chiapas (FGE) solicit\u00f3 orden de aprehensi\u00f3n al Juzgado de Control y Tribunal de Enjuiciamiento del Distrito Judicial de San Crist\u00f3bal de Las Casas, que hasta ahora, seg\u00fan Monse\u00f1or Rodrigo Aguilar, permanec\u00eda detenida.&nbsp;<\/p>\n\n\n\n<p>\u201cEste crimen de lesa humanidad devela lo insuficiente que resultan estas acciones ante la creciente violencia en M\u00e9xico\u201d, destac\u00f3 la Red TDT en un pronunciamiento emitido tras el crimen contra el padre Marcelo, al igual organizaciones en M\u00e9xico e internacionales que se unen a la exigencia de justicia y paz para Chiapas.<\/p>\n\n\n\n<p>El Frayba tambi\u00e9n lament\u00f3 el asesinato del padre Marcelo P\u00e9rez P\u00e9rez. \u201cEs una muestra del riesgo existente para las personas defensoras de derechos humanos, y del territorio\u201d, public\u00f3 y exigi\u00f3 a las autoridades de todos los niveles la investigaci\u00f3n sin dilaci\u00f3n de este atroz crimen.<\/p>\n\n\n\n<figure class=\"wp-block-image\"><a href=\"https:\/\/avispa.org\/wp-content\/uploads\/2024\/10\/PadreMarceloCandelaria2021-7.jpg\"><img decoding=\"async\" src=\"https:\/\/avispa.org\/wp-content\/uploads\/2024\/10\/PadreMarceloCandelaria2021-7-1024x683.jpg\" alt=\"\" class=\"wp-image-118321\"\/><\/a><figcaption class=\"wp-element-caption\"><em><sup>El padre Marcelo (al micr\u00f3fono) predic\u00f3 por la justicia para los pueblos ind\u00edgenas frente al despojo y la violencia criminal. Foto: Aldo Santiago.<\/sup><\/em><\/figcaption><\/figure>\n\n\n\n<p>Los Jesuitas de M\u00e9xico dijeron que rechazar\u00e1n cualquier intento de minimizar el asesinato como un caso aislado, \u201cla violencia en esta regi\u00f3n refleja un problema estructural que demanda una respuesta integral y urgente del Estado\u201d.<\/p>\n\n\n\n<p>La Mesa de Paz Chiapas de la Comisi\u00f3n Nacional de Cultura de Paz y la no violencia (Comnapaz) hizo un llamado urgente a la unidad social para la construcci\u00f3n de la cultura de paz, para ello har\u00e1n un pronunciamiento escrito y en video.&nbsp;<\/p>\n\n\n\n<p>Adem\u00e1s convocar\u00e1n a una mesa de di\u00e1logo entre organizaciones de la sociedad civil, instituciones religiosas y sociedad civil para la generaci\u00f3n de acciones a favor de la construcci\u00f3n de la paz, la unidad social para los Altos de Chiapas.<\/p>\n\n\n\n<p>La Oficina en M\u00e9xico del Alto Comisionado de las Naciones Unidas para los Derechos Humanos (ONU-DH) reconoci\u00f3 la labor de Marcelo P\u00e9rez por su profunda solidaridad al pueblo cat\u00f3lico de Simojovel, a la Di\u00f3cesis de San Crist\u00f3bal de las Casas.&nbsp;<\/p>\n\n\n\n<p><\/p>\n","protected":false},"excerpt":{"rendered":"<p>Fuente: Avispa Midia Por Jeny Pascacio En portada: El padre Marcelo (al frente, con gorra) durante un evento en el ejido Candelaria, San Crist\u00f3bal de Las Casas. En enero del 2021, y tras los estragos de la pandemia del Covid19, se congregaron representantes del Movimiento en Defensa de la Vida y el Terrtitorio para articular [&hellip;]<\/p>\n","protected":false},"author":21,"featured_media":49322,"comment_status":"open","ping_status":"closed","sticky":false,"template":"","format":"standard","meta":{"footnotes":""},"categories":[957,51,6,826,958,954,935],"tags":[58,53,567,147,23,87,148,27,483],"class_list":["post-49321","post","type-post","status-publish","format-standard","has-post-thumbnail","hentry","category-autonomia","category-autor","category-chiapas","category-medios-libres-2","category-megaproyectos","category-mexico","category-temas","tag-derechos-humanos","tag-justicia","tag-megaproyectos","tag-militarizacion","tag-paramilitares","tag-represion","tag-resistencia","tag-solidaridad","tag-tierra-y-territorio"],"_links":{"self":[{"href":"https:\/\/radiozapatista.org\/index.php?rest_route=\/wp\/v2\/posts\/49321","targetHints":{"allow":["GET"]}}],"collection":[{"href":"https:\/\/radiozapatista.org\/index.php?rest_route=\/wp\/v2\/posts"}],"about":[{"href":"https:\/\/radiozapatista.org\/index.php?rest_route=\/wp\/v2\/types\/post"}],"author":[{"embeddable":true,"href":"https:\/\/radiozapatista.org\/index.php?rest_route=\/wp\/v2\/users\/21"}],"replies":[{"embeddable":true,"href":"https:\/\/radiozapatista.org\/index.php?rest_route=%2Fwp%2Fv2%2Fcomments&post=49321"}],"version-history":[{"count":2,"href":"https:\/\/radiozapatista.org\/index.php?rest_route=\/wp\/v2\/posts\/49321\/revisions"}],"predecessor-version":[{"id":49352,"href":"https:\/\/radiozapatista.org\/index.php?rest_route=\/wp\/v2\/posts\/49321\/revisions\/49352"}],"wp:featuredmedia":[{"embeddable":true,"href":"https:\/\/radiozapatista.org\/index.php?rest_route=\/wp\/v2\/media\/49322"}],"wp:attachment":[{"href":"https:\/\/radiozapatista.org\/index.php?rest_route=%2Fwp%2Fv2%2Fmedia&parent=49321"}],"wp:term":[{"taxonomy":"category","embeddable":true,"href":"https:\/\/radiozapatista.org\/index.php?rest_route=%2Fwp%2Fv2%2Fcategories&post=49321"},{"taxonomy":"post_tag","embeddable":true,"href":"https:\/\/radiozapatista.org\/index.php?rest_route=%2Fwp%2Fv2%2Ftags&post=49321"}],"curies":[{"name":"wp","href":"https:\/\/api.w.org\/{rel}","templated":true}]}}