{"id":49226,"date":"2024-10-18T19:07:22","date_gmt":"2024-10-19T01:07:22","guid":{"rendered":"https:\/\/radiozapatista.org\/?p=49226"},"modified":"2024-10-20T13:55:56","modified_gmt":"2024-10-20T19:55:56","slug":"llora-el-aceite-extraido-del-corazon-de-la-tierra","status":"publish","type":"post","link":"https:\/\/radiozapatista.org\/?p=49226","title":{"rendered":"Llora el aceite extra\u00eddo del coraz\u00f3n de la tierra"},"content":{"rendered":"\n<p id=\"viewer-ctos3\">Publicado en <a href=\"https:\/\/x.com\/Caminoalandar2\" target=\"_blank\" rel=\"noreferrer noopener\"><strong>Camino al Andar<\/strong><\/a><br>Por <strong>Claire Marie<\/strong><\/p>\n\n\n<div class=\"wp-block-image\">\n<figure class=\"aligncenter size-full\"><img loading=\"lazy\" decoding=\"async\" width=\"740\" height=\"520\" src=\"https:\/\/radiozapatista.org\/wp-content\/uploads\/2024\/10\/derrame.jpg\" alt=\"\" class=\"wp-image-49227\" srcset=\"https:\/\/radiozapatista.org\/wp-content\/uploads\/2024\/10\/derrame.jpg 740w, https:\/\/radiozapatista.org\/wp-content\/uploads\/2024\/10\/derrame-350x246.jpg 350w\" sizes=\"auto, (max-width: 740px) 100vw, 740px\" \/><\/figure>\n<\/div>\n\n\n<p id=\"viewer-ctos3\">El 16 de septiembre, un derrame de petr\u00f3leo se expande hacia el arroyo de Ojital, un pueblo situado cerca de Papantla. La lava negra hubiera podido ser detenida si PEMEX, la empresa petrolera responsable, hubiera tomado las medidas necesarias ante la fuga de un oleoducto situado aguas arriba del arroyo, denunciada por los habitantes un mes antes. Lejos de ser un caso especial, Ojital muestra el cotidiano de los Totonacos que luchan por permanecer en un territorio devastado por la extracci\u00f3n ilimitada de sus recursos subterr\u00e1neos.&nbsp;<\/p>\n\n\n\n<p class=\"has-text-align-center\" id=\"viewer-e7csl7722\"><strong>*<\/strong><\/p>\n\n\n\n<p id=\"viewer-wzzfv7724\">\u00a0En este 16 de septiembre de 2024, don Rogelio se levanta para un nuevo d\u00eda de trabajo. Sus clientes no tardar\u00e1n en esperar para pedirle el desayuno. Su puesto de tacos est\u00e1 arriba de la comunidad, en la carretera principal, entre Papantla y Poza Rica, la mayor ciudad petrolera del estado de Veracruz.\u00a0<\/p>\n\n\n\n<p id=\"viewer-pqr4o7730\">Don Rogeliio se apresura para llenar su traste con agua del pozo. Se la echa en la cara para despertarse, pero da marcha atr\u00e1s: \u201cAhora el agua huele a petr\u00f3leo\u2026\u201d murmura, a\u00fan dormido.\u00a0 Da unos pasos para arrojar el contenido de la tinaja al arroyo que corre junto a su casa. Pero sus ojos se detienen de repente. El agua es negra. La tierra es negra. El horizonte es negro. A donde van sus ojos, todo est\u00e1 negro de petr\u00f3leo.\u00a0<\/p>\n\n\n\n<p id=\"viewer-bpv4j7734\">A la orilla del arroyo, los habitantes de Ojital se despiertan con la misma pesadilla. Anoche, un fuerte aguacero desprendi\u00f3 todo el petr\u00f3leo que quedaba estancado en una presa aguas arriba. El caudal alcanz\u00f3 m\u00e1s de 12 kil\u00f3metros de arroyo, afectando a las comunidades vecinas de Troncones y Chote Coatzintla.<\/p>\n\n\n\n<!--more-->\n\n\n<div class=\"wp-block-image\">\n<figure class=\"aligncenter\"><img decoding=\"async\" src=\"https:\/\/static.wixstatic.com\/media\/ecd004_6b6a7d55c0e14d44a96a0aecc92a9623~mv2.jpg\/v1\/fill\/w_740,h_1137,al_c,q_85,usm_0.66_1.00_0.01,enc_auto\/ecd004_6b6a7d55c0e14d44a96a0aecc92a9623~mv2.jpg\" alt=\"\"\/><\/figure>\n<\/div>\n\n\n<p id=\"viewer-2dur61810\">R\u00e1pidamente, la comunidad transmite la informaci\u00f3n a las autoridades municipales y a PEMEX, la empresa responsable. Frente al silencio, no tardan en organizarse. A las 9 de la ma\u00f1ana, bloquean la carretera Taj\u00edn-Coatzintla para exigir la reparaci\u00f3n de los da\u00f1os lo antes posible. En la tarde, cuatro obreros se presentan con la intenci\u00f3n de colocar diques de pl\u00e1stico. Pero llega la noche y a\u00fan no han hecho nada. Don Teo, la autoridad tradicional de la comunidad, se exaspera: \u201clos vimos poner unas cuantas ramas de coco! Se supone que son especialistas. Si es para hacer un trabajo as\u00ed, nosotros lo podemos hacer\u201d.<\/p>\n\n\n\n<p id=\"viewer-65qc07742\">\u201cPEMEX se est\u00e1 burlando de nosotros\u201d piensan los habitantes, con un sabor amargo en la boca y el olor a petr\u00f3leo flotando en el aire. En los \u00faltimos a\u00f1os, el n\u00famero de fugas en la regi\u00f3n ha aumentado debido a la falta de mantenimiento de las instalaciones &#8211; algunos oleoductos tienen m\u00e1s de setenta a\u00f1os. Sin embargo, PEMEX sigue eludiendo sus responsabilidades, como demuestra la actitud de su representante, quien se presenta al d\u00eda siguiente: \u201cmerecen ir a la c\u00e1rcel por bloquear la carretera\u201d se atreve a decirles. Los habitantes no se dejan amenazar: \u201c\u00a1estamos sufriendo por los gases del petr\u00f3leo! Hay ancianos y ni\u00f1os que viven a pocos metros del arroyo. No nos iremos si no limpian su basura\u201d. Pero, la respuesta del empresario no deja lugar a dudas: \u00ab\u00a1Van a tener que acostumbraros al olor! El petr\u00f3leo no mata\u201d.\u00a0<\/p>\n\n\n\n<p id=\"viewer-w1nya7746\">Desde que su r\u00e9plica se hizo viral, PEMEX ha enviado a un pu\u00f1ado de trabajadores para limpiar parte de los doce kil\u00f3metros de arroyo contaminado. Pero, para don Teo, su mensaje est\u00e1 claro: \u201cseg\u00fan ellos, deber\u00edamos acostumbrarnos a morir, \u00a1lentamente!\u201d<\/p>\n\n\n<div class=\"wp-block-image\">\n<figure class=\"aligncenter\"><img decoding=\"async\" src=\"https:\/\/static.wixstatic.com\/media\/ecd004_1c0a2266e586492aa98cfbda1a785d7e~mv2.jpg\/v1\/fill\/w_740,h_520,al_c,q_85,usm_0.66_1.00_0.01,enc_auto\/ecd004_1c0a2266e586492aa98cfbda1a785d7e~mv2.jpg\" alt=\"\"\/><\/figure>\n<\/div>\n\n\n<p class=\"has-text-align-center\" id=\"viewer-bmhzn7750\"><strong>*<\/strong><\/p>\n\n\n\n<h2 class=\"wp-block-heading\" id=\"viewer-ybn107754\"><strong>No es contaminaci\u00f3n, es exterminio<\/strong><\/h2>\n\n\n\n<p id=\"viewer-8yosy7756\"><strong><em>&nbsp;<\/em><\/strong>Desde hace quince d\u00edas, los diez trabajadores se turnan para limpiar el arroyo. Amontonan la tierra contaminada en los terrenos de los vecinos, que no tienen m\u00e1s remedio que mirar el desastre. \u00bfQu\u00e9 har\u00e1n con estos mont\u00edculos blancos y negros, restos mortales, mezcla de hidrocarburos y calidra? En realidad, les quedan pocas opciones: o los queman y los gases t\u00f3xicos escapan a la atm\u00f3sfera, o cavan un pozo y entierran el desastre, esperando a que la naturaleza se haga cargo, como se\u00f1ala el ingeniero petroqu\u00edmico Rodrigo Dorantes, quien vino junto con Anabel Alvarado desde el Tecnol\u00f3gico de Poza Rica para brindar informaci\u00f3n de salud p\u00fablica.&nbsp;<\/p>\n\n\n\n<p id=\"viewer-v5g3k7762\">En cuanto al arroyo, uno de los \u00faltimos de la regi\u00f3n que ha sobrevivido a la contaminaci\u00f3n, de poco sirven los diez obreros con sus rastrillos de jardiner\u00eda. En el mejor de los casos, el saneamiento del arroyo tardar\u00e1 una d\u00e9cada. Mientras, los residuos de petr\u00f3leo ser\u00e1n arrastrados por el torrente hasta el r\u00edo Cazones, donde desembocar\u00e1n en el mar. A estas alturas, ya no se habla de contaminaci\u00f3n: \u201cNadie tiene derecho a exterminar\u201d, repite don Teo.<\/p>\n\n\n<div class=\"wp-block-image\">\n<figure class=\"aligncenter\"><img decoding=\"async\" src=\"https:\/\/static.wixstatic.com\/media\/ecd004_bc879ae4fb1947789bc518988a71c6cc~mv2.jpeg\/v1\/fill\/w_740,h_493,fp_0.50_0.50,q_90\/ecd004_bc879ae4fb1947789bc518988a71c6cc~mv2.webp\" alt=\"\"\/><\/figure>\n<\/div>\n\n<div class=\"wp-block-image\">\n<figure class=\"aligncenter\"><img decoding=\"async\" src=\"https:\/\/static.wixstatic.com\/media\/ecd004_95dd324b56264306913271bc091eae42~mv2.jpg\/v1\/fill\/w_740,h_493,fp_0.50_0.50,q_90\/ecd004_95dd324b56264306913271bc091eae42~mv2.webp\" alt=\"\"\/><\/figure>\n<\/div>\n\n\n<p class=\"has-text-align-center\" id=\"viewer-ce82a3980\">Voluntariados rescatan las tortugas sobrevivientes usando mayonesa para quitarles el petr\u00f3leo<\/p>\n\n\n\n<p id=\"viewer-xbe1p7766\">Don Rogelio y su hijo Alejandro, de ocho a\u00f1os, consiguieron salvar cinco tortugas, pero \u00bfcu\u00e1ntas quedaron atrapadas? Antes, padre e hijo pescaban algunos peces e incluso \u201cburritos\u201d, un peque\u00f1o cangrejo end\u00e9mico de la regi\u00f3n, <em>totocalcas<\/em>\u00a0y culebras de agua, todas en peligro de extinci\u00f3n. \u201cLo que m\u00e1s me duele es ese \u00e1rbol de lichis que ves ah\u00ed. Me gusta que mi hijo se d\u00e9 el gusto de recolectar la fruta y com\u00e9rsela directamente del \u00e1rbol. \u00a1Se pod\u00eda comer un kilo entero de lichis!\u201d, dice Rogelio. Alejandro tendr\u00e1 que esperar hasta los 13 a\u00f1os para reencontrar esta sencillez. Seg\u00fan Rodrigo Dorantes, se necesita al menos cinco a\u00f1os para poder volver a consumir las plantaciones afectadas.<\/p>\n\n\n\n<p id=\"viewer-cx0g97772\">En cuanto al reci\u00e9n nacido de Marina, ni siquiera tendr\u00e1 el lujo de atravesar las aguas cristalinas del arroyo, y todas las especies ahora extinguidas seguir\u00e1n siendo para \u00e9l una vieja leyenda. Su historia se evapora, como los vapores t\u00f3xicos del petr\u00f3leo que ya respira, dos meses despu\u00e9s de su nacimiento. Las autoridades de PEMEX no se pronunciaron sobre los riesgos cancer\u00edgenos de esos gases, ni han proporcionado mascarillas a los residentes o a sus trabajadores.<\/p>\n\n\n<div class=\"wp-block-image\">\n<figure class=\"aligncenter\"><img decoding=\"async\" src=\"https:\/\/static.wixstatic.com\/media\/ecd004_6938023653a2457abd5db6ec3b1d00b0~mv2.jpg\/v1\/fill\/w_740,h_520,al_c,q_85,usm_0.66_1.00_0.01,enc_auto\/ecd004_6938023653a2457abd5db6ec3b1d00b0~mv2.jpg\" alt=\"\"\/><\/figure>\n<\/div>\n\n\n<p class=\"has-text-align-center\" id=\"viewer-a6bz27774\">La milpa de Arturo<\/p>\n\n\n\n<p id=\"viewer-58boh13915\">La comunidad esperaba a que el equipo de PEMEX terminara de limpiar, pero en la ma\u00f1ana del 2 de octubre, una nueva inundaci\u00f3n levant\u00f3 el hidrocarburo estancado aguas arriba. Lleg\u00f3 a tierras hasta entonces intactas, como la milpa del agricultor Arturo, que albergaba \u00e1rboles end\u00e9micos de la regi\u00f3n. Tambi\u00e9n se infiltr\u00f3 en la casa de Mar\u00eda y mat\u00f3 todas las plantas de vainilla que su padre pensaba vender.<\/p>\n\n\n<div class=\"wp-block-image\">\n<figure class=\"aligncenter\"><img decoding=\"async\" src=\"https:\/\/static.wixstatic.com\/media\/ecd004_cba2feb3bc9045c99a42ff96b2251d73~mv2.jpg\/v1\/fill\/w_740,h_1137,al_c,q_85,usm_0.66_1.00_0.01,enc_auto\/ecd004_cba2feb3bc9045c99a42ff96b2251d73~mv2.jpg\" alt=\"\"\/><\/figure>\n<\/div>\n\n\n<p class=\"has-text-align-center\" id=\"viewer-5bzek8813\">Mar\u00eda y su planta de vainilla<\/p>\n\n\n\n<p id=\"viewer-z2hj77780\">Los trabajadores pasaron diez d\u00edas limpiando el arroyo frente a las casas de los habitantes. Pero \u00bfpor qu\u00e9 no se retir\u00f3 el petr\u00f3leo que se hab\u00eda estancado arroyo arriba? Los recursos desplegados, la falta de mano de obra, la l\u00f3gica empleada: todo sugiere que la vida del pueblo importa poco a PEMEX. Su negligencia habr\u00eda puesto en peligro la salud de la comunidad, en dos ocasiones.&nbsp;<\/p>\n\n\n\n<p class=\"has-text-align-center\" id=\"viewer-wcxf87784\"><strong>*<\/strong><\/p>\n\n\n\n<h2 class=\"wp-block-heading\" id=\"viewer-w5to87788\"><strong>La profec\u00eda de don Ra\u00fal<\/strong><\/h2>\n\n\n\n<p id=\"viewer-6jws47790\">\u00a0Alejandro apunta con su dedo a lo que llama \u201cEl chapo\u201d &#8211; el chapapote: \u201cestaba en el rancho de un ganadero y seguro una vaca piso la tierra blanda y rompi\u00f3 el tanque de petr\u00f3leo\u201d. Si bien la imaginaci\u00f3n de Alejandro va m\u00e1s all\u00e1 de la realidad, menciona una pista: el rancho de don Ra\u00fal.<\/p>\n\n\n<div class=\"wp-block-image\">\n<figure class=\"aligncenter\"><img decoding=\"async\" src=\"https:\/\/static.wixstatic.com\/media\/ecd004_19dbecc266454f6dbe36095c7f81fc55~mv2.jpg\/v1\/fill\/w_740,h_520,al_c,q_85,usm_0.66_1.00_0.01,enc_auto\/ecd004_19dbecc266454f6dbe36095c7f81fc55~mv2.jpg\" alt=\"\"\/><\/figure>\n<\/div>\n\n\n<p class=\"has-text-align-center\" id=\"viewer-s7no110804\">Alejandro, narrando la historia, y su padre Rogelio, frente a su casa.<em>\u00a0<\/em><\/p>\n\n\n\n<p id=\"viewer-busq57794\">&nbsp;El 21 de agosto de 2024, los vecinos de Ojital se alarman por un fuerte olor a petr\u00f3leo e inmediatamente inician su propia investigaci\u00f3n. Descubren que la tuber\u00eda del pozo 852 se hab\u00eda roto. Informan a las autoridades de PEMEX, que env\u00edan un equipo para reparar el oleoducto.<\/p>\n\n\n<div class=\"wp-block-image\">\n<figure class=\"aligncenter\"><img decoding=\"async\" src=\"https:\/\/static.wixstatic.com\/media\/ecd004_751f69ec150c4a489a7c59e28af08814~mv2.jpg\/v1\/fill\/w_367,h_245,fp_0.50_0.50,q_90\/ecd004_751f69ec150c4a489a7c59e28af08814~mv2.webp\" alt=\"\"\/><\/figure>\n<\/div>\n\n<div class=\"wp-block-image\">\n<figure class=\"aligncenter\"><img decoding=\"async\" src=\"https:\/\/static.wixstatic.com\/media\/ecd004_dafa4912177a4ccba1c0dd94ac959daa~mv2.jpg\/v1\/fill\/w_368,h_245,fp_0.50_0.50,q_90\/ecd004_dafa4912177a4ccba1c0dd94ac959daa~mv2.webp\" alt=\"\"\/><\/figure>\n<\/div>\n\n\n<p id=\"viewer-6sr2h7800\">Don Ra\u00fal, un ganadero vecino, se da cuenta de que la fuga est\u00e1 llegando a su terreno y pide a los trabajadores de PEMEX actuar. Sacan algunas pipas de petr\u00f3leo, pero dejan una mayor\u00eda de hidrocarburo al aire libre, colocando \u00fanicamente un dique de pl\u00e1stico para evitar que se derrame m\u00e1s. En el mismo lugar, nace el arroyo que atraviesa Ojital. Desde hace varias semanas, don Ra\u00fal no ha dejado de advertir a los funcionarios de PEMEX: \u201c\u00a1Si no hacen nada, la temporada de lluvias trasladar\u00e1 todo el crudo de petr\u00f3leo al arroyo!\u201d Ante la total indiferencia, el agricultor llama a los peri\u00f3dicos locales para denunciar p\u00fablicamente el asunto. Varios de ellos le facturan sus servicios de comunicaci\u00f3n. En total, perdi\u00f3 cerca de 20.000 pesos, en vano. Todos esperaron a que se cumpliera la profec\u00eda.&nbsp;&nbsp;<\/p>\n\n\n\n<p id=\"viewer-svypp7804\">\u201cSe pudo haber prevenido en veinte d\u00edas antes del aguacero. Esto demuestra exterminio para los seres humanos. No est\u00e1n tomando en cuenta nuestro derecho de seguir viviendo aqu\u00ed tanto nosotros como la fauna. Es una discriminaci\u00f3n hacia los pueblos originarios. As\u00ed lo estamos entendiendo nosotros, porque no solo es aqu\u00ed, sino en todo el Totonacapan\u201d dice don Teo.\u00a0<\/p>\n\n\n\n<p class=\"has-text-align-center\" id=\"viewer-iy6007808\"><strong>*<\/strong><\/p>\n\n\n\n<h2 class=\"wp-block-heading\" id=\"viewer-v4py17812\"><strong>La fiesta del Petr\u00f3leo<\/strong><\/h2>\n\n\n\n<p id=\"viewer-z1cnx7814\">&nbsp;\u201c\u00a1Aqu\u00ed es poco lo que se derram\u00f3!\u201d dice uno de los trabajadores de PEMEX, refiri\u00e9ndose a los 12 kil\u00f3metros de tierra contaminada. \u201cHay pozos m\u00e1s grandes\u201d, contin\u00faa. Alejandro lo sabe bien: es asignado en el departamento de saneamiento de PEMEX, limpiando los derrames regulares de petr\u00f3leo que hay en la regi\u00f3n.<\/p>\n\n\n\n<p id=\"viewer-rwdn37818\">\u00a0El caso de Ojital se ha hecho famoso: \u201cincluso la gente se para para tomar una foto delante del arroyo\u201d, comenta Juan, activista de la regi\u00f3n. Pero la realidad de los totonacos de la regi\u00f3n no se cuenta con un <em>selfi<\/em>. Las fugas de gas, los incendios y los derrames de petr\u00f3leo forman parte del paisaje, y cada comunidad tiene su propia historia que contar. En Veracruz, viven m\u00e1s de 600 000 Totonacos pero su territorio se extiende hasta la sierra de Puebla, donde tambi\u00e9n viven agresiones por la sobreexplotaci\u00f3n petrolera.\u00a0<\/p>\n\n\n\n<p id=\"viewer-cq9he7824\">A nivel nacional, entre 2015 y 2022, PEMEX reporta oficialmente un total de 5999 accidentes petroleros. Entre 2018 y 2022, los estados de Veracruz y Tabasco concentraron el 60% de los derrames.&nbsp;<\/p>\n\n\n\n<p id=\"viewer-16d2v7828\">Sin embargo, en Poza Rica, cada a\u00f1o se invita a la Feria del Petr\u00f3leo, donde se \u201cconmemora con actos c\u00edvicos el Aniversario de la Expropiaci\u00f3n Petrolera\u201d.\u00a0Tan s\u00f3lo en el municipio de Papantla existen 2,117 pozos de extracci\u00f3n petrolera, y la cifra va en aumento. \u201cEs como los Oxxo, hay uno en cada esquina\u201d comenta Juan. Seg\u00fan Alfonso, otro miembro del CNI, \u201cproyectan tener 25.000 pozos en la regi\u00f3n\u201d.\u00a0<\/p>\n\n\n\n<p id=\"viewer-nq9s77832\">Para continuar sus actividades impunemente, las autoridades de PEMEX tienen sus propias t\u00e1cticas. Con las comunidades ind\u00edgenas afectadas, \u201cfirman una minuta comprometi\u00e9ndose a pagar alguna indemnizaci\u00f3n, y esperan que nos conformemos con eso\u201d, dice indignado la autoridad tradicional de Ojital. Sin embargo, los pobladores de Ojital han afirmado: \u201c\u00a1no podemos hablar de dinero!, hay compa\u00f1eras y compa\u00f1eros que viven muy cerca del arroyo y para ellos hay que demandar!\u201dLas comunidades vecinas comparten el descontento contra las actividades de PEMEX en la regi\u00f3n. El 17 de octubre, pobladores provenientes de seis pueblos vecinos tomaron la carretera Chote-Coatzintla para pedir la reparaci\u00f3n de los caminos da\u00f1ados por la empresa y la justicia para Ojital<a href=\"https:\/\/www.caminoalandar.org\/post\/llora-el-aceite-extra%C3%ADdo-del-coraz%C3%B3n-de-la-tierra#_ftn1\" target=\"_blank\" rel=\"noreferrer noopener\">[1]<\/a>. Por su parte, desde el 3 de octubre, la Alianza Mexicana contra el Fracking, junto con otras organizaciones civiles, exigieron a las autoridades reguladoras tomar medidas para sancionar la empresa<a href=\"https:\/\/www.caminoalandar.org\/post\/llora-el-aceite-extra%C3%ADdo-del-coraz%C3%B3n-de-la-tierra#_ftn2\" target=\"_blank\" rel=\"noreferrer noopener\">[2]<\/a>.&nbsp;<\/p>\n\n\n\n<p id=\"viewer-z4dlm3079\">\u00bfPodr\u00eda PEMEX ser sancionado por la Agencia de Seguridad, Energ\u00eda y Ambiente (ASEA)? &nbsp;La misi\u00f3n de esta instituci\u00f3n descentralizada es vigilar la seguridad del sector de los hidrocarburos para proteger el medio ambiente. Sin embargo, seg\u00fan una veintena de organizaciones civiles y de investigaci\u00f3n, el trabajo pasado de ASEA ha sido poco transparente y conllev\u00f3 a normalizar los accidentes petr\u00f3leos<a href=\"https:\/\/www.caminoalandar.org\/post\/llora-el-aceite-extra%C3%ADdo-del-coraz%C3%B3n-de-la-tierra#_ftn3\" target=\"_blank\" rel=\"noreferrer noopener\">[3]<\/a>. A pesar de los miles de accidentes, la ASEA s\u00f3lo ha emitido 14 sanciones contra PEMEX entre 2015 y 2018, seg\u00fan el medio Causa Natura<a href=\"https:\/\/www.caminoalandar.org\/post\/llora-el-aceite-extra%C3%ADdo-del-coraz%C3%B3n-de-la-tierra#_ftn4\" target=\"_blank\" rel=\"noreferrer noopener\">[4]<\/a>.&nbsp;<\/p>\n\n\n\n<p id=\"viewer-9e3jt3087\">En Ojital, varios miembros de la agencia se presentaron unos diez d\u00edas despu\u00e9s del derrame de hidrocarburos, cuando se hizo p\u00fablica la apertura de un proceso legal por parte de las autoridades municipales. El proceso, liderado por una organizaci\u00f3n civil, ya estaba en marcha, pero ASEA invit\u00f3 a las autoridades a firmar su propio documento de denuncia. Sin embargo, la agencia no les proporcion\u00f3 ning\u00fan documento justificativo<a href=\"https:\/\/www.caminoalandar.org\/post\/llora-el-aceite-extra%C3%ADdo-del-coraz%C3%B3n-de-la-tierra#_ftn5\" target=\"_blank\" rel=\"noreferrer noopener\">[5]<\/a>.&nbsp;<\/p>\n\n\n\n<p id=\"viewer-jdeub3094\">Un comunicado del 17 de octubre por parte de ASEA afirma que se impuso Medidas de Urgente Aplicaci\u00f3n para la atenci\u00f3n del derrame y que \u201cpersonal de la Unidad de Asuntos Jur\u00eddicos asesor\u00f3 a las comunidades para ingresar una Denuncia Popular formal ante la ASEA\u201d&nbsp;<a target=\"_blank\" href=\"https:\/\/www.caminoalandar.org\/post\/llora-el-aceite-extra%C3%ADdo-del-coraz%C3%B3n-de-la-tierra#_ftn6\" rel=\"noreferrer noopener\">[6]<\/a>&nbsp;; mientras PEMEX inform\u00f3 que no se observa da\u00f1os en especies protegidas<a target=\"_blank\" href=\"https:\/\/www.caminoalandar.org\/post\/llora-el-aceite-extra%C3%ADdo-del-coraz%C3%B3n-de-la-tierra#_ftn7\" rel=\"noreferrer noopener\">[7]<\/a>.<\/p>\n\n\n\n<figure class=\"wp-block-image\"><img decoding=\"async\" src=\"https:\/\/static.wixstatic.com\/media\/ecd004_075c79a1748d4e149a35902f77e993d7~mv2.jpg\/v1\/fill\/w_740,h_520,al_c,q_85,usm_0.66_1.00_0.01,enc_auto\/ecd004_075c79a1748d4e149a35902f77e993d7~mv2.jpg\" alt=\"\"\/><\/figure>\n\n\n\n<p id=\"viewer-unczi7836\">Pero PEMEX cuenta con la reserva de la Agencia de Seguridad, Energ\u00eda y Ambiente (ASEA), como demuestran las firmas de una veintena de organizaciones civiles y de investigaci\u00f3n<a href=\"https:\/\/www.caminoalandar.org\/post\/llora-el-aceite-extra%C3%ADdo-del-coraz%C3%B3n-de-la-tierra#_ftn1\" target=\"_blank\" rel=\"noreferrer noopener\">[1]<\/a>. La misi\u00f3n de esta instituci\u00f3n descentralizada es vigilar la seguridad del sector de los hidrocarburos para proteger el medio ambiente. Sin embargo, a pesar de los miles de accidentes, la ASEA s\u00f3lo ha emitido 14 sanciones contra PEMEX entre 2015 y 2018, seg\u00fan el medio Causa Natura<a href=\"https:\/\/www.caminoalandar.org\/post\/llora-el-aceite-extra%C3%ADdo-del-coraz%C3%B3n-de-la-tierra#_ftn2\" target=\"_blank\" rel=\"noreferrer noopener\">[2]<\/a>.&nbsp;<\/p>\n\n\n\n<p id=\"viewer-1180k7844\">En Ojital, varios miembros de la agencia se presentaron unos diez d\u00edas despu\u00e9s del derrame de hidrocarburos, cuando se hizo p\u00fablica la apertura de un proceso legal por parte de las autoridades municipales. El proceso, liderado por una organizaci\u00f3n civil, ya estaba en marcha, pero ASEA invit\u00f3 a las autoridades a firmar su propio documento de denuncia. Sin embargo, la agencia no les proporcion\u00f3 ning\u00fan documento justificativo, ni lo firmaron.<\/p>\n\n\n\n<p class=\"has-text-align-center\" id=\"viewer-n4mh27848\"><strong>*<\/strong><\/p>\n\n\n\n<h2 class=\"wp-block-heading\" id=\"viewer-kjrvx7852\"><strong>\u00bfVamos a hablar?<\/strong>&nbsp;<\/h2>\n\n\n\n<p id=\"viewer-c9tzf7856\">El cristal del coche que viaja a Papantla est\u00e1 completamente roto. Al acelerar, la piedra con la que se ha roto roda en la cajuela. Juan no tuvo tiempo de sacarla. La dej\u00f3 all\u00ed como prueba. \u201cSeguramente fue un borracho el que hizo el desmadre anoche\u201d explica. Pero su hermano Samuel y los dem\u00e1s defensores de la regi\u00f3n lo interpretan como una intimidaci\u00f3n. Desde hace varias semanas, Samuel apoya a la comunidad de Ojital proporcion\u00e1ndole asesoramiento jur\u00eddico.&nbsp;<\/p>\n\n\n\n<p id=\"viewer-d9wgv7860\">Hace unos d\u00edas, mientras esperaba en el centro de Papantla, fue sometido a una inusual revisi\u00f3n policial. \u201c\u00bfPor qu\u00e9 te revisan?\u201d, le pregunt\u00f3 uno de los pasantes, sorprendido de que un habitante conocido fuera vigilado de esa manera. Desde entonces, Samuel evita el centro en la medida de lo posible. \u201cPara luchar hay que tener conciencia pol\u00edtica, mucho valor y no tener familia\u201d, concluye Samuel, sin pesta\u00f1ear.&nbsp;<\/p>\n\n\n\n<p id=\"viewer-9v4v07864\">En la regi\u00f3n, el hostigamiento judicial es costumbre. Muchos de los que han alzado la voz contra PEMEX en las comunidades vecinas han sido silenciados. Desde que Cuitl\u00e1huac Garc\u00eda es gobernador del estado de Veracruz, las detenciones arbitrarias se han quintuplicado entre 2018 y 2021, a\u00f1o en el que entr\u00f3 en vigor una reforma penal que introduce el delito de \u201cultrajes a la autoridad\u201d. Aunque la Comisi\u00f3n Nacional de Derechos Humanos (CNDH) pidi\u00f3 su derogaci\u00f3n en 2021 y la Suprema Corte Justicia de la Naci\u00f3n declar\u00f3 inconstitucional la reforma en 2022, la coerci\u00f3n no ha cesado. Por ejemplo, en junio pasado, dos defensores del agua fueron asesinados en una violenta represi\u00f3n policial en Veracruz, mientras que el activista Juan Soto, internado en el hospital de Perote, fue detenido y deportado por la polic\u00eda.&nbsp;<\/p>\n\n\n\n<p id=\"viewer-hxtsy7868\">A pesar de todo, una voz corre entre los habitantes de Ojital: \u201c\u00bfvamos a dejar que nos opriman, que nos falten al respeto, que nos discriminen, que nos exterminen, o vamos a hablar?\u201d.&nbsp;<\/p>\n\n\n\n<p class=\"has-text-align-center\" id=\"viewer-1xs9p7874\"><strong>*<\/strong>&nbsp;<\/p>\n\n\n\n<h2 class=\"wp-block-heading\" id=\"viewer-vjg8g7878\"><strong>Abren el coraz\u00f3n de la tierra<\/strong><\/h2>\n\n\n\n<p id=\"viewer-k3ut87880\">El taxi que conduce de Papantla a Ojital pasa por el Centro de las Artes Ind\u00edgenas (CAI), donde don Teo trabaja como autoridad tradicional. El centro fue incluido en la Lista Mundial de Buenas Pr\u00e1cticas de Salvaguardia del Patrimonio Cultural Inmaterial de la UNESCO en 2013. El carro sigue su camino. Entre las altas palmeras y los humos que emanan de las instalaciones de PEMEX, emerge otro Patrimonio de la Humanidad: la pir\u00e1mide del Taj\u00edn, vestigio de las civilizaciones prehisp\u00e1nicas que dejaron su huella en la regi\u00f3n. En noviembre de 2023, un derrame de petr\u00f3leo alcanz\u00f3 la comunidad del Taj\u00edn colindante, donde viven m\u00e1s de 1.000 Totonacos. Contamin\u00f3 una veintena de pozos sin que se hiciera justicia.<\/p>\n\n\n<div class=\"wp-block-image\">\n<figure class=\"aligncenter\"><img decoding=\"async\" src=\"https:\/\/static.wixstatic.com\/media\/ecd004_fa910bd02872453c95e75f1b1d41e039~mv2.jpg\/v1\/fill\/w_740,h_520,al_c,q_85,usm_0.66_1.00_0.01,enc_auto\/ecd004_fa910bd02872453c95e75f1b1d41e039~mv2.jpg\" alt=\"\"\/><\/figure>\n<\/div>\n\n\n<p id=\"viewer-0re8r7886\">Algunos miembros de las comunidades alrededor del Taj\u00edn se han hecho famosos, recorriendo el mundo para interpretar la danza ritual de los Voladores, tambi\u00e9n reconocida por la UNESCO desde 2009. Mientras las miradas giran hacia los trajes tradicionales, el petr\u00f3leo va cubriendo poco a poco el lugar donde viven miles de Totonacos. La UNESCO preserva la imagen de una cultura que sigue esfum\u00e1ndose impunemente. \u201cLos turistas creen que la civilizaci\u00f3n totonaca est\u00e1 en las piedras del Taj\u00edn, pero los Totonacos seguimos viviendo aqu\u00ed\u201d, dice Juan, concejal del <a href=\"https:\/\/www.congresonacionalindigena.org\/\" target=\"_blank\" rel=\"noreferrer noopener\"><strong>Congreso Nacional Ind\u00edgena<\/strong><\/a> Totonacapan.<\/p>\n\n\n\n<p id=\"viewer-110da7890\">El taxi sigue su camino. A ambos lados de una vegetaci\u00f3n profusa, el hidrocarburo corre silencioso a lo largo del arroyo Ojital. Pero para los Totonacos es mucho m\u00e1s que petr\u00f3leo. En su lengua nativa, el ritualista don A lo recuerda como <em>ixchalatiyat<\/em>: el aceite que se extrae del coraz\u00f3n de la Tierra. Hoy, <em>ixchalatiyat <\/em>llora en las aguas del Totonacapan. \u00a0\u00a0<\/p>\n\n\n<div class=\"wp-block-image\">\n<figure class=\"aligncenter\"><img decoding=\"async\" src=\"https:\/\/static.wixstatic.com\/media\/ecd004_83b0bd8fb70f431aaaaf01530fdd3293~mv2.jpg\/v1\/fill\/w_367,h_245,fp_0.50_0.50,q_90\/ecd004_83b0bd8fb70f431aaaaf01530fdd3293~mv2.webp\" alt=\"\"\/><\/figure>\n<\/div>\n\n<div class=\"wp-block-image\">\n<figure class=\"aligncenter\"><img decoding=\"async\" src=\"https:\/\/static.wixstatic.com\/media\/ecd004_6ed018a06a5041d994940c5983d800c6~mv2.jpg\/v1\/fill\/w_368,h_245,fp_0.50_0.50,q_90\/ecd004_6ed018a06a5041d994940c5983d800c6~mv2.webp\" alt=\"\"\/><\/figure>\n<\/div>\n\n\n<p class=\"has-text-align-center\" id=\"viewer-bjkry16312\">Carretera entre Papantla y Ojital: detr\u00e1s de la vegetaci\u00f3n (foto1),<br>el petr\u00f3leo recubre, lentamente, la tierra (foto2).<\/p>\n\n\n\n<p class=\"has-text-align-center\" id=\"viewer-tfw5w7898\"><strong>*<\/strong>&nbsp;<\/p>\n\n\n\n<h2 class=\"wp-block-heading\" id=\"viewer-8sxc77902\"><strong>La nueva semilla<\/strong><\/h2>\n\n\n\n<p id=\"viewer-fe75a7904\">\u00a0El 2 de octubre, el aceite gan\u00f3 terreno en el pueblo de Ojital. El jefe de PEMEX aleg\u00f3 que no dispon\u00eda de recursos suficientes: \u00abNecesitar\u00eda cien hombres\u00bb, explic\u00f3 a don Teo.\u00a0<\/p>\n\n\n\n<p id=\"viewer-gufos7910\">\u201cNo son hombres lo que necesita, son transportistas y oleoductos, y, sobre todo, \u00a1la voluntad!\u201d En su casa, la autoridad tradicional cuenta los hechos, mientras teje ramas de palma para preparar la fiesta patronal del d\u00eda siguiente.<\/p>\n\n\n<div class=\"wp-block-image\">\n<figure class=\"aligncenter\"><img decoding=\"async\" src=\"https:\/\/static.wixstatic.com\/media\/ecd004_ee63f8aa832a4983ae1b3760b88ac587~mv2.jpg\/v1\/fill\/w_740,h_520,al_c,q_85,usm_0.66_1.00_0.01,enc_auto\/ecd004_ee63f8aa832a4983ae1b3760b88ac587~mv2.jpg\" alt=\"\"\/><\/figure>\n<\/div>\n\n\n<p class=\"has-text-align-center\" id=\"viewer-vwpu317607\">Decoraci\u00f3n de la iglesia de Ojital Viejo<\/p>\n\n\n\n<p id=\"viewer-iaht27914\">Desde hace una semana, las mujeres preparan el men\u00fa para centenas de personas. Los hombres se encargan de la adornaci\u00f3n, confeccionando estrellas con fibra de palma. Varios grupos de comunidades vecinas se turnan para bailar toda la noche y as\u00ed llamar a la fertilidad o al perd\u00f3n, seg\u00fan la m\u00fasica que lo acompa\u00f1a.&nbsp;<\/p>\n\n\n\n<p id=\"viewer-q7jxw7918\">\u201cPara luchar, a veces tenemos que atrincherarse. Seguir practicando nuestros saberes, nuestras danzas, preservar nuestra memoria y nuestro derecho a morir en nuestro territorio\u201d, afirma Juan. Las ceremonias rituales no son \u201cpatrimonio inmaterial\u201d: son la carne y la sangre de los pueblos que resisten. Representan el alma de la comunidad, toda su energ\u00eda y su fuerza; todo lo que no se puede vender; todo lo que no ha sido entendido:\u00a0<\/p>\n\n\n\n<p id=\"viewer-vcorz7922\">\u201cAhora lo que tenemos que hacer como seres humanos es pedir perd\u00f3n. Cuando entramos al agua por primera vez para limpiarla, hicimos un ritual para pedir perd\u00f3n, ofrecimos aguardiente, tabaco, flores y velas. No se puede entrar sin pedir permiso. Una empresa no tiene capacidad para entender eso. No lo hacen porque se sienten due\u00f1os del lugar, y de ah\u00ed viene el gran desequilibrio. Viven, pero sin conciencia. Muchos de nosotros vivimos sin conciencia. Pero si pudi\u00e9ramos ver m\u00e1s all\u00e1, ver\u00edamos con el ojo de la conciencia\u201d, dice don Teo, con una sonrisa.<\/p>\n\n\n<div class=\"wp-block-image\">\n<figure class=\"aligncenter\"><img decoding=\"async\" src=\"https:\/\/static.wixstatic.com\/media\/ecd004_2da2e8c384494152b5b7f14b8773f6ee~mv2.jpg\/v1\/fill\/w_740,h_520,al_c,q_85,usm_0.66_1.00_0.01,enc_auto\/ecd004_2da2e8c384494152b5b7f14b8773f6ee~mv2.jpg\" alt=\"\"\/><\/figure>\n<\/div>\n\n\n<p id=\"viewer-tabzj7926\">Mientras PEMEX responda por sus actos, los habitantes de Ojital preservan su modo de vida para resistir al exterminio silencioso de las \u00faltimas comunidades que a\u00fan viven con el ojo de la conciencia.<\/p>\n\n\n\n<p id=\"viewer-3b55c7928\">Arriba del arroyo, en lo alto del pueblo, las mujeres terminan de preparar el mole y los ni\u00f1os est\u00e1n corriendo. Sus gritos de alegr\u00eda se escuchan entre los cuetes repentinos. A esta \u201cnueva semilla, hay que ense\u00f1arle lo que se ha ido perdiendo\u201d dice don Teo. La nueva semilla es su esperanza. Para ella, hay que luchar.<\/p>\n\n\n\n<figure class=\"wp-block-image\"><img decoding=\"async\" src=\"https:\/\/static.wixstatic.com\/media\/ecd004_346c308a443940fbacdc2a2dab46d5a3~mv2.jpg\/v1\/fill\/w_740,h_520,al_c,q_85,usm_0.66_1.00_0.01,enc_auto\/ecd004_346c308a443940fbacdc2a2dab46d5a3~mv2.jpg\" alt=\"\"\/><\/figure>\n\n\n\n<p class=\"has-text-align-center\" id=\"viewer-0qtlc7932\">En Ojital, ni\u00f1os y sus madres dibujan lo vivido\u00a0<\/p>\n\n\n\n<p id=\"viewer-3ouyx7940\"><em>Nota de la autora: <\/em>Los nombres han sido cambiados a petici\u00f3n de los entrevistados.\u00a0<\/p>\n\n\n\n<p id=\"viewer-0l91f8531\"><strong>Fuentes:<\/strong><\/p>\n\n\n\n<p><a href=\"https:\/\/www.cndh.org.mx\/sites\/default\/files\/documentos\/2021-12\/REC_2021_146.pdf\">https:\/\/www.cndh.org.mx\/sites\/default\/files\/documentos\/2021-12\/REC_2021_146.pdf<\/a><\/p>\n\n\n\n<p><a href=\"https:\/\/animalpolitico.com\/estados\/detenciones-arbitrarias-en-veracruz-cuitlahuac-garcia\">https:\/\/animalpolitico.com\/estados\/detenciones-arbitrarias-en-veracruz-cuitlahuac-garcia<\/a><\/p>\n\n\n\n<p><a href=\"https:\/\/www.jornada.com.mx\/noticia\/2024\/06\/23\/estados\/se-pronuncian-habitantes-y-organizaciones-contra-represion-en-veracruz-2810\">https:\/\/www.jornada.com.mx\/noticia\/2024\/06\/23\/estados\/se-pronuncian-habitantes-y-organizaciones-contra-represion-en-veracruz-2810<\/a><\/p>\n\n\n\n<p><a href=\"https:\/\/www.laizquierdadiario.com\/Brutal-represion-policial-en-Veracruz-dos-defensores-del-territorio-asesinados\">https:\/\/www.laizquierdadiario.com\/Brutal-represion-policial-en-Veracruz-dos-defensores-del-territorio-asesinados<\/a><\/p>\n\n\n\n<p><a href=\"https:\/\/e-veracruz.mx\/nota\/2023-11-30\/ecologia\/rio-de-petroleo-contamina-arroyo-en-el-tajin\">https:\/\/e-veracruz.mx\/nota\/2023-11-30\/ecologia\/rio-de-petroleo-contamina-arroyo-en-el-tajin<\/a><\/p>\n\n\n\n<p><a href=\"https:\/\/www.jornada.com.mx\/2013\/12\/06\/espectaculos\/a10n1esp\">https:\/\/www.jornada.com.mx\/2013\/12\/06\/espectaculos\/a10n1esp<\/a><\/p>\n\n\n\n<p><a href=\"https:\/\/reportajes.causanatura.org\/pescar-entre-el-petroleo-derrames-pemex-rio-panuco\/#:~:text=De%20los%20234%20moderados%20y,registra%20la%20CCAE%20han%20cambiado.\">https:\/\/reportajes.causanatura.org\/pescar-entre-el-petroleo-derrames-pemex-rio-panuco\/#:~:text=De%20los%20234%20moderados%20y,registra%20la%20CCAE%20han%20cambiado.<\/a><\/p>\n\n\n\n<p><a href=\"https:\/\/causanaturamedia.com\/periodismo-cn\/quien-vigila-pemex-asea-solo-da-14-sanciones-por-fugas-y-derrames-en-los-ultimos-nueve-aos\">https:\/\/causanaturamedia.com\/periodismo-cn\/quien-vigila-pemex-asea-solo-da-14-sanciones-por-fugas-y-derrames-en-los-ultimos-nueve-aos<\/a><\/p>\n\n\n\n<p id=\"viewer-w6xwj2848\"><a target=\"_blank\" href=\"https:\/\/www.caminoalandar.org\/post\/llora-el-aceite-extra%C3%ADdo-del-coraz%C3%B3n-de-la-tierra#_ftnref1\" rel=\"noreferrer noopener\">[1]<\/a>&nbsp;<a target=\"_blank\" href=\"https:\/\/vanguardiaveracruz.com\/bloqueo-en-carretera-coatzintla-papantla-exigen-a-pemex-reparacion-de-carreteras\/\" rel=\"noreferrer noopener\">https:\/\/vanguardiaveracruz.com\/bloqueo-en-carretera-coatzintla-papantla-exigen-a-pemex-reparacion-de-carreteras\/<\/a><\/p>\n\n\n\n<p id=\"viewer-l0z9a3105\"><a target=\"_blank\" href=\"https:\/\/www.caminoalandar.org\/post\/llora-el-aceite-extra%C3%ADdo-del-coraz%C3%B3n-de-la-tierra#_ftnref2\" rel=\"noreferrer noopener\">[2]<\/a>&nbsp;<a target=\"_blank\" href=\"https:\/\/www.facebook.com\/nofrackingmx\/posts\/pfbid0z4wUk9pDxsT54rtDiAXFNB9teuj4rqLo3po9yKTo5XNXWR6kCrAkwXRW3JSRNPEml?rdid=lqRKf6LyO6rMg7cy\" rel=\"noreferrer noopener\">https:\/\/www.facebook.com\/nofrackingmx\/posts\/pfbid0z4wUk9pDxsT54rtDiAXFNB9teuj4rqLo3po9yKTo5XNXWR6kCrAkwXRW3JSRNPEml?rdid=lqRKf6LyO6rMg7cy<\/a><\/p>\n\n\n\n<p id=\"viewer-ldpx33109\"><a target=\"_blank\" href=\"https:\/\/www.caminoalandar.org\/post\/llora-el-aceite-extra%C3%ADdo-del-coraz%C3%B3n-de-la-tierra#_ftnref3\" rel=\"noreferrer noopener\">[3]<\/a>&nbsp;<a target=\"_blank\" href=\"https:\/\/cemda.org.mx\/pemex-se-contradice-y-minimiza-los-impactos-del-derrame-en-el-golfo\/\" rel=\"noreferrer noopener\">https:\/\/cemda.org.mx\/pemex-se-contradice-y-minimiza-los-impactos-del-derrame-en-el-golfo\/<\/a><\/p>\n\n\n\n<p id=\"viewer-gzgy73113\"><a target=\"_blank\" href=\"https:\/\/www.caminoalandar.org\/post\/llora-el-aceite-extra%C3%ADdo-del-coraz%C3%B3n-de-la-tierra#_ftnref4\" rel=\"noreferrer noopener\">[4]<\/a>&nbsp;<a target=\"_blank\" href=\"https:\/\/causanaturamedia.com\/periodismo-cn\/quien-vigila-pemex-asea-solo-da-14-sanciones-por-fugas-y-derrames-en-los-ultimos-nueve-aos\" rel=\"noreferrer noopener\">https:\/\/causanaturamedia.com\/periodismo-cn\/quien-vigila-pemex-asea-solo-da-14-sanciones-por-fugas-y-derrames-en-los-ultimos-nueve-aos<\/a><\/p>\n\n\n\n<p id=\"viewer-6h5yx3117\"><a target=\"_blank\" href=\"https:\/\/www.caminoalandar.org\/post\/llora-el-aceite-extra%C3%ADdo-del-coraz%C3%B3n-de-la-tierra#_ftnref5\" rel=\"noreferrer noopener\">[5]<\/a>&nbsp;<a target=\"_blank\" href=\"https:\/\/avispa.org\/desastre-ecologico-de-pemex-sigue-sin-atencion-en-papantla-veracruz\/\" rel=\"noreferrer noopener\">https:\/\/avispa.org\/desastre-ecologico-de-pemex-sigue-sin-atencion-en-papantla-veracruz\/<\/a><\/p>\n\n\n\n<p id=\"viewer-whthm3121\"><a target=\"_blank\" href=\"https:\/\/www.caminoalandar.org\/post\/llora-el-aceite-extra%C3%ADdo-del-coraz%C3%B3n-de-la-tierra#_ftnref6\" rel=\"noreferrer noopener\">[6]<\/a>&nbsp;<a target=\"_blank\" href=\"https:\/\/www.gob.mx\/asea\/prensa\/asea-impone-medidas-de-urgente-aplicacion-para-la-atencion-ambiental-tras-derrame-de-hidrocarburo-en-papantla-veracruz\" rel=\"noreferrer noopener\">https:\/\/www.gob.mx\/asea\/prensa\/asea-impone-medidas-de-urgente-aplicacion-para-la-atencion-ambiental-tras-derrame-de-hidrocarburo-en-papantla-veracruz<\/a><\/p>\n\n\n\n<p id=\"viewer-ctos3\"><a target=\"_blank\" href=\"https:\/\/www.caminoalandar.org\/post\/llora-el-aceite-extra%C3%ADdo-del-coraz%C3%B3n-de-la-tierra#_ftnref7\" rel=\"noreferrer noopener\">[7]<\/a>&nbsp;en la NOM-059-SEMARNAT-2010<\/p>\n","protected":false},"excerpt":{"rendered":"<p>Publicado en Camino al AndarPor Claire Marie El 16 de septiembre, un derrame de petr\u00f3leo se expande hacia el arroyo de Ojital, un pueblo situado cerca de Papantla. La lava negra hubiera podido ser detenida si PEMEX, la empresa petrolera responsable, hubiera tomado las medidas necesarias ante la fuga de un oleoducto situado aguas arriba [&hellip;]<\/p>\n","protected":false},"author":1,"featured_media":49228,"comment_status":"open","ping_status":"closed","sticky":false,"template":"","format":"standard","meta":{"footnotes":""},"categories":[1024,826,954],"tags":[198,171,718],"class_list":["post-49226","post","type-post","status-publish","format-standard","has-post-thumbnail","hentry","category-cni-temas","category-medios-libres-2","category-mexico","tag-impunidad","tag-medio-ambiente","tag-veracruz"],"_links":{"self":[{"href":"https:\/\/radiozapatista.org\/index.php?rest_route=\/wp\/v2\/posts\/49226","targetHints":{"allow":["GET"]}}],"collection":[{"href":"https:\/\/radiozapatista.org\/index.php?rest_route=\/wp\/v2\/posts"}],"about":[{"href":"https:\/\/radiozapatista.org\/index.php?rest_route=\/wp\/v2\/types\/post"}],"author":[{"embeddable":true,"href":"https:\/\/radiozapatista.org\/index.php?rest_route=\/wp\/v2\/users\/1"}],"replies":[{"embeddable":true,"href":"https:\/\/radiozapatista.org\/index.php?rest_route=%2Fwp%2Fv2%2Fcomments&post=49226"}],"version-history":[{"count":2,"href":"https:\/\/radiozapatista.org\/index.php?rest_route=\/wp\/v2\/posts\/49226\/revisions"}],"predecessor-version":[{"id":49286,"href":"https:\/\/radiozapatista.org\/index.php?rest_route=\/wp\/v2\/posts\/49226\/revisions\/49286"}],"wp:featuredmedia":[{"embeddable":true,"href":"https:\/\/radiozapatista.org\/index.php?rest_route=\/wp\/v2\/media\/49228"}],"wp:attachment":[{"href":"https:\/\/radiozapatista.org\/index.php?rest_route=%2Fwp%2Fv2%2Fmedia&parent=49226"}],"wp:term":[{"taxonomy":"category","embeddable":true,"href":"https:\/\/radiozapatista.org\/index.php?rest_route=%2Fwp%2Fv2%2Fcategories&post=49226"},{"taxonomy":"post_tag","embeddable":true,"href":"https:\/\/radiozapatista.org\/index.php?rest_route=%2Fwp%2Fv2%2Ftags&post=49226"}],"curies":[{"name":"wp","href":"https:\/\/api.w.org\/{rel}","templated":true}]}}