{"id":49220,"date":"2024-10-17T21:16:50","date_gmt":"2024-10-18T03:16:50","guid":{"rendered":"https:\/\/radiozapatista.org\/?p=49220"},"modified":"2024-10-17T21:16:51","modified_gmt":"2024-10-18T03:16:51","slug":"comunicado-de-la-comunidad-de-san-lorenzo-de-azqueltan-ante-la-criminalizacion-de-sus-comuneras-y-comuneros","status":"publish","type":"post","link":"https:\/\/radiozapatista.org\/?p=49220","title":{"rendered":"Comunicado de la comunidad de San Lorenzo de Azquelt\u00e1n ante la criminalizaci\u00f3n de sus comuneras y comuneros"},"content":{"rendered":"\n<p>Al Congreso Nacional Ind\u00edgena<br>Al Ej\u00e9rcito Zapatista de Liberaci\u00f3n Nacional<br>A la Sexta Nacional e Internacional<br>A las organizaciones de derechos humanos<br>A los medios de comunicaci\u00f3n<\/p>\n\n\n\n<p>Desde el ca\u00f1\u00f3n de Bola\u00f1os, en la comunidad de San Lorenzo de Azquelt\u00e1n, municipio de Villa Guerrero, Jalisco, denunciamos la criminalizaci\u00f3n de 17 hermanas y hermanos, comuneras y comuneros de nuestra comunidad ind\u00edgena aut\u00f3noma tepehuana y wix\u00e1rika.<\/p>\n\n\n\n<p>Nos acusan de robo, nos citan a comparecer ante el Juez Segundo de Control del D\u00e9cimo Primer Distrito Judicial, en Colotl\u00e1n, Jalisco, por \u201cel delito\u201d de ejercer los acuerdos de nuestra asamblea y lo que vemos es una escalada de violencia institucional, una ofensiva de los gobiernos y caciques contra quienes defendemos la tierra.<\/p>\n\n\n\n<p>Lo que verdaderamente persiguen no es la justicia, sino frenar la lucha que llevamos desde hace m\u00e1s de diez a\u00f1os. Quieren quebrar nuestra determinaci\u00f3n de autonom\u00eda, mermar nuestra resistencia. Persiguen a la determinaci\u00f3n de un pueblo que decidi\u00f3 ejercer la libre determinaci\u00f3n nombrando autoridades propias, tanto agrarias como tradicionales y defendiendo el territorio que otros ambicionan. Eso es lo que realmente les incomoda, porque nuestra autonom\u00eda es un grito de libertad que no pueden callar. Les duele nuestra dignidad, les molesta que exijamos el reconocimiento de nuestra cultura y territorio, mientras nos rodean de un ambiente de agresi\u00f3n que se extiende a lo largo y ancho de nuestra comunidad.<\/p>\n\n\n\n<p>Esta criminalizaci\u00f3n es un ataque directo contra las y los comuneros que han ocupado cargos en nuestras instituciones tradicionales y agrarias. Es decir, es contra nuestra lucha, y busca silenciar la resistencia que no han podido callar con la raz\u00f3n.<\/p>\n\n\n\n<p>Denunciamos la complicidad de quienes, en lugar de impartir justicia, se pliegan a los intereses de los poderosos. En Azquelt\u00e1n y en muchos otros rincones del pa\u00eds, la represi\u00f3n contra los pueblos ind\u00edgenas se ha convertido en una pol\u00edtica de Estado, protegida por juzgados y tribunales. Nos persiguen porque defendemos lo que nos pertenece y porque nuestra lucha no cabe en sus moldes.<\/p>\n\n\n\n<p>A los medios de comunicaci\u00f3n y a las organizaciones de derechos humanos, les pedimos que no nos dejen solos. Est\u00e9n atentos a cualquier abuso que pueda surgir de estas acusaciones infundadas. Sabemos que el gobierno, los jueces y los patrones que mandan, o sea lo poderosos, quieren aniquilar nuestra palabra, nuestra lucha y resistencia.<\/p>\n\n\n\n<p>La tierra no se vende, se ama y se defiende.<br>No nos vendemos, no nos rendimos, no claudicamos.<\/p>\n\n\n\n<p>\u00a1No m\u00e1s persecuci\u00f3n a las comuneras y comuneros de Azquelt\u00e1n!<\/p>\n\n\n\n<p>Atentamente,<br>Octubre de 2024<br>Comunidad Ind\u00edgena Aut\u00f3noma Tepehuana y Wix\u00e1rika de San Lorenzo de Azquelt\u00e1n, municipio de Villa Guerrero, Jalisco.<\/p>\n","protected":false},"excerpt":{"rendered":"<p>Al Congreso Nacional Ind\u00edgenaAl Ej\u00e9rcito Zapatista de Liberaci\u00f3n NacionalA la Sexta Nacional e InternacionalA las organizaciones de derechos humanosA los medios de comunicaci\u00f3n Desde el ca\u00f1\u00f3n de Bola\u00f1os, en la comunidad de San Lorenzo de Azquelt\u00e1n, municipio de Villa Guerrero, Jalisco, denunciamos la criminalizaci\u00f3n de 17 hermanas y hermanos, comuneras y comuneros de nuestra comunidad [&hellip;]<\/p>\n","protected":false},"author":21,"featured_media":49221,"comment_status":"open","ping_status":"closed","sticky":false,"template":"","format":"standard","meta":{"footnotes":""},"categories":[957,51,826,958,954,935],"tags":[58,53,147,23,545,148,27,483],"class_list":["post-49220","post","type-post","status-publish","format-standard","has-post-thumbnail","hentry","category-autonomia","category-autor","category-medios-libres-2","category-megaproyectos","category-mexico","category-temas","tag-derechos-humanos","tag-justicia","tag-militarizacion","tag-paramilitares","tag-pueblos-indigenas","tag-resistencia","tag-solidaridad","tag-tierra-y-territorio"],"_links":{"self":[{"href":"https:\/\/radiozapatista.org\/index.php?rest_route=\/wp\/v2\/posts\/49220","targetHints":{"allow":["GET"]}}],"collection":[{"href":"https:\/\/radiozapatista.org\/index.php?rest_route=\/wp\/v2\/posts"}],"about":[{"href":"https:\/\/radiozapatista.org\/index.php?rest_route=\/wp\/v2\/types\/post"}],"author":[{"embeddable":true,"href":"https:\/\/radiozapatista.org\/index.php?rest_route=\/wp\/v2\/users\/21"}],"replies":[{"embeddable":true,"href":"https:\/\/radiozapatista.org\/index.php?rest_route=%2Fwp%2Fv2%2Fcomments&post=49220"}],"version-history":[{"count":1,"href":"https:\/\/radiozapatista.org\/index.php?rest_route=\/wp\/v2\/posts\/49220\/revisions"}],"predecessor-version":[{"id":49222,"href":"https:\/\/radiozapatista.org\/index.php?rest_route=\/wp\/v2\/posts\/49220\/revisions\/49222"}],"wp:featuredmedia":[{"embeddable":true,"href":"https:\/\/radiozapatista.org\/index.php?rest_route=\/wp\/v2\/media\/49221"}],"wp:attachment":[{"href":"https:\/\/radiozapatista.org\/index.php?rest_route=%2Fwp%2Fv2%2Fmedia&parent=49220"}],"wp:term":[{"taxonomy":"category","embeddable":true,"href":"https:\/\/radiozapatista.org\/index.php?rest_route=%2Fwp%2Fv2%2Fcategories&post=49220"},{"taxonomy":"post_tag","embeddable":true,"href":"https:\/\/radiozapatista.org\/index.php?rest_route=%2Fwp%2Fv2%2Ftags&post=49220"}],"curies":[{"name":"wp","href":"https:\/\/api.w.org\/{rel}","templated":true}]}}