{"id":49123,"date":"2024-10-11T14:39:16","date_gmt":"2024-10-11T20:39:16","guid":{"rendered":"https:\/\/radiozapatista.org\/?p=49123"},"modified":"2024-10-12T09:35:13","modified_gmt":"2024-10-12T15:35:13","slug":"sobre-el-tema-la-tormenta-y-el-dia-despues-postfacio-primera-parte-la-hipotesis-o-era-la-hipotenusa-%cd%b7ati%ea%9f%bca%c9%94-%e2%85%83%c7%9d-octubre-de-2024","status":"publish","type":"post","link":"https:\/\/radiozapatista.org\/?p=49123","title":{"rendered":"Sobre el tema: La Tormenta y el D\u00eda Despu\u00e9s. Postfacio. Primera Parte.\u00a0 La Hip\u00f3tesis (\u00bfo era la hipotenusa?) | \u0376\u00c0TI\ua7fcA\u0186 \u2143\u018e | Octubre de 2024"},"content":{"rendered":"\n<p class=\"has-text-align-center\"><strong>Sobre el tema: La Tormenta y el D\u00eda Despu\u00e9s.<\/strong><\/p>\n\n\n\n<p class=\"has-text-align-center\"><strong><em>Postfacio<\/em>.<\/strong><\/p>\n\n\n\n<p>Primera Parte.&nbsp; La Hip\u00f3tesis (\u00bfo era la hipotenusa?).<\/p>\n\n\n\n<p>&nbsp; Me van a disculpar que no me dirija en espec\u00edfico, aunque s\u00ed en lo general, a las personas, grupos, colectivos, organizaciones, movimientos y pueblos originarios de la Declaraci\u00f3n por la Vida.&nbsp; Una gran parte de estas personas no s\u00f3lo ya conocen, y padecen, la Tormenta de primera mano.&nbsp; Tambi\u00e9n y desde hace tiempo, resisten, trabajan y luchan para crear los cimientos para otros mundos.&nbsp; Tienen su propio an\u00e1lisis de la tormenta y su alternativa para el D\u00eda Despu\u00e9s.&nbsp; De estas personas esperamos que compartan su mirada, su diagn\u00f3stico y, sobre todo, su pr\u00e1ctica.&nbsp; A muchas las conocemos.&nbsp; A la mayor\u00eda no.&nbsp; Y creemos que su historia y su actuar presente, enriquecer\u00eda mucho a otros esfuerzos, si no parecidos ni semejantes, s\u00ed en el mismo empe\u00f1o: la lucha por la vida.&nbsp; De hecho, hay fechas especiales para esa compartici\u00f3n.&nbsp; Aclarado lo anterior, veamos las ciencias y las artes.<\/p>\n\n\n\n<p class=\"has-text-align-center\"><strong>-*-<\/strong><\/p>\n\n\n\n<p>&nbsp; \u00bfLas artes y las ciencias dependen de las tecnolog\u00edas de la modernidad?&nbsp; Es decir, si no hay internet, aplicaciones, celulares, tabletas y computadoras, Inteligencia Artificial, energ\u00eda de combustibles f\u00f3siles, etc\u00e9tera. \u00bfEs posible el arte dram\u00e1tico?&nbsp; \u00bfLa pintura?&nbsp; \u00bfLa m\u00fasica?&nbsp; \u00bfLa danza?&nbsp; \u00bfLa escultura? \u00bfLa literatura?&nbsp; \u00bfEl cine?&nbsp; \u00bfLas ciencias?<\/p>\n\n\n\n<p>&nbsp; Oh, lo s\u00e9.&nbsp; Las artes no nacieron con el sistema que ahora ahorca a la humanidad entera.&nbsp; Pero tal vez ya se trata de un \u201ccambio de paradigma\u201d (coartada por excelencia para las claudicaciones), y el sistema ha convencido a las \u201cmayor\u00edas\u201d que, sin \u00e9l, sin el capitalismo, la humanidad es imposible.<\/p>\n\n\n\n<p>&nbsp; Y las ciencias, \u00bfpueden demostrar que la tierra es esf\u00e9rica sin internet, fotos a\u00e9reas, etc\u00e9tera?&nbsp; \u00bfExplicar los movimientos planetarios? \u00bfLa f\u00edsica y la qu\u00edmica sin laboratorios ni tutoriales?&nbsp; \u00bfLas Matem\u00e1ticas m\u00e1s all\u00e1 de peras y manzanas? (claro, con lo caro que est\u00e1 todo hoy, incluso sin peras ni manzanas).<\/p>\n\n\n\n<p>&nbsp; Porque pudiera ser, es un supositorio, que en una situaci\u00f3n de cat\u00e1strofe aparezca quien sostenga que la tierra es plana y cuadrada, que el cambio clim\u00e1tico y el calentamiento global no existen, y que son s\u00f3lo un invento de ambientalistas corruptos y feos (lo de corruptos vaya y pase, pero lo de \u201cfeos\u201d es imperdonable, oiga -sobre todo con la infinidad de productos cosm\u00e9ticos y aplicaciones digitales que pueden remediarlo, oiga-), que todo est\u00e1 bien, que no pasa nada, que son hechos aislados, que as\u00ed era antes pero ahora todo ha cambiado, que no somos iguales, que todos est\u00e1n felices, felices, felices.&nbsp; \u00a1Ups!&nbsp; Se trataba de no hablar de pol\u00edtica, tema que suele incomodar a cient\u00edficos y artistas (o en algunas ocasiones les impele a decir tonter\u00edas).<\/p>\n\n\n\n<p>&nbsp; Pero suponga usted que, en esos momentos de desesperaci\u00f3n y caos, cuando los distintos gobiernos consultan encuestas e \u00edndices de popularidad para decidir si asisten o no a un lugar en apuros, y si mandan o no ayuda, alguien se aparece como \u201cprofeta\u201d de la salvaci\u00f3n y \u201cexplica\u201d que todo es castigo divino, culpa de los conservadores, de los liberales, de los radicales, de los derechistas, de los izquierdistas, y etc\u00e9tera, etc\u00e9tera.<\/p>\n\n\n\n<p>&nbsp; No hablo de la situaci\u00f3n actual en cualquiera de los estados mexicanos; ni tampoco en los estados surorientales de la Uni\u00f3n Americana, o de la destrucci\u00f3n -con coartadas geopol\u00edticas de derechas o progresistas-, en Europa Oriental, Medio Oriente, Hait\u00ed, el Wallmapu diez, cien, mil veces insumiso.&nbsp; Hablo de todo eso, pero a lo bestia, mundial pues, en las partes y el todo.<\/p>\n\n\n\n<p>&nbsp; A usted, como artista o cient\u00edfico (o ambas cosas), \u00bfse le acabar\u00eda el mundo?&nbsp; Quiero decir SU mundo.&nbsp; S\u00ed, lo s\u00e9, desde los tiempos m\u00e1s antiguos aparecen las artes y algunas ciencias; y las aplicaciones de dise\u00f1o gr\u00e1fico algo deben a, por ejemplo, las pinturas en las cuevas de Altamira; las matem\u00e1ticas y la astronom\u00eda a los antiguos mayas; el arte dram\u00e1tico a las descripciones, con ademanes y sonidos, de quien, hace milenios, describ\u00eda c\u00f3mo hab\u00eda logrado escapar de un tigre dientes de sable; la arquitectura a <em>Stonehegen<\/em> en la rubia Albi\u00f3n; la escultura a las Mo\u00e1is del pueblo Rapanui.<\/p>\n\n\n\n<p>&nbsp; Pero\u2026 \u00bfen qu\u00e9 medida o hasta d\u00f3nde las tecnolog\u00edas de la modernidad controlan ya, o no, la creaci\u00f3n art\u00edstica y las investigaciones cient\u00edficas?<\/p>\n\n\n\n<p>&nbsp; No, no se trata de redirigir, con la explosi\u00f3n de un dispositivo nuclear, un asteroide para que choque y destruya el Telescopio Hubble: o de incendiar o saquear los centros de investigaci\u00f3n cient\u00edfica (de eso ya se est\u00e1n encargando el crimen organizado hecho gobiernos y quienes brincan de la ciencia a la pol\u00edtica).&nbsp; Y, en dado caso, estoy seguro de que toda la comunidad cient\u00edfica se unir\u00eda si alguien siquiera intentara acabar con la estructura de investigaci\u00f3n; amenazar a sus integrantes; levantarles denuncias penales; o enganchar la investigaci\u00f3n cient\u00edfica a un proyecto pol\u00edtico partidario, \u00bfno es as\u00ed? (\u00a1ah!, \u00bfno es sutil mi sarcasmo?)<\/p>\n\n\n\n<p>&nbsp; Me refiero, en cambio, a una situaci\u00f3n l\u00edmite, donde esos recursos sean imposibles de obtener, o existan muchas dificultades para acceder a ellos.&nbsp; \u00bfQu\u00e9 pasar\u00e1 con las ciencias y las artes, as\u00ed como con las personas que en ellas se empe\u00f1an?<\/p>\n\n\n\n<p>&nbsp; Ahora bien, usted puede pensar que ese escenario no es posible siquiera, y que no es m\u00e1s que un mal guion de una pel\u00edcula mala de mala ciencia ficci\u00f3n \u2013\u201cciencia ficci\u00f3n\u201d: un ox\u00edmoron, como el de \u201cpol\u00edtico honesto\u201d-.&nbsp; Ok, de acuerdo, siga en su escenario, caballete, pantalla 8k, plataforma digital, laboratorio, academia.<\/p>\n\n\n\n<p>&nbsp; Estoy seguro de que usted tiene datos duros -estudios comprobados, modelos de simulaci\u00f3n, conteo de recursos no renovables, tendencias de consumo y reposici\u00f3n-, de que ese escenario es \u201cmuy poco probable\u201d -junto con el calentamiento global, el cambio clim\u00e1tico, las guerras de reconquista, la contaminaci\u00f3n ambiental, los genocidios como el actual en Palestina-; y que tiene acceso a encuestas del todo confiables que muestran que la gente est\u00e1 satisfecha con su actual nivel de vida (por lo que tambi\u00e9n es remoto el posible surgimiento de alzamientos, motines, insurrecciones, protestas, saqueos, revueltas).<\/p>\n\n\n\n<p>&nbsp; Ok, no le contradigo.&nbsp; Usted tiene renombre y posici\u00f3n en las Artes y las Ciencias, y yo s\u00f3lo soy un pobre capit\u00e1n de infanter\u00eda, adscrito ahora al \u00e1rea de \u201cInvitaciones de Bodas, Bautizos, Primera Comuni\u00f3n, Divorcios, Arrejuntamientos, XV a\u00f1os y\u2026 Encuentros\u201d.<\/p>\n\n\n\n<p class=\"has-text-align-center\"><strong>-*-<\/strong><\/p>\n\n\n\n<p>&nbsp; Pero entonces, suponga que le presentan un reto: que imagine que usted va a estar en una comunidad.&nbsp; M\u00e1s en concreto, en la asamblea de esa comunidad\u2026 y en el d\u00eda despu\u00e9s.&nbsp; Sin electricidad, sin celulares prepago o plan de renta, sin \u201cinternet para todos\u201d, sin Elon Musk y sus peque\u00f1os equivalentes locales de abonos chiquitos, sin veh\u00edculos particulares dise\u00f1ados para soportar motines y alzamientos de la plebe (el blindaje extra en la <em>cybertruck<\/em> se cobra aparte), sin combustibles f\u00f3siles para arrancar el otro veh\u00edculo e ir a buscar se\u00f1al (mientras maldice a los gobiernos y compa\u00f1\u00edas en turno), y ya sin posibilidad de comprar un boleto en un moderno cohete interestelar que lo coloque en otro planeta \u201c<em>all included<\/em>\u201d (o sea que incluye la fuerza de trabajo que viva, se reproduzca y muera mientras le sirve -aprecie usted c\u00f3mo evit\u00e9, con elegancia, cualquier referencia a \u201cexplotaci\u00f3n\u201d-).<\/p>\n\n\n\n<p>&nbsp; Nada de eso es ya posible.&nbsp; Claro, siempre en este escenario hipot\u00e9tico en el que usted est\u00e1 en una asamblea de una comunidad aislada de todo, porque el todo ya no existe m\u00e1s.<\/p>\n\n\n\n<p>&nbsp; Son varias personas que est\u00e1n con usted y, para arrancar ese germen de sociedad, en una asamblea de esa comunidad, cada una de esas personas dir\u00e1 lo que es, sabe y puede hacer, y van a proponer, discutir y acordar c\u00f3mo es que se van a organizar.&nbsp; Bueno, en realidad le describo lo que ocurre actualmente en una asamblea comunitaria de pueblos originarios.<\/p>\n\n\n\n<p>&nbsp; Y, as\u00ed como en una asamblea comunitaria de pueblos originarios, la reuni\u00f3n se plantea un objetivo y propone, discute y acuerda qu\u00e9 hay que hacer, c\u00f3mo, qui\u00e9n va a hacerlo, en d\u00f3nde, cu\u00e1ndo; en esta hipot\u00e9tica asamblea, en la que usted se ve obligado a estar por las circunstancias, el objetivo es\u2026 recomenzar.<\/p>\n\n\n\n<p>&nbsp; As\u00ed que sigamos con el reto de que usted imagine y se ubique en esta situaci\u00f3n y, por las razones que fuere, el mundo como usted lo conoc\u00eda ha colapsado.<\/p>\n\n\n\n<p>&nbsp; As\u00ed que volvamos a la asamblea:<\/p>\n\n\n\n<p>&nbsp; Hay quien dice que sabe trabajar la tierra y s\u00f3lo necesita sus manos y puede fabricar algo que, esa persona dice, se llama \u201ccoa\u201d.&nbsp; Todos parecen saber qu\u00e9 cosa es eso, as\u00ed que usted no pregunta por temor a quedar en rid\u00edculo.&nbsp; Hay quien dice que conoce de plantas y puede elaborar medicamentos.&nbsp; Hay quien dice que puede identificar frutas, hongos y verduras (\u00a1puaj!), cultivarlas y conservarlas.&nbsp; Hay quien dice que sabe algo de carpinter\u00eda y puede hacer mesas, sillas y, claro, camas.&nbsp; Hay quien dice que le sabe a la alba\u00f1iler\u00eda y puede ayudar a construir casas.&nbsp; Hay quien dice que sabe mec\u00e1nica y puede probar a echar a andar ese viejo motor de aquel viejo veh\u00edculo abandonado, o transformarlo en un motor movido por aire, agua, calor.&nbsp; Y as\u00ed, cada quien va exponiendo sus habilidades, resaltando, en esa situaci\u00f3n, las llamadas \u201chabilidades manuales\u201d.<\/p>\n\n\n\n<p>&nbsp; Y entonces llega su turno, \u00bfqu\u00e9 dice?<\/p>\n\n\n\n<p>&nbsp; \u00bfDice que es artista como si confesara un pecado de juventud?<\/p>\n\n\n\n<p>&nbsp; \u00bfDice que sabe de ciencias como si se arrepintiera de haber pertenecido a una secta fan\u00e1tica o a un partido pol\u00edtico -es lo mismo-?<\/p>\n\n\n\n<p>&nbsp; Mientras llega su turno de hablar, usted es una persona medianamente inteligente y se ha dado cuenta de que los m\u00e1s valiosos para ese germen de sociedad son quienes, gracias a sus habilidades y conocimientos, pueden conseguir -con su trabajo-: comida, movilidad, salud, educaci\u00f3n y habitaci\u00f3n para quienes conviven en esa comunidad.<\/p>\n\n\n\n<p>&nbsp; As\u00ed las cosas, usted tal vez tenga que enfrentar m\u00e1s de una disyuntiva.<\/p>\n\n\n\n<p>Continuar\u00e1\u2026<\/p>\n\n\n\n<p>Desde las monta\u00f1as del Sureste Mexicano.<\/p>\n\n\n\n<figure class=\"wp-block-image\"><img decoding=\"async\" src=\"https:\/\/i0.wp.com\/enlacezapatista.ezln.org.mx\/wp-content\/uploads\/2023\/11\/firma.png?resize=418%2C339&amp;ssl=1\" alt=\"\" class=\"wp-image-24439\"\/><\/figure>\n\n\n\n<p>El Capit\u00e1n.<br>Octubre del 2024.<\/p>\n","protected":false},"excerpt":{"rendered":"<p>Sobre el tema: La Tormenta y el D\u00eda Despu\u00e9s. Postfacio. Primera Parte.&nbsp; La Hip\u00f3tesis (\u00bfo era la hipotenusa?). &nbsp; Me van a disculpar que no me dirija en espec\u00edfico, aunque s\u00ed en lo general, a las personas, grupos, colectivos, organizaciones, movimientos y pueblos originarios de la Declaraci\u00f3n por la Vida.&nbsp; Una gran parte de estas [&hellip;]<\/p>\n","protected":false},"author":21,"featured_media":49124,"comment_status":"open","ping_status":"closed","sticky":false,"template":"","format":"standard","meta":{"footnotes":""},"categories":[957,51,6,118,955,958,954,935],"tags":[644,926,567,147,23,545,148,483],"class_list":["post-49123","post","type-post","status-publish","format-standard","has-post-thumbnail","hentry","category-autonomia","category-autor","category-chiapas","category-ezln","category-ezln-temas","category-megaproyectos","category-mexico","category-temas","tag-comunicados-ezln","tag-ezln","tag-megaproyectos","tag-militarizacion","tag-paramilitares","tag-pueblos-indigenas","tag-resistencia","tag-tierra-y-territorio"],"_links":{"self":[{"href":"https:\/\/radiozapatista.org\/index.php?rest_route=\/wp\/v2\/posts\/49123","targetHints":{"allow":["GET"]}}],"collection":[{"href":"https:\/\/radiozapatista.org\/index.php?rest_route=\/wp\/v2\/posts"}],"about":[{"href":"https:\/\/radiozapatista.org\/index.php?rest_route=\/wp\/v2\/types\/post"}],"author":[{"embeddable":true,"href":"https:\/\/radiozapatista.org\/index.php?rest_route=\/wp\/v2\/users\/21"}],"replies":[{"embeddable":true,"href":"https:\/\/radiozapatista.org\/index.php?rest_route=%2Fwp%2Fv2%2Fcomments&post=49123"}],"version-history":[{"count":2,"href":"https:\/\/radiozapatista.org\/index.php?rest_route=\/wp\/v2\/posts\/49123\/revisions"}],"predecessor-version":[{"id":49127,"href":"https:\/\/radiozapatista.org\/index.php?rest_route=\/wp\/v2\/posts\/49123\/revisions\/49127"}],"wp:featuredmedia":[{"embeddable":true,"href":"https:\/\/radiozapatista.org\/index.php?rest_route=\/wp\/v2\/media\/49124"}],"wp:attachment":[{"href":"https:\/\/radiozapatista.org\/index.php?rest_route=%2Fwp%2Fv2%2Fmedia&parent=49123"}],"wp:term":[{"taxonomy":"category","embeddable":true,"href":"https:\/\/radiozapatista.org\/index.php?rest_route=%2Fwp%2Fv2%2Fcategories&post=49123"},{"taxonomy":"post_tag","embeddable":true,"href":"https:\/\/radiozapatista.org\/index.php?rest_route=%2Fwp%2Fv2%2Ftags&post=49123"}],"curies":[{"name":"wp","href":"https:\/\/api.w.org\/{rel}","templated":true}]}}