{"id":49081,"date":"2024-10-05T16:40:11","date_gmt":"2024-10-05T22:40:11","guid":{"rendered":"https:\/\/radiozapatista.org\/?p=49081"},"modified":"2024-10-08T12:37:37","modified_gmt":"2024-10-08T18:37:37","slug":"masacre-en-chiapas-militares-matan-a-seis-migrantes-y-hieren-a-infantes","status":"publish","type":"post","link":"https:\/\/radiozapatista.org\/?p=49081","title":{"rendered":"Masacre en Chiapas; militares matan a seis migrantes y hieren a infantes"},"content":{"rendered":"\n<p>Fuente: <a href=\"https:\/\/avispa.org\/masacre-en-chiapas-militares-matan-a-seis-migrantes-y-hieren-a-infantes\/\">Avispa Midia<\/a><br>Por Sare Frabes<\/p>\n\n\n\n<p>La noche del pasado martes (1), durante el primer d\u00eda del gobierno de la presidenta Claudia Sheinbaum, y pese a&nbsp;<a href=\"https:\/\/www.proceso.com.mx\/nacional\/2024\/10\/2\/la-disculpa-publica-no-basta-el-clamor-en-la-marcha-por-el-de-octubre-337843.html\">las promesas de no repetici\u00f3n<\/a>, elementos del ej\u00e9rcito mexicano se vieron involucrados nuevamente en actos de violencia contra poblaci\u00f3n civil, esta vez en el municipio de Villa Comaltitl\u00e1n, en la costa de Chiapas.<\/p>\n\n\n\n<p>Acorde a un&nbsp;<a href=\"https:\/\/caravanamigrante.ibero.mx\/uploads\/monitoreos_pdf\/637a2216e9cc63bc4acbbe118f0de39a.pdf\">comunicado del&nbsp;Colectivo de Monitoreo Frontera Sur<\/a>&nbsp;-integrado por una veintena de organizaciones de derechos humanos-, una camioneta de redilas que transportaba a 33 personas migrantes fue alcanzada por disparos realizados por elementos militares, lo que provoc\u00f3 que el veh\u00edculo se accidentara y dejara un saldo de&nbsp;seis personas migrantes fallecidas.<\/p>\n\n\n\n<p>Seg\u00fan las organizaciones, por las im\u00e1genes difundidas se sugiere que las personas fallecieron por impactos de bala. Tambi\u00e9n reportan 10 m\u00e1s lesionadas, entre ellas ni\u00f1os y ni\u00f1as. Entre los fallecidos se encuentran cuatro hombres adultos, una ni\u00f1a y una joven, mientras los lesionados fueron trasladadas para recibir atenci\u00f3n hospitalaria. Las personas en movilidad proceden de Nepal, India, Arabia Saudita, Egipto, Pakist\u00e1n, Honduras, Cuba y Per\u00fa.<\/p>\n\n\n\n<p>Por su parte, la Secretar\u00eda de la Defensa Nacional (Sedena)&nbsp;<a href=\"https:\/\/www.gob.mx\/sedena\/prensa\/sedena-informa-sobre-hechos-ocurridos-en-chiapas\">difundi\u00f3 un comunicado<\/a>&nbsp;mediante el cual ofrece su versi\u00f3n de los hechos. En el documento refieren que, elementos del ej\u00e9rcito detectaron un veh\u00edculo que iba a alta velocidad, el cual eludi\u00f3 a las fuerzas de seguridad. \u201cA retaguardia de la pick up se desplazaban dos camionetas de redilas como las que usan grupos delincuenciales en esa regi\u00f3n. Personal militar manifest\u00f3 escuchar detonaciones, por lo que 2 elementos accionaron su armamento, deteniendo su marcha una de las camionetas de redilas\u201d.<\/p>\n\n\n\n<!--more-->\n\n\n\n<figure class=\"wp-block-image\"><a href=\"https:\/\/avispa.org\/wp-content\/uploads\/2024\/10\/Migrantes-lesionados-por-militares.jpeg\"><img decoding=\"async\" src=\"https:\/\/avispa.org\/wp-content\/uploads\/2024\/10\/Migrantes-lesionados-por-militares.jpeg\" alt=\"\" class=\"wp-image-118134\"\/><\/a><\/figure>\n\n\n\n<p>De acuerdo con los militares, tras el tiroteo, inspeccionaron el veh\u00edculo hayando a 33 migrantes a bordo: 12 estaban heridos, 17 ilesos, cuatro fallecieron y dos lesionados murieron m\u00e1s tarde en el hospital donde eran atendidos. Adem\u00e1s, les informaron que el chofer supuestamente hab\u00eda escapado, al igual que los otros dos veh\u00edculos implicados.<\/p>\n\n\n\n<p>El gobierno de P\u00e9ru, a trav\u00e9s de su Canciller\u00eda, conden\u00f3 en\u00e9rgicamente el ataque de los militares ya que entre los muertos, se encuentra una persona de nacionalidad peruana. En un comunicado, calificaron el hecho como \u201cexecrable\u201d y anunciaron que exigir\u00e1n investigaciones a trav\u00e9s de su representaci\u00f3n diplom\u00e1tica en M\u00e9xico para esclarecer el caso y determinar responsabilidades.<\/p>\n\n\n\n<p>Para el Colectivo Frontera Sur, si bien la Sedena reconoce la gravedad de los hechos y la probable responsabilidad de los elementos del ej\u00e9rcito, aseguran que, para el esclarecimiento de los hechos, este tipo de investigaciones debe centrarse en el testimonio directo de las v\u00edctimas, \u201cen condiciones dignas, de total imparcialidad y garant\u00edas de seguridad\u201d.<\/p>\n\n\n\n<p>Durante la&nbsp;<a href=\"https:\/\/www.gob.mx\/presidencia\/articulos\/version-estenografica-conferencia-de-prensa-de-la-presidenta-claudia-sheinbaum-pardo-del-3-de-octubre-de-2024?idiom=es\">conferencia matutina de este jueves<\/a>&nbsp;(3), ante la pregunta sobre si elementos del ej\u00e9rcito ratificaron su versi\u00f3n y encontraron armas en el veh\u00edculo, la presidenta Sheinbaum eludi\u00f3 el tema y se limit\u00f3 a decir que los militares que dispararon ya se encuentran a disposici\u00f3n de la Fiscal\u00eda General de la Rep\u00fablica. Mientras tanto, 17 personas fueron puestas a disposici\u00f3n del Instituto Nacional de Migraci\u00f3n por parte de la Sedena.<\/p>\n\n\n\n<h3 class=\"wp-block-heading\" id=\"h-politicas-migratorias-deshumanizantes-nbsp\"><strong>Pol\u00edticas migratorias deshumanizantes&nbsp;<\/strong><\/h3>\n\n\n\n<p>El posicionamiento de las organizaciones destaca que estos hechos no son accidentales ni aislados, sino \u201cson consecuencia de las pol\u00edticas migratorias restrictivas que el Estado mexicano sigue implementando\u201d.<\/p>\n\n\n\n<p>En especial, refiere el Colectivo, son consecuencia directa de ordenar el despliegue militar para la contenci\u00f3n de los flujos migratorios \u201cbajo una l\u00f3gica de persecuci\u00f3n y no de protecci\u00f3n hacia las personas en movilidad, violentando y deshumanizando a las personas, poniendo en riesgo su integridad f\u00edsica, emocional y su vida\u201d.<\/p>\n\n\n\n<p>En su an\u00e1lisis, la estrategia de contenci\u00f3n, centrada en la seguridad nacional, \u201cexacerba el car\u00e1cter securitista y de persecuci\u00f3n, por encima de un enfoque de seguridad humana\u201d y destaca que, en el marco del&nbsp;<a href=\"https:\/\/www.canaldelcongreso.gob.mx\/noticia\/avala-senado-reforma-que-incorpora-a-guardia-nacional-a-la-sedena\">reciente traslado de la Guardia Nacional a la Sedena<\/a>, existen \u201criesgos ampliados que implican para la vida y los derechos humanos de poblaciones en condiciones de vulnerabilidad, como son las personas migrantes, refugiadas y con necesidades de protecci\u00f3n internacional\u201d.<\/p>\n\n\n\n<figure class=\"wp-block-image\"><a href=\"https:\/\/avispa.org\/wp-content\/uploads\/2024\/10\/cnne-1761524-migrantes-militares-chiapas.jpg\"><img decoding=\"async\" src=\"https:\/\/avispa.org\/wp-content\/uploads\/2024\/10\/cnne-1761524-migrantes-militares-chiapas-1024x576.jpg\" alt=\"\" class=\"wp-image-118133\"\/><\/a><\/figure>\n\n\n\n<p>El posicionamiento del Colectivo Frontera Sur reitera que las pol\u00edticas migratorias mexicanas generan un contexto de violencia, precariedad y riesgo para miles de personas, causando graves violaciones de derechos humanos. Esto, explican, se debe que las personas en movilidad son orilladas a tomar v\u00edas riesgosas, clandestinas y cada vez m\u00e1s costosas, cayendo en redes de trata y tr\u00e1fico pues destacan que, debido al avance de los grupos criminales en Chiapas se pone en mayor riesgo a las personas migrantes donde son expuestas al abuso, extorsi\u00f3n y muerte.<\/p>\n\n\n\n<p>\u201cEl Estado mexicano ha sido omiso ante la situaci\u00f3n de violencia en la regi\u00f3n; as\u00ed como en sus obligaciones de investigaci\u00f3n y sanci\u00f3n de violaciones a derechos humanos y delitos que diversos agentes p\u00fablicos han cometido, tanto por omisi\u00f3n como en colusi\u00f3n con dichos grupos criminales\u201d, sostienen la veintena de organizaciones sociales.&nbsp;<\/p>\n\n\n\n<p>Para ello, ejemplifican con algunos casos, tales como lo ocurrido el 1 de octubre de 2023, cuando se registr\u00f3 un accidente en el municipio de Pijijiapan, en la costa de Chiapas, donde murieron 10 personas migrantes que eran transportadas en un cami\u00f3n. Tambi\u00e9n, en 2021 se denunci\u00f3 otro accidente similar en Tuxtla Guti\u00e9rrez, donde murieron 55 personas que viajaban en un cami\u00f3n de carga.&nbsp;<\/p>\n\n\n\n<p>En otra ocasi\u00f3n, el 31 de octubre de 2021, elementos de la GN dispararon contra un veh\u00edculo particular donde iban 13 personas migrantes dando como resultado el fallecimiento de una persona de nacionalidad cubana y dejando otras dos lesionadas.&nbsp;<\/p>\n\n\n\n<p>\u201cEstos hechos evidencian la omisi\u00f3n del Estado para garantizar los derechos humanos y la vida de las personas migrantes y con necesidades de protecci\u00f3n internacional. Adem\u00e1s, constata que la pol\u00edtica migratoria en M\u00e9xico ha sido llevada desde enfoques y estrategias equivocadas, generando mayores factores de violencia y de desprotecci\u00f3n, cuyas lamentables consecuencias viven personas y familias migrantes\u201d.<\/p>\n","protected":false},"excerpt":{"rendered":"<p>Fuente: Avispa MidiaPor Sare Frabes La noche del pasado martes (1), durante el primer d\u00eda del gobierno de la presidenta Claudia Sheinbaum, y pese a&nbsp;las promesas de no repetici\u00f3n, elementos del ej\u00e9rcito mexicano se vieron involucrados nuevamente en actos de violencia contra poblaci\u00f3n civil, esta vez en el municipio de Villa Comaltitl\u00e1n, en la costa [&hellip;]<\/p>\n","protected":false},"author":21,"featured_media":49083,"comment_status":"open","ping_status":"closed","sticky":false,"template":"","format":"standard","meta":{"footnotes":""},"categories":[51,1284,826,958,954,959,935],"tags":[58,53,567,30,147,23,87],"class_list":["post-49081","post","type-post","status-publish","format-standard","has-post-thumbnail","hentry","category-autor","category-latinoamerica","category-medios-libres-2","category-megaproyectos","category-mexico","category-migracion","category-temas","tag-derechos-humanos","tag-justicia","tag-megaproyectos","tag-migracion","tag-militarizacion","tag-paramilitares","tag-represion"],"_links":{"self":[{"href":"https:\/\/radiozapatista.org\/index.php?rest_route=\/wp\/v2\/posts\/49081","targetHints":{"allow":["GET"]}}],"collection":[{"href":"https:\/\/radiozapatista.org\/index.php?rest_route=\/wp\/v2\/posts"}],"about":[{"href":"https:\/\/radiozapatista.org\/index.php?rest_route=\/wp\/v2\/types\/post"}],"author":[{"embeddable":true,"href":"https:\/\/radiozapatista.org\/index.php?rest_route=\/wp\/v2\/users\/21"}],"replies":[{"embeddable":true,"href":"https:\/\/radiozapatista.org\/index.php?rest_route=%2Fwp%2Fv2%2Fcomments&post=49081"}],"version-history":[{"count":2,"href":"https:\/\/radiozapatista.org\/index.php?rest_route=\/wp\/v2\/posts\/49081\/revisions"}],"predecessor-version":[{"id":49102,"href":"https:\/\/radiozapatista.org\/index.php?rest_route=\/wp\/v2\/posts\/49081\/revisions\/49102"}],"wp:featuredmedia":[{"embeddable":true,"href":"https:\/\/radiozapatista.org\/index.php?rest_route=\/wp\/v2\/media\/49083"}],"wp:attachment":[{"href":"https:\/\/radiozapatista.org\/index.php?rest_route=%2Fwp%2Fv2%2Fmedia&parent=49081"}],"wp:term":[{"taxonomy":"category","embeddable":true,"href":"https:\/\/radiozapatista.org\/index.php?rest_route=%2Fwp%2Fv2%2Fcategories&post=49081"},{"taxonomy":"post_tag","embeddable":true,"href":"https:\/\/radiozapatista.org\/index.php?rest_route=%2Fwp%2Fv2%2Ftags&post=49081"}],"curies":[{"name":"wp","href":"https:\/\/api.w.org\/{rel}","templated":true}]}}