{"id":49037,"date":"2024-09-30T12:29:19","date_gmt":"2024-09-30T18:29:19","guid":{"rendered":"https:\/\/radiozapatista.org\/?p=49037"},"modified":"2024-09-30T12:33:18","modified_gmt":"2024-09-30T18:33:18","slug":"el-fogon-de-las-palabras-4-viaje-de-honduras-a-mexico","status":"publish","type":"post","link":"https:\/\/radiozapatista.org\/?p=49037","title":{"rendered":"El fog\u00f3n de las palabras 4: Viaje de Honduras  a M\u00e9xico"},"content":{"rendered":"\n<p>Escucha y\/o descarga el cuarto capitulo de nuestro programa radiof\u00f3nico El Fog\u00f3n de las Palabras \u201cViaje de Honduras a M\u00e9xico\u201d FOCA Casa de d\u00eda. Comit\u00e1n, Chiapas.<\/p>\n\n\n[podcast]https:\/\/radiozapatista.org\/wp-content\/uploads\/2024\/09\/04.-el-fogon-de-las-palabras-programa-foca-25m-dWxyqvwGb4heg189.mp3[\/podcast]\n\n\n<p>Hab\u00eda una vez\u2026<\/p>\n\n\n\n<p>una ni\u00f1a, su pap\u00e1 trabajaba vendiendo nieves en su troco en Honduras.<\/p>\n\n\n\n<p>Una se\u00f1ora, a ella le da mucho miedo cuando mira las combis de la migraci\u00f3n en M\u00e9xico, tiene miedo que la deporten.<\/p>\n\n\n\n<p>Lo que mas me duele fue dejar a mi nieta, mi primera nieta.<\/p>\n\n\n\n<p>Una no sabe si va a regresar o no\u2026<\/p>\n\n\n\n<p>Historias de vida de mujeres que salieron de su pa\u00eds \u201cabriendo camino hacia nuestros sue\u00f1os\u201d. Casa de D\u00eda, Comit\u00e1n de Dom\u00ednguez, Chiapas.<\/p>\n\n\n\n<p>El Fog\u00f3n de las Palabras es una serie radiof\u00f3nica que recupera las historias creadas y narradas por distintas comunidades, colectivos y organizaciones de M\u00e9xico y Guatemala, incluye leyendas, mitos, canciones, testimonios y relatos que nos cuentan las maneras de defender, resistir y crear otras formas de vida desde la esperanza.<\/p>\n\n\n\n<p>Desde El Fog\u00f3n de las Palabras buscamos abrir espacios de encuentro y escucha entre las personas y de \u00e9stas con su comunidad y otros territorios. Es por ello que nos damos a la tarea de difundirlo en radios comunitarias de todo el pa\u00eds. Adem\u00e1s puedes descargar y\/o escuchar el programa en nuestra p\u00e1gina web y otras plataformas. Publicaremos los programas cada mes.<\/p>\n\n\n\n<p>El Fog\u00f3n de las Palabras es un proyecto de Promedios De Comunicaci\u00f3n Comunitaria y Habitar la escucha: colectiva de proyectos interdisciplinarios.<\/p>\n\n\n<a href=\"https:\/\/elfogondelaspalabras.com\/escuchanos\" target=\"_blank\" rel=\"noopener\">https:\/\/elfogondelaspalabras.com\/escuchanos<\/a><br\/>\n<a href=\"https:\/\/web.facebook.com\/elfogondelaspalabras\" target=\"_blank\" rel=\"noopener\">https:\/\/web.facebook.com\/elfogondelaspalabras<\/a><br\/>\n<a href=\"https:\/\/www.instagram.com\/elfogondelaspalabras\" target=\"_blank\" rel=\"noopener\">https:\/\/www.instagram.com\/elfogondelaspalabras<\/a>\n","protected":false},"excerpt":{"rendered":"<p>Escucha y\/o descarga el cuarto capitulo de nuestro programa radiof\u00f3nico El Fog\u00f3n de las Palabras \u201cViaje de Honduras a M\u00e9xico\u201d FOCA Casa de d\u00eda. Comit\u00e1n, Chiapas. [podcast]https:\/\/radiozapatista.org\/wp-content\/uploads\/2024\/09\/04.-el-fogon-de-las-palabras-programa-foca-25m-dWxyqvwGb4heg189.mp3[\/podcast] Hab\u00eda una vez\u2026 una ni\u00f1a, su pap\u00e1 trabajaba vendiendo nieves en su troco en Honduras. Una se\u00f1ora, a ella le da mucho miedo cuando mira las combis de [&hellip;]<\/p>\n","protected":false},"author":1,"featured_media":49043,"comment_status":"open","ping_status":"closed","sticky":false,"template":"","format":"standard","meta":{"footnotes":""},"categories":[1,1284,826,954,959,961],"tags":[1234,30],"class_list":["post-49037","post","type-post","status-publish","format-standard","has-post-thumbnail","hentry","category-audio","category-latinoamerica","category-medios-libres-2","category-mexico","category-migracion","category-mujeres","tag-exodo-migrante","tag-migracion"],"_links":{"self":[{"href":"https:\/\/radiozapatista.org\/index.php?rest_route=\/wp\/v2\/posts\/49037","targetHints":{"allow":["GET"]}}],"collection":[{"href":"https:\/\/radiozapatista.org\/index.php?rest_route=\/wp\/v2\/posts"}],"about":[{"href":"https:\/\/radiozapatista.org\/index.php?rest_route=\/wp\/v2\/types\/post"}],"author":[{"embeddable":true,"href":"https:\/\/radiozapatista.org\/index.php?rest_route=\/wp\/v2\/users\/1"}],"replies":[{"embeddable":true,"href":"https:\/\/radiozapatista.org\/index.php?rest_route=%2Fwp%2Fv2%2Fcomments&post=49037"}],"version-history":[{"count":5,"href":"https:\/\/radiozapatista.org\/index.php?rest_route=\/wp\/v2\/posts\/49037\/revisions"}],"predecessor-version":[{"id":49047,"href":"https:\/\/radiozapatista.org\/index.php?rest_route=\/wp\/v2\/posts\/49037\/revisions\/49047"}],"wp:featuredmedia":[{"embeddable":true,"href":"https:\/\/radiozapatista.org\/index.php?rest_route=\/wp\/v2\/media\/49043"}],"wp:attachment":[{"href":"https:\/\/radiozapatista.org\/index.php?rest_route=%2Fwp%2Fv2%2Fmedia&parent=49037"}],"wp:term":[{"taxonomy":"category","embeddable":true,"href":"https:\/\/radiozapatista.org\/index.php?rest_route=%2Fwp%2Fv2%2Fcategories&post=49037"},{"taxonomy":"post_tag","embeddable":true,"href":"https:\/\/radiozapatista.org\/index.php?rest_route=%2Fwp%2Fv2%2Ftags&post=49037"}],"curies":[{"name":"wp","href":"https:\/\/api.w.org\/{rel}","templated":true}]}}