{"id":48992,"date":"2024-09-28T00:04:34","date_gmt":"2024-09-28T06:04:34","guid":{"rendered":"https:\/\/radiozapatista.org\/?p=48992"},"modified":"2024-09-28T00:07:26","modified_gmt":"2024-09-28T06:07:26","slug":"la-digna-rabia-de-ayotzinapa-a-10-anos-de-la-desaparicion-de-los-normalistas","status":"publish","type":"post","link":"https:\/\/radiozapatista.org\/?p=48992","title":{"rendered":"La digna rabia de Ayotzinapa a 10 a\u00f1os de la desaparici\u00f3n de los normalistas"},"content":{"rendered":"<p><iframe loading=\"lazy\" title=\"YouTube video player\" src=\"https:\/\/www.youtube.com\/embed\/CYB10ZAXIHQ?si=ihIsDWO4QKBvG27R\" width=\"560\" height=\"315\" frameborder=\"0\" allowfullscreen=\"allowfullscreen\"><\/iframe><\/p>\n<p>Indignaci\u00f3n. Se siente por doquier, duele. A 10 a\u00f1os de la desaparici\u00f3n de los normalistas de la Escuela Normal Isidro Burgos de Ayotzinapa, y a pocos meses del fin de la presidencia de quien prometi\u00f3 verdad y justicia y luego traicion\u00f3 no s\u00f3lo a ellos, sino a todo el pa\u00eds, las madres y padres de los normalistas siguen luchando por justicia y verdad. Este 26 de septiembre de 2024, junto con miles de personas solidarias, marcharon al z\u00f3calo de la Ciudad de M\u00e9xico cargando su dolor y su digna rabia.<\/p>\n<p>Como si la mentira, la burla, el encubrimiento, las calumnias contra los defensores de derechos humanos que los acompa\u00f1an y, sobre todo, la traici\u00f3n de parte de un presidente en el que muchos confiaron no bastara, en este d\u00e9cimo aniversario de ese macabro cap\u00edtulo de nuestra historia el Estado intent\u00f3 bloquearles el paso con vallas de concreto. &#8220;Como si vivi\u00e9ramos en una dictadura&#8221;, dijo uno de los padres. Como si las v\u00edctimas de los cr\u00edmenes del Estado no tuvieran derecho de alzar la voz.<\/p>\n<p>Sobre Paseo de la Reforma, al lado del antimonumento +43, montaron un memorial con las im\u00e1genes de todos los normalistas desaparecidos. Un memorial que nos recuerda las vidas de los ausentes, pero tambi\u00e9n que vivimos en un pa\u00eds donde esos horrores son posibles, y donde el poder, cualquiera que sea el color con el que se pinte, es siempre ajeno a la justicia.<\/p>\n<p>En el templete en el z\u00f3calo, las palabras de los padres y madres son duras; su rabia es mucha, pero tambi\u00e9n su determinaci\u00f3n de seguir luchando, no s\u00f3lo por sus hijos, sino por todos los desaparecidos y desaparecidas del pa\u00eds, por todos los asesinados, por todas y todos los que sufrimos la brutalidad de este narcoestado y de un ej\u00e9rcito criminal al que el presidente entreg\u00f3 el pa\u00eds estos \u00faltimos a\u00f1os. Como dijo el obispo Don Ra\u00fal Vera, es necesario agradecer a los padres y madres de Ayotzinapa, porque con todo su dolor a cuestas, su lucha es por M\u00e9xico, este M\u00e9xico tan pisoteado por la voracidad del poder.<\/p>\n<p><b>Audios del m\u00edtin en el z\u00f3calo:<\/b><\/p>\n<p>Palabras iniciales<br \/>[podcast]https:\/\/radiozapatista.org\/wp-content\/uploads\/2024\/09\/Ayotzinapa_2024_01.mp3[\/podcast]<br \/>Mario Gonz\u00e1lez, padre de C\u00e9sar Manuel Gonz\u00e1lez<br \/>[podcast]https:\/\/radiozapatista.org\/wp-content\/uploads\/2024\/09\/Ayotzinapa_2024_02.mp3[\/podcast]<br \/>Hilda Legide\u00f1o, madre de Jorge Antonio Tizapa Legide\u00f1o<br \/>[podcast]https:\/\/radiozapatista.org\/wp-content\/uploads\/2024\/09\/Ayotzinapa_2024_03.mp3[\/podcast]<br \/>Vidulfo Rosales, abogado<br \/>[podcast]https:\/\/radiozapatista.org\/wp-content\/uploads\/2024\/09\/Ayotzinapa_2024_04.mp3[\/podcast]<br \/>Emiliano Navarrete, padre de Jos\u00e9 \u00c1ngel Navarrete<br \/>[podcast]https:\/\/radiozapatista.org\/wp-content\/uploads\/2024\/09\/Ayotzinapa_2024_05.mp3[\/podcast]<br \/>Representante de la Escuela Normal Rural Isidro Burgos de Ayotzinapa<br \/>[podcast]https:\/\/radiozapatista.org\/wp-content\/uploads\/2024\/09\/Ayotzinapa_2024_06.mp3[\/podcast]<br \/>Representante de la Federaci\u00f3n de Estudiantes Campesinos Socialistas<br \/>[podcast]https:\/\/radiozapatista.org\/wp-content\/uploads\/2024\/09\/Ayotzinapa_2024_07.mp3[\/podcast]<br \/>Obispo Don Ra\u00fal Vera<br \/>[podcast]https:\/\/radiozapatista.org\/wp-content\/uploads\/2024\/09\/Ayotzinapa_2024_08.mp3[\/podcast]<\/p>\n\n\n<p><i>Al d\u00eda siguiente de la marcha y de la instalaci\u00f3n del memorial con los rostros de los 43 normalistas de Ayotzinapa, varios de los rostros amanecieron rotos. Aqu\u00ed el comunicado de los Colectivos de Familias de Desaparecidas y Desaparecidos:<\/i><\/p>\n\n\n<blockquote>\n<p>El d\u00eda de ayer a 10 a\u00f1os de la desaparici\u00f3n forzada de 43 estudiantes de Ayotzinapa, los padres y madres junto con otros familiares y organizaciones colocamos memoriales con los rostros de los muchachos en la avenida Reforma junto al antimonumento +43.<\/p>\n<p>Hace diez a\u00f1os amanecimos con la dolorosa noticia de la desaparici\u00f3n, hoy con la noticia de que varios rostros amanecieron rotos. Repudiamos este acto de desprecio y odio para los j\u00f3venes y sus familiares. Exigimos al gobierno de la Ciudad y al gobierno federal brindar protecci\u00f3n a los memoriales que con tanto esfuerzo hemos colocado para que nadie olvide a las personas desaparecidas y para seguir exigiendo verdad y justicia por nuestros hijos e hijas. Demandamos que se investigue y castigue a quien haya da\u00f1ado los memoriales y sobre todo solicitamos en\u00e9rgicamente se devuelvan estos memoriales que son fruto de la lucha y parte de la memoria que impulsamos las familias de personas desaparecidas.<\/p>\n<p>Le aseguramos que cuando nuestros hijos regresen con nosotras, quitaremos sus rostros de todo el pa\u00eds. Pero mientras eso no suceda, seguiremos recordando a la sociedad y al gobierno que las personas desaparecidas nos faltan a todxs. \u00a1No se puede borrar la memoria destruyendo los memoriales!<\/p>\n<p>\u00a1Hasta que los 43 vuelvan a casa!<br \/>\u00a1Hasta encontrarles a todxs!<br \/>\u00a1La memoria no se borra!<\/p>\n<p>Colectivos de familias de Desaparecidas y Desaparecidos<\/p>\n<\/blockquote>\n\n\n<figure class=\"wp-block-gallery has-nested-images columns-default is-cropped wp-block-gallery-1 is-layout-flex wp-block-gallery-is-layout-flex\">\n<figure class=\"wp-block-image size-large\"><img loading=\"lazy\" decoding=\"async\" width=\"1000\" height=\"850\" data-id=\"49015\" src=\"https:\/\/radiozapatista.org\/wp-content\/uploads\/2024\/09\/DSC03639.jpg\" alt=\"\" class=\"wp-image-49015\" srcset=\"https:\/\/radiozapatista.org\/wp-content\/uploads\/2024\/09\/DSC03639.jpg 1000w, https:\/\/radiozapatista.org\/wp-content\/uploads\/2024\/09\/DSC03639-350x298.jpg 350w, https:\/\/radiozapatista.org\/wp-content\/uploads\/2024\/09\/DSC03639-768x653.jpg 768w\" sizes=\"auto, (max-width: 1000px) 100vw, 1000px\" \/><\/figure>\n\n\n\n<figure class=\"wp-block-image size-large\"><img loading=\"lazy\" decoding=\"async\" width=\"1000\" height=\"955\" data-id=\"49016\" src=\"https:\/\/radiozapatista.org\/wp-content\/uploads\/2024\/09\/DSC03641.jpg\" alt=\"\" class=\"wp-image-49016\" srcset=\"https:\/\/radiozapatista.org\/wp-content\/uploads\/2024\/09\/DSC03641.jpg 1000w, https:\/\/radiozapatista.org\/wp-content\/uploads\/2024\/09\/DSC03641-314x300.jpg 314w, https:\/\/radiozapatista.org\/wp-content\/uploads\/2024\/09\/DSC03641-768x733.jpg 768w\" sizes=\"auto, (max-width: 1000px) 100vw, 1000px\" \/><\/figure>\n\n\n\n<figure class=\"wp-block-image size-large\"><img loading=\"lazy\" decoding=\"async\" width=\"1000\" height=\"907\" data-id=\"49017\" src=\"https:\/\/radiozapatista.org\/wp-content\/uploads\/2024\/09\/DSC03645.jpg\" alt=\"\" class=\"wp-image-49017\" srcset=\"https:\/\/radiozapatista.org\/wp-content\/uploads\/2024\/09\/DSC03645.jpg 1000w, https:\/\/radiozapatista.org\/wp-content\/uploads\/2024\/09\/DSC03645-331x300.jpg 331w, https:\/\/radiozapatista.org\/wp-content\/uploads\/2024\/09\/DSC03645-768x697.jpg 768w\" sizes=\"auto, (max-width: 1000px) 100vw, 1000px\" \/><\/figure>\n\n\n\n<figure class=\"wp-block-image size-large\"><img loading=\"lazy\" decoding=\"async\" width=\"1000\" height=\"659\" data-id=\"49018\" src=\"https:\/\/radiozapatista.org\/wp-content\/uploads\/2024\/09\/DSC03648.jpg\" alt=\"\" class=\"wp-image-49018\" srcset=\"https:\/\/radiozapatista.org\/wp-content\/uploads\/2024\/09\/DSC03648.jpg 1000w, https:\/\/radiozapatista.org\/wp-content\/uploads\/2024\/09\/DSC03648-350x231.jpg 350w, https:\/\/radiozapatista.org\/wp-content\/uploads\/2024\/09\/DSC03648-768x506.jpg 768w\" sizes=\"auto, (max-width: 1000px) 100vw, 1000px\" \/><\/figure>\n\n\n\n<figure class=\"wp-block-image size-large\"><img loading=\"lazy\" decoding=\"async\" width=\"1000\" height=\"602\" data-id=\"49019\" src=\"https:\/\/radiozapatista.org\/wp-content\/uploads\/2024\/09\/DSC03657.jpg\" alt=\"\" class=\"wp-image-49019\" srcset=\"https:\/\/radiozapatista.org\/wp-content\/uploads\/2024\/09\/DSC03657.jpg 1000w, https:\/\/radiozapatista.org\/wp-content\/uploads\/2024\/09\/DSC03657-350x211.jpg 350w, https:\/\/radiozapatista.org\/wp-content\/uploads\/2024\/09\/DSC03657-768x462.jpg 768w\" sizes=\"auto, (max-width: 1000px) 100vw, 1000px\" \/><\/figure>\n\n\n\n<figure class=\"wp-block-image size-large\"><img loading=\"lazy\" decoding=\"async\" width=\"1000\" height=\"683\" data-id=\"49020\" src=\"https:\/\/radiozapatista.org\/wp-content\/uploads\/2024\/09\/DSC03658.jpg\" alt=\"\" class=\"wp-image-49020\" srcset=\"https:\/\/radiozapatista.org\/wp-content\/uploads\/2024\/09\/DSC03658.jpg 1000w, https:\/\/radiozapatista.org\/wp-content\/uploads\/2024\/09\/DSC03658-350x239.jpg 350w, https:\/\/radiozapatista.org\/wp-content\/uploads\/2024\/09\/DSC03658-768x525.jpg 768w\" sizes=\"auto, (max-width: 1000px) 100vw, 1000px\" \/><\/figure>\n\n\n\n<figure class=\"wp-block-image size-large\"><img loading=\"lazy\" decoding=\"async\" width=\"600\" height=\"903\" data-id=\"49021\" src=\"https:\/\/radiozapatista.org\/wp-content\/uploads\/2024\/09\/DSC03662.jpg\" alt=\"\" class=\"wp-image-49021\" srcset=\"https:\/\/radiozapatista.org\/wp-content\/uploads\/2024\/09\/DSC03662.jpg 600w, https:\/\/radiozapatista.org\/wp-content\/uploads\/2024\/09\/DSC03662-199x300.jpg 199w\" sizes=\"auto, (max-width: 600px) 100vw, 600px\" \/><\/figure>\n\n\n\n<figure class=\"wp-block-image size-large\"><img loading=\"lazy\" decoding=\"async\" width=\"600\" height=\"903\" data-id=\"49022\" src=\"https:\/\/radiozapatista.org\/wp-content\/uploads\/2024\/09\/DSC03666.jpg\" alt=\"\" class=\"wp-image-49022\" srcset=\"https:\/\/radiozapatista.org\/wp-content\/uploads\/2024\/09\/DSC03666.jpg 600w, https:\/\/radiozapatista.org\/wp-content\/uploads\/2024\/09\/DSC03666-199x300.jpg 199w\" sizes=\"auto, (max-width: 600px) 100vw, 600px\" \/><\/figure>\n\n\n\n<figure class=\"wp-block-image size-large\"><img loading=\"lazy\" decoding=\"async\" width=\"1000\" height=\"909\" data-id=\"49023\" src=\"https:\/\/radiozapatista.org\/wp-content\/uploads\/2024\/09\/DSC03667.jpg\" alt=\"\" class=\"wp-image-49023\" srcset=\"https:\/\/radiozapatista.org\/wp-content\/uploads\/2024\/09\/DSC03667.jpg 1000w, https:\/\/radiozapatista.org\/wp-content\/uploads\/2024\/09\/DSC03667-330x300.jpg 330w, https:\/\/radiozapatista.org\/wp-content\/uploads\/2024\/09\/DSC03667-768x698.jpg 768w\" sizes=\"auto, (max-width: 1000px) 100vw, 1000px\" \/><\/figure>\n\n\n\n<figure class=\"wp-block-image size-large\"><img loading=\"lazy\" decoding=\"async\" width=\"600\" height=\"817\" data-id=\"49024\" src=\"https:\/\/radiozapatista.org\/wp-content\/uploads\/2024\/09\/DSC03674.jpg\" alt=\"\" class=\"wp-image-49024\" srcset=\"https:\/\/radiozapatista.org\/wp-content\/uploads\/2024\/09\/DSC03674.jpg 600w, https:\/\/radiozapatista.org\/wp-content\/uploads\/2024\/09\/DSC03674-220x300.jpg 220w\" sizes=\"auto, (max-width: 600px) 100vw, 600px\" \/><\/figure>\n\n\n\n<figure class=\"wp-block-image size-large\"><img loading=\"lazy\" decoding=\"async\" width=\"1000\" height=\"664\" data-id=\"49025\" src=\"https:\/\/radiozapatista.org\/wp-content\/uploads\/2024\/09\/DSC03676.jpg\" alt=\"\" class=\"wp-image-49025\" srcset=\"https:\/\/radiozapatista.org\/wp-content\/uploads\/2024\/09\/DSC03676.jpg 1000w, https:\/\/radiozapatista.org\/wp-content\/uploads\/2024\/09\/DSC03676-350x232.jpg 350w, https:\/\/radiozapatista.org\/wp-content\/uploads\/2024\/09\/DSC03676-768x510.jpg 768w, https:\/\/radiozapatista.org\/wp-content\/uploads\/2024\/09\/DSC03676-700x466.jpg 700w\" sizes=\"auto, (max-width: 1000px) 100vw, 1000px\" \/><\/figure>\n\n\n\n<figure class=\"wp-block-image size-large\"><img loading=\"lazy\" decoding=\"async\" width=\"1000\" height=\"676\" data-id=\"49026\" src=\"https:\/\/radiozapatista.org\/wp-content\/uploads\/2024\/09\/DSC03680.jpg\" alt=\"\" class=\"wp-image-49026\" srcset=\"https:\/\/radiozapatista.org\/wp-content\/uploads\/2024\/09\/DSC03680.jpg 1000w, https:\/\/radiozapatista.org\/wp-content\/uploads\/2024\/09\/DSC03680-350x237.jpg 350w, https:\/\/radiozapatista.org\/wp-content\/uploads\/2024\/09\/DSC03680-768x519.jpg 768w\" sizes=\"auto, (max-width: 1000px) 100vw, 1000px\" \/><\/figure>\n\n\n\n<figure class=\"wp-block-image size-large\"><img loading=\"lazy\" decoding=\"async\" width=\"1000\" height=\"664\" data-id=\"49027\" src=\"https:\/\/radiozapatista.org\/wp-content\/uploads\/2024\/09\/DSC03681.jpg\" alt=\"\" class=\"wp-image-49027\" srcset=\"https:\/\/radiozapatista.org\/wp-content\/uploads\/2024\/09\/DSC03681.jpg 1000w, https:\/\/radiozapatista.org\/wp-content\/uploads\/2024\/09\/DSC03681-350x232.jpg 350w, https:\/\/radiozapatista.org\/wp-content\/uploads\/2024\/09\/DSC03681-768x510.jpg 768w, https:\/\/radiozapatista.org\/wp-content\/uploads\/2024\/09\/DSC03681-700x466.jpg 700w\" sizes=\"auto, (max-width: 1000px) 100vw, 1000px\" \/><\/figure>\n\n\n\n<figure class=\"wp-block-image size-large\"><img loading=\"lazy\" decoding=\"async\" width=\"1000\" height=\"581\" data-id=\"49028\" src=\"https:\/\/radiozapatista.org\/wp-content\/uploads\/2024\/09\/DSC03685.jpg\" alt=\"\" class=\"wp-image-49028\" srcset=\"https:\/\/radiozapatista.org\/wp-content\/uploads\/2024\/09\/DSC03685.jpg 1000w, https:\/\/radiozapatista.org\/wp-content\/uploads\/2024\/09\/DSC03685-350x203.jpg 350w, https:\/\/radiozapatista.org\/wp-content\/uploads\/2024\/09\/DSC03685-768x446.jpg 768w\" sizes=\"auto, (max-width: 1000px) 100vw, 1000px\" \/><\/figure>\n\n\n\n<figure class=\"wp-block-image size-large\"><img loading=\"lazy\" decoding=\"async\" width=\"1000\" height=\"664\" data-id=\"49029\" src=\"https:\/\/radiozapatista.org\/wp-content\/uploads\/2024\/09\/DSC03686.jpg\" alt=\"\" class=\"wp-image-49029\" srcset=\"https:\/\/radiozapatista.org\/wp-content\/uploads\/2024\/09\/DSC03686.jpg 1000w, https:\/\/radiozapatista.org\/wp-content\/uploads\/2024\/09\/DSC03686-350x232.jpg 350w, https:\/\/radiozapatista.org\/wp-content\/uploads\/2024\/09\/DSC03686-768x510.jpg 768w, https:\/\/radiozapatista.org\/wp-content\/uploads\/2024\/09\/DSC03686-700x466.jpg 700w\" sizes=\"auto, (max-width: 1000px) 100vw, 1000px\" \/><\/figure>\n\n\n\n<figure class=\"wp-block-image size-large\"><img loading=\"lazy\" decoding=\"async\" width=\"1000\" height=\"664\" data-id=\"49030\" src=\"https:\/\/radiozapatista.org\/wp-content\/uploads\/2024\/09\/DSC03696.jpg\" alt=\"\" class=\"wp-image-49030\" srcset=\"https:\/\/radiozapatista.org\/wp-content\/uploads\/2024\/09\/DSC03696.jpg 1000w, https:\/\/radiozapatista.org\/wp-content\/uploads\/2024\/09\/DSC03696-350x232.jpg 350w, https:\/\/radiozapatista.org\/wp-content\/uploads\/2024\/09\/DSC03696-768x510.jpg 768w, https:\/\/radiozapatista.org\/wp-content\/uploads\/2024\/09\/DSC03696-700x466.jpg 700w\" sizes=\"auto, (max-width: 1000px) 100vw, 1000px\" \/><\/figure>\n<\/figure>\n","protected":false},"excerpt":{"rendered":"<p>Indignaci\u00f3n. Se siente por doquier, duele. A 10 a\u00f1os de la desaparici\u00f3n de los normalistas de la Escuela Normal Isidro Burgos de Ayotzinapa, y a pocos meses del fin de la presidencia de quien prometi\u00f3 verdad y justicia y luego traicion\u00f3 no s\u00f3lo a ellos, sino a todo el pa\u00eds, las madres y padres de [&hellip;]<\/p>\n","protected":false},"author":1,"featured_media":49019,"comment_status":"open","ping_status":"closed","sticky":false,"template":"","format":"standard","meta":{"footnotes":""},"categories":[1,1358,949,954,190,222],"tags":[1288,929,58,244,198,53,912],"class_list":["post-48992","post","type-post","status-publish","format-standard","has-post-thumbnail","hentry","category-audio","category-ayotzinapa","category-fotorreportaje","category-mexico","category-radiozapatista","category-video","tag-4t","tag-ayotzinapa","tag-derechos-humanos","tag-desaparecidos","tag-impunidad","tag-justicia","tag-narcoestado"],"_links":{"self":[{"href":"https:\/\/radiozapatista.org\/index.php?rest_route=\/wp\/v2\/posts\/48992","targetHints":{"allow":["GET"]}}],"collection":[{"href":"https:\/\/radiozapatista.org\/index.php?rest_route=\/wp\/v2\/posts"}],"about":[{"href":"https:\/\/radiozapatista.org\/index.php?rest_route=\/wp\/v2\/types\/post"}],"author":[{"embeddable":true,"href":"https:\/\/radiozapatista.org\/index.php?rest_route=\/wp\/v2\/users\/1"}],"replies":[{"embeddable":true,"href":"https:\/\/radiozapatista.org\/index.php?rest_route=%2Fwp%2Fv2%2Fcomments&post=48992"}],"version-history":[{"count":7,"href":"https:\/\/radiozapatista.org\/index.php?rest_route=\/wp\/v2\/posts\/48992\/revisions"}],"predecessor-version":[{"id":49032,"href":"https:\/\/radiozapatista.org\/index.php?rest_route=\/wp\/v2\/posts\/48992\/revisions\/49032"}],"wp:featuredmedia":[{"embeddable":true,"href":"https:\/\/radiozapatista.org\/index.php?rest_route=\/wp\/v2\/media\/49019"}],"wp:attachment":[{"href":"https:\/\/radiozapatista.org\/index.php?rest_route=%2Fwp%2Fv2%2Fmedia&parent=48992"}],"wp:term":[{"taxonomy":"category","embeddable":true,"href":"https:\/\/radiozapatista.org\/index.php?rest_route=%2Fwp%2Fv2%2Fcategories&post=48992"},{"taxonomy":"post_tag","embeddable":true,"href":"https:\/\/radiozapatista.org\/index.php?rest_route=%2Fwp%2Fv2%2Ftags&post=48992"}],"curies":[{"name":"wp","href":"https:\/\/api.w.org\/{rel}","templated":true}]}}