{"id":48959,"date":"2024-09-24T21:04:31","date_gmt":"2024-09-25T03:04:31","guid":{"rendered":"https:\/\/radiozapatista.org\/?p=48959"},"modified":"2024-09-24T21:04:32","modified_gmt":"2024-09-25T03:04:32","slug":"comunicado-de-la-comunidad-indigena-de-cuentepec-morelos","status":"publish","type":"post","link":"https:\/\/radiozapatista.org\/?p=48959","title":{"rendered":"Comunicado de la comunidad ind\u00edgena de Cuentepec, Morelos"},"content":{"rendered":"\n<p><\/p>\n\n\n\n<p>Gracias a las movilizaciones, marchas del 10 de enero del a\u00f1o 2021 en el Ayuntamiento de Temixco para exigir que declarara al municipio libre de miner\u00eda de la que nunca recibimos respuesta del oficio entregado con las peticiones del pueblo nahua de Cuentepec, la marcha y protesta del 12 de octubre del 2022 PROFEPA para realizar la entrega de la denuncia por los da\u00f1os ocasionados por parte de la minera en los cerros del Jumil [conocido tambi\u00e9n como kolotepetl] y el cerro de la calabaza, en 2021 las reuni\u00f3n en SEMARNAT en la Ciudad de M\u00e9xico, 2022 la Realizaci\u00f3n de la ASAMBLEA DE LOS PUEBLOS NAHUAS DE MORELOS, donde se elabor\u00f3 el DECRETO DE LOS PUEBLOS NAHUAS CONTRA LA MINERIA EN EL TERRITORIO con sede en la comunidad de ind\u00edgena nahua de Cuentepec, donde asistieron m\u00e1s de 400 personas provenientes de diversos pueblos y municipios ind\u00edgenas nahuas de Morelos y otros pueblos nahuas del pa\u00eds. En esta asamblea de los pueblos reconocimos qu\u00e9 solo el pueblo puede decidir el futuro de su territorio el cual ha defendido y preservado como territorio ancestral ante cualquier empresa minera qu\u00e9 quiera destruirlo, ejerciendo nuestra libre determinaci\u00f3n como pueblos ind\u00edgenas contando con sistemas normativos aut\u00f3nomos.<\/p>\n\n\n\n<p>Por lo que esta \u00abDECLARACI\u00d3N DE MUNICIPIO DE TEMIXCO LIBRE DE MINERIA\u00bb ES UN LOGRO DE LOS PUEBLOS QUE SE HAN ORGANIZADO Y QUE HAN RESISTIDO, Esta declaratoria surge de la exigencia de los pueblos que luchan m\u00e1s NO de la voluntad de los gobiernos ni el municipio de Temixco.<\/p>\n\n\n\n<p>Nos ha llevado tres a\u00f1os de lucha de resistencia y de exigencia. Teniendo como <strong>antecedente que el Ayuntamiento ha pasado por encima de la asamblea y de la autonom\u00eda del pueblo nahua de Cuentepec en las elecciones pasadas de elecci\u00f3n de ayudante de la comunidad, imponiendo y cambiando formas de auto organizaci\u00f3n internas.<\/strong><\/p>\n\n\n\n<p>EL PUEBLO DE CUENTEPEC NO OLVIDA QUE EL MUNICIPIO DE TEMIXCO VIOLENT\u00d3 LOS DERECHOS COLECTIVOS DEL PUEBLO NAHUA DE CUENTEPEC.<\/p>\n\n\n\n<p><strong>ATENTAMENTE:<\/strong><\/p>\n\n\n\n<p><strong>UNIFICACI\u00d3N DE PUEBLOS Y COLONIAS<\/strong><\/p>\n\n\n\n<p><strong>CONTRA LA MINERIA EN MORELOS<\/strong><\/p>\n\n\n\n<p><strong>CUENTEPEC MORELOS TOSEPAN<\/strong><\/p>\n\n\n\n<p><strong>24 DE SEPTIEMBRE DEL 2024<\/strong><\/p>\n","protected":false},"excerpt":{"rendered":"<p>Gracias a las movilizaciones, marchas del 10 de enero del a\u00f1o 2021 en el Ayuntamiento de Temixco para exigir que declarara al municipio libre de miner\u00eda de la que nunca recibimos respuesta del oficio entregado con las peticiones del pueblo nahua de Cuentepec, la marcha y protesta del 12 de octubre del 2022 PROFEPA para [&hellip;]<\/p>\n","protected":false},"author":21,"featured_media":48960,"comment_status":"open","ping_status":"closed","sticky":false,"template":"","format":"standard","meta":{"footnotes":""},"categories":[957,51,826,958,954,935],"tags":[58,53,567,147,545,87,148,27,483],"class_list":["post-48959","post","type-post","status-publish","format-standard","has-post-thumbnail","hentry","category-autonomia","category-autor","category-medios-libres-2","category-megaproyectos","category-mexico","category-temas","tag-derechos-humanos","tag-justicia","tag-megaproyectos","tag-militarizacion","tag-pueblos-indigenas","tag-represion","tag-resistencia","tag-solidaridad","tag-tierra-y-territorio"],"_links":{"self":[{"href":"https:\/\/radiozapatista.org\/index.php?rest_route=\/wp\/v2\/posts\/48959","targetHints":{"allow":["GET"]}}],"collection":[{"href":"https:\/\/radiozapatista.org\/index.php?rest_route=\/wp\/v2\/posts"}],"about":[{"href":"https:\/\/radiozapatista.org\/index.php?rest_route=\/wp\/v2\/types\/post"}],"author":[{"embeddable":true,"href":"https:\/\/radiozapatista.org\/index.php?rest_route=\/wp\/v2\/users\/21"}],"replies":[{"embeddable":true,"href":"https:\/\/radiozapatista.org\/index.php?rest_route=%2Fwp%2Fv2%2Fcomments&post=48959"}],"version-history":[{"count":1,"href":"https:\/\/radiozapatista.org\/index.php?rest_route=\/wp\/v2\/posts\/48959\/revisions"}],"predecessor-version":[{"id":48961,"href":"https:\/\/radiozapatista.org\/index.php?rest_route=\/wp\/v2\/posts\/48959\/revisions\/48961"}],"wp:featuredmedia":[{"embeddable":true,"href":"https:\/\/radiozapatista.org\/index.php?rest_route=\/wp\/v2\/media\/48960"}],"wp:attachment":[{"href":"https:\/\/radiozapatista.org\/index.php?rest_route=%2Fwp%2Fv2%2Fmedia&parent=48959"}],"wp:term":[{"taxonomy":"category","embeddable":true,"href":"https:\/\/radiozapatista.org\/index.php?rest_route=%2Fwp%2Fv2%2Fcategories&post=48959"},{"taxonomy":"post_tag","embeddable":true,"href":"https:\/\/radiozapatista.org\/index.php?rest_route=%2Fwp%2Fv2%2Ftags&post=48959"}],"curies":[{"name":"wp","href":"https:\/\/api.w.org\/{rel}","templated":true}]}}