{"id":48955,"date":"2024-09-24T11:44:34","date_gmt":"2024-09-24T17:44:34","guid":{"rendered":"https:\/\/radiozapatista.org\/?p=48955"},"modified":"2024-09-24T20:26:54","modified_gmt":"2024-09-25T02:26:54","slug":"segunda-llamada-encuentro-global-por-el-clima-y-la-vida-oax-mx-noviembre-2024","status":"publish","type":"post","link":"https:\/\/radiozapatista.org\/?p=48955","title":{"rendered":"Segunda llamada: Encuentro global por el clima y la vida, Oax, MX, noviembre\u00a02024"},"content":{"rendered":"\n<p>(ESP\/ENG)<br><div id=\"page\" class=\"site\"><div id=\"content\" class=\"site-content clear\"><div class=\"col-width\"><div id=\"primary\" class=\"content-area\"><main id=\"main\" class=\"site-main\" role=\"main\"><article id=\"post-5250\" class=\"post-5250 post type-post status-publish format-standard hentry category-uncategorized clear-fix  has-post-thumbnail fallback-thumbnail\"><div class=\"entry-content\"><p><strong>Segunda llamada\u00bfA d\u00f3nde y con qui\u00e9n navegamos?<\/strong><\/p><\/div><\/article><\/main><\/div><\/div><\/div><\/div><\/p>\n\n\n\n<p><div id=\"page\" class=\"site\"><div id=\"content\" class=\"site-content clear\"><div class=\"col-width\"><div id=\"primary\" class=\"content-area\"><main id=\"main\" class=\"site-main\" role=\"main\"><article id=\"post-5250\" class=\"post-5250 post type-post status-publish format-standard hentry category-uncategorized clear-fix  has-post-thumbnail fallback-thumbnail\"><div class=\"entry-content\"><p>Al Ej\u00e9rcito Zapatista de Liberaci\u00f3n Nacional<\/p><\/div><\/article><\/main><\/div><\/div><\/div><\/div><\/p>\n\n\n\n<p><div id=\"page\" class=\"site\"><div id=\"content\" class=\"site-content clear\"><div class=\"col-width\"><div id=\"primary\" class=\"content-area\"><main id=\"main\" class=\"site-main\" role=\"main\"><article id=\"post-5250\" class=\"post-5250 post type-post status-publish format-standard hentry category-uncategorized clear-fix  has-post-thumbnail fallback-thumbnail\"><div class=\"entry-content\"><p>Al Congreso Nacional Ind\u00edgena \u2013 Concejo Ind\u00edgena de Gobierno<\/p>A los Pueblos, Tribus, Naciones, Comunidades, Barrios,  Organizaciones, Colectiv@s y activistas que luchan por defender a la Madre Tierra resistiendo y construyendo autonom\u00eda en todos los rincones <p>del Sur Global (Oaxaca, M\u00e9xico y el Mundo)<\/p><\/div><\/article><\/main><\/div><\/div><\/div><\/div><\/p>\n\n\n\n<p><div id=\"page\" class=\"site\"><div id=\"content\" class=\"site-content clear\"><div class=\"col-width\"><div id=\"primary\" class=\"content-area\"><main id=\"main\" class=\"site-main\" role=\"main\"><article id=\"post-5250\" class=\"post-5250 post type-post status-publish format-standard hentry category-uncategorized clear-fix  has-post-thumbnail fallback-thumbnail\"><div class=\"entry-content\"><p>A los medios libres, comunitarios, alternativos, independientes o como se llamen<\/p><\/div><\/article><\/main><\/div><\/div><\/div><\/div><\/p>\n\n\n\n<p><div id=\"page\" class=\"site\"><div id=\"content\" class=\"site-content clear\"><div class=\"col-width\"><div id=\"primary\" class=\"content-area\"><main id=\"main\" class=\"site-main\" role=\"main\"><article id=\"post-5250\" class=\"post-5250 post type-post status-publish format-standard hentry category-uncategorized clear-fix  has-post-thumbnail fallback-thumbnail\"><div class=\"entry-content\"><p>A qui\u00e9nes defienden la vida con su vida misma<\/p><\/div><\/article><\/main><\/div><\/div><\/div><\/div><\/p>\n\n\n\n<p><div id=\"page\" class=\"site\"><div id=\"content\" class=\"site-content clear\"><div class=\"col-width\"><div id=\"primary\" class=\"content-area\"><main id=\"main\" class=\"site-main\" role=\"main\"><article id=\"post-5250\" class=\"post-5250 post type-post status-publish format-standard hentry category-uncategorized clear-fix  has-post-thumbnail fallback-thumbnail\"><div class=\"entry-content\"><p>Estamos a menos de dos meses del Encuentro Global por el Clima y la Vida \u2013 ANTICOP 2024, en un momento crucial que nos convoca a unir  nuestras fuerzas y corazones en torno a una causa com\u00fan: la defensa de  la Madre Tierra. En nuestra traves\u00eda hacia noviembre, ya hemos iniciado  el di\u00e1logo en nuestros foros virtuales. (<a href=\"https:\/\/mirrorssouthglobal.org\" rel=\"nofollow\">https:\/\/mirrorssouthglobal.org<\/a>).<br> Estos intercambios nos sirven como pre\u00e1mbulo a los trabajos que nos  esperan y nos ayudan a afinar nuestras propuestas y estrategias.En esta segunda llamada, queremos nombrar a nuestros hermanoas del  EZLN y el CNI-CIG, porque su ejemplo y sus pasos nos han ense\u00f1ado a  abrazar con fuerza la lucha contra el capitalismo, el patriarcado y el  colonialismo, a trabajar cada d\u00eda por ese mundo donde quepan muchos  mundos. Su valent\u00eda y perseverancia nos inspiran a seguir adelante,  incluso cuando los desaf\u00edos parecen abrumadores. Reiteramos la  invitaci\u00f3n hecha, ser\u00eda un honor para nosotros contar con su presencia. <br>Su palabra, ejemplo y gu\u00eda son cruciales para construir un futuro en el  que la justicia y la equidad prevalezcan.Esta iniciativa naci\u00f3 de una profunda reflexi\u00f3n sobre las tormentas  que enfrentamos y sentimos en nuestra realidad cotidiana. Tras revisar  la Sexta Declaraci\u00f3n de la Selva Lacandona y la Declaraci\u00f3n por la Vida,  decidimos unir esfuerzos para hermanar nuestras luchas entre Pueblos, <br>Tribus, Naciones, Comunidades, Barrios, Organizaciones, Colectiv@s y  activistas de diferentes rincones del planeta que tambi\u00e9n est\u00e1n  comprometidos en defender a la Madre Tierra y la Vida. Desde el inicio, quienes tomamos la iniciativa, sab\u00edamos que  enfrentar\u00edamos a qui\u00e9nes creen tener todas las respuestas y solo  escuchan el dulce sonido de su propia voz. Nos enfrentamos a una amplia  gama de actores, desde quienes est\u00e1n en el poder hasta aquellos que  aunque lo critican, lo abusan en los espacios comunes. Queden tranquilas  las vanguardias, no estamos buscando a sus bases, ni convocando a sus <br>p\u00fablicos cautivos. Se escuchan rumores, mentiras y silencios c\u00f3mplices. <br>Parece que es m\u00e1s f\u00e1cil destruir que construir, juzgar que comprender. <br>Sin embargo, nosotres estamos firmemente comprometidos a dialogar las  diferencias, poniendo lo com\u00fan frente a las adversidades, desde la  honestidad y la profundidad de la palabra compa\u00f1era. Nos dedicamos a la  construcci\u00f3n constante y colectiva porque so\u00f1amos lo imposible y creemos<br>en un futuro mejor.<\/p>El momento para convocarnos es ahora. Este llamado est\u00e1 dirigido a  todas las personas qui\u00e9nes se sienten invisibles, atrapadas en la  desesperaci\u00f3n y la deuda, a menudo abandonadas y solas, a quienes <p>sentimos la necesidad de enfrentarnos juntas y organizadas a las  tormentas que se avecinan. Es una  invitaci\u00f3n a so\u00f1ar en construir o <br>recomenzar nuestros territorios en autonom\u00eda y con libre  autodeterminaci\u00f3n.Hemos sido testigos en diversas geograf\u00edas del planeta del  crecimiento de una \u201cizquierda difuminada\u201d que, poco a poco, revel\u00f3 su  verdadera piel, mostrando su car\u00e1cter neoliberal y profundamente <br>fascista en sus acciones. Esta supuesta alternativa progresista no  protesta contra la militarizaci\u00f3n ni cuestiona los planes imperialistas.<br> Con una mano ofrece programas sociales, mientras con la otra entreg\u00f3  territorios al capital transnacional. En M\u00e9xico, esta izquierda neoliberal puede abrazar a Evo Morales, pero tambi\u00e9n cierra las <br>fronteras a las personas de Centroam\u00e9rica y muestra su desprecio por quienes defienden la tierra y el territorio, reafirmando el programa de despojo, exacerbaci\u00f3n de los extractivismos y apertura al colonialismo verde.Estamos viendo la continuidad de los megaproyectos de capital transnacional que despreciando a los pueblos contin\u00faan imponi\u00e9ndose sobre nuestros territorios, Estos megaproyectos no s\u00f3lo arrasan con la <br>tenencia de la tierra, tambi\u00e9n mutilan la identidad, la cultura, la lengua y la espiritualidad de los pueblos. Denunciamos al mismo tiempo, las imposiciones y complicidades entre gobierno, corporaciones y <br>estructuras criminales para poner al territorio mexicano a jugar en una apuesta de transici\u00f3n energ\u00e9tica contrapuesta a los intereses de los pueblos y sus territorios.Quienes convocamos al Encuentro Global por el Clima y la Vida buscamos construir desde abajo, con una organizaci\u00f3n s\u00f3lida que recupera las numerosas luchas en defensa de la vida y el territorio de nuestros pueblos. Queremos evitar imponer agendas para escucharnos entre pares, siempre con la lucha por la vida como nuestro horizonte com\u00fan.<\/p>En nuestro encuentro, queremos permitirnos so\u00f1ar con un di\u00e1logo enriquecedor entre movimientos, pueblos, organizaciones, colectivos y activistas. Queremos replantear nuestras estrategias y avanzar m\u00e1s all\u00e1 de la denuncia, hacia acciones concretas y transformadoras.<br><br>\u00bfQu\u00e9 camino tomaremos despu\u00e9s del Encuentro Global? Esa decisi\u00f3n la  tomaremos juntas, juntos, juntes. Nos escuchamos en Oaxaca, dispuestos a  escribir el pr\u00f3ximo cap\u00edtulo de nuestra historia compartida.<br><br><br>NOTA: El programa general sigue en construcci\u00f3n, ser\u00e1 publicado durante la mitad del mes de octubre.<br>NOTA_2: Seguimos respondiendo correos y mensajes, si no has recibido respuesta, insistente mandando la frase \u201ca ver a ver a qu\u00e9 horas\u201d. <p>Gracias.<\/p><br><strong><em>ENG \ud83d\udc47\ud83c\udffe<\/em><\/strong><br><br><strong>Second callTo where and with whom do we sail?<\/strong><br><\/div><\/article><\/main><\/div><\/div><\/div><\/div><\/p>\n\n\n\n<p><div id=\"page\" class=\"site\"><div id=\"content\" class=\"site-content clear\"><div class=\"col-width\"><div id=\"primary\" class=\"content-area\"><main id=\"main\" class=\"site-main\" role=\"main\"><article id=\"post-5250\" class=\"post-5250 post type-post status-publish format-standard hentry category-uncategorized clear-fix  has-post-thumbnail fallback-thumbnail\"><div class=\"entry-content\">To the Zapatista Army of National Liberation (EZLN)<br><br>To the National Indigenous Congress \u2013 Indigenous Council of Government (CNI)<br>To the Peoples, Tribes, Nations, Communities, Neighborhoods, Organizations, Collectives and activists who struggle to defend Mother Earth by resisting and building autonomy in all corners of the Global <p>South (Oaxaca, Mexico and the World)To the free, communitary, alternative, independent and independent media<\/p><p>To those who defend life with their very lives<\/p><br><p>We are less than two months away from the Global Encuentro for  Climate and Life \u2013 ANTICOP 2024, at a crucial moment that calls to unite our forces and hearts around a common cause: the defense of Mother <br>Earth. On our journey towards November, we have already started the dialogues in our virtual forums (<a href=\"https:\/\/mirrorssouthglobal.org\" rel=\"nofollow\">https:\/\/mirrorssouthglobal.org<\/a>). These exchanges serve as a preamble to the work that awaits us, helping us to refine our proposals and strategies.<\/p>In this second call, we want to name our sisters of the EZLN and the CNI-CIG, because their example and their steps have taught us to embrace with strength the struggle against capitalism, patriarchy and <p>colonialism\u2014to work every day for that world where many worlds flourish.<br> Their courage and perseverance inspire us to move forward, even when the challenges seem overwhelming. We insist on our invitation. It would be an honor for us to have your presence. Your word, example and guidance are crucial to build a future where justice and equity prevail.<\/p><p>This initiative was born out of a deep reflection on the tempests we face and feel in our daily reality. After reviewing the Sixth Declaration of the Lacandon Jungle and the Declaration for Life, we decided to join efforts to unite our struggles among Peoples, Tribes, Nations, Communities, Neighborhoods, Organizations, Collectives and activists from different corners of the planet who are also committed to<br> defend Mother Earth and Life.<\/p><p>From the beginning, those of us who took the initiative knew that we would face those who believe they have all the answers and only listen to the sweet sound of their own voice. We face a wide range of actors, from those who are in power to those who\u2014even while criticizing it\u2014abuse it in common spaces. Let the vanguards rest assured, we are not looking for their bases, nor are we summoning their captive audiences. Rumors, lies and complicit silences are heard. It seems that it is easier to destroy than to build, to judge than to understand. However, we are firmly committed to dialogue the differences, putting the common in the face of adversities, from the honesty and depth of the comrade word. We are dedicated to constant and collective construction because we dream the impossible and believe in a better future.<\/p><p>The time to convene is now. This call is addressed to all people who feel invisible, trapped in despair and debt, often abandoned and alone\u2014to those of us who feel the need to face the storms ahead together<br> and organized. It is an invitation to dream of building or restarting our territories in autonomy and free self-determination.<\/p><p>We have witnessed in various geographies of the planet the growth of a \u201cblurred left\u201d that, little by little, revealed its true skin, showing its neoliberal and deeply fascist character in its actions. This  supposedly progressive alternative does not protest against militarization or question imperialist plans. With one hand it offers social programs, while with the other it hands over territories to transnational capital. In Mexico, this neoliberal left may embrace Evo Morales, but it also closes the borders to people from Central America and shows its contempt for those who defend land and territory, reaffirming the program of dispossession, exacerbation of extractivism and openness to green colonialism.<\/p><p>We are seeing the continuity of the megaprojects of transnational capital that, despising the peoples, continue to impose themselves on our territories. These megaprojects not only destroy land tenure, but <br>also mutilate the identity, culture, language and spirituality of the peoples. We denounce at the same time, the impositions and complicities between government, corporations and criminal structures to put the Mexican territory to play in an energy transition bet against the interests of the peoples and their territories.<\/p><p>Those of us who call for the Global Encuentro for Climate and Life seek to build from below, with a solid organization that recovers the numerous struggles in defense of life and territory of our peoples. We <br>want to avoid imposing agendas in order to listen to each other, always with the struggle for life as our common horizon.<\/p><p>In our meeting, we want to allow ourselves to dream of an enriching dialogue between movements, peoples, organizations, collectives and activists. We want to rethink our strategies and move beyond <br>denunciation, towards concrete and transformative actions.<\/p><p>What path will we take after the Global Gathering? We will make that decision together. Together. Together. We will listen to each other in Oaxaca, ready to write the next chapter of our shared history.<\/p><br><p>NOTE: The general program is still under construction, it will be published during the middle of October.<\/p><p>NOTE_2: We are still answering emails and messages, if you have not received a reply, please insist by sending the phrase \u201ca ver a ver a qu\u00e9 horas\u201d. Thank you.<\/p><br><p><strong><em>\ud83d\udd25\ud83c\udf31 \ud83d\udc47\ud83c\udffe<\/em><\/strong><\/p><p>Por la comisi\u00f3n de Organizaci\u00f3n y Coordinaci\u00f3n \/ By the Organization and Coordination Committee:<\/p>Comunidad Ind\u00edgena Binniz\u00e1 de Puente Madera, Organizaciones Indias por los Derechos Humanos en Oaxaca (OIDHO), Asamblea de los Pueblos ind\u00edgenas del Istmo en Defensa de la Tierra y el Territorio (APIIDTT), Consejo Regional Aut\u00f3noma de la Zona Costa de Chiapas, Coordinadora <p>Regional de Acci\u00f3n Solidaria (CORASON), Centro de Investigaci\u00f3n en Comunicaci\u00f3n Comunitaria, Centro de Derechos Humanos \u2013 Digna Ochoa, Centro de Derechos Humanos \u2013 ESPADAC, Laboratorio Popular de Medios Libres, Colectivo LEGAIA, Deuda por el Clima M\u00e9xico. Frente de Organizaciones Oaxaque\u00f1as \u2013 FORO: Comit\u00e9 por la Defensa de los Derechos Ind\u00edgenas \u2013 CODEDI, Comit\u00e9 de Defensa de los Derechos de los Pueblos de Oaxaca \u2013 CODEPO, Frente Ind\u00edgena Zapoteca \u2013 FIZ, Consejo de Comunidades Ind\u00edgenas de la Sierra Sur \u2013 COCISS, Uni\u00f3n Nacional de Trabajadores Agr\u00edcolas \u2013 UNTA, APIIDTT.<\/p><br>Organizaciones, colectiv@s y procesos que co.convocan en respaldo \/ <p>Organizations, groups and processes that co-convene in support:<\/p><p>El Istmo es Nuestro, Comit\u00e9 Nacional para la Defensa y Conservaci\u00f3n de los Chimalapa, Maderas del Pueblo del Sureste, Asamblea Vecinal Nos Queremos Vivas Neza, ECOOS \u2013 Escuela de Econom\u00eda Social, Zona de Creaci\u00f3n, CEACOMUN, Observatorio de Industrias Extractivas, \u00d1uu Jnama <br>Yuku, ENGENERA \u2013 Energ\u00eda, G\u00e9nero y Ambiente A.C. Colectiva Las Nietas, Contaminantes Anonimus, Red Tierra Com\u00fan, Red Feminista de Investigaci\u00f3n en IA, La Cuadra Provoca Ciudad A.C. \/ Huerto Roma Verde, Invetia, Nd\u00fa Xac\u00faa, Nuestros Datos.org, Ollin Quetza, Bolet\u00edn Socioambiental CDMX y <br>\u00c1rea Metropolitana. Tierra Resiliente, M\u00e1s M\u00fasica \u2013 Menos Balas, Pacto Ecosocial del Sur, Extinci\u00f3n o Rebeli\u00f3n (Ecuador), Comit\u00e9 Campesino del Altiplano \u2013 CCDA- (Guatemala), Slow Food (Brasil), Red de Cooperaci\u00f3n Amaz\u00f3nica REDCAM (Venezuela), Centro Internacional de Investigaci\u00f3n PIRKA (Argentina), Musa Community Development and Sustainability Organization (Zambia, \u00c1frica), Plataforma Global (El Salvador), Associazione Ya Basta \u00cad\u00ee Bese (Nordeste, Italia), Friends of Mother Earth (Bolivia \/ California), Proyecto Social y EcoPedag\u00f3gico Tierra Bonita (Colombia), Tejiendo Pensamiento (Colombia), Instituto para el Desarrollo sostenible de la mujer ind\u00edgena Lenca de Honduras IDESMULH (Honduras), Movimiento Ind\u00edgena para la Integraci\u00f3n de las Luchas de los Pueblos Ancestrales de El Salvador \u2013 MILPA (El Salvador), Aquelarre (Rep\u00fablica Dominicana), IDNOVA (Imagination for  Development and the Nature Of Values (Aruba, Caribe), Dandelions (USA), Frente de Justicia Ecosocial (Finlandia), Xicana Tiahui de Chicanx World Making and Futurities Project (EEUU), InsightShare with La Marabunta Filmadora (UK-Mx). Terra Insumisa Alcamo (Italia).<\/p><br><br><br><h3 class=\"wp-block-heading\">#ANTICOP2024 #ClimateAndLifeGathering #GlobalSouth #MirrorsGlobalSouth #NovOaxMex #ClimateJustice \ud83c\udf0d\u2764\ufe0f<\/h3><br><br><figure class=\"wp-block-image size-large\"><img loading=\"lazy\" decoding=\"async\" data-attachment-id=\"5249\" data-permalink=\"https:\/\/tierrayterritorio.wordpress.com\/2024\/09\/23\/segunda-llamada-encuentro-global-por-el-clima-y-la-vida-oax-mx-nov-2024\/eltextodelprrafo_20240923_134041_00004814517867029831376\/\" data-orig-file=\"https:\/\/tierrayterritorio.wordpress.com\/wp-content\/uploads\/2024\/09\/eltextodelpc3a1rrafo_20240923_134041_00004814517867029831376.jpg\" data-orig-size=\"1080,1080\" data-comments-opened=\"1\" data-image-meta=\"{&quot;aperture&quot;:&quot;0&quot;,&quot;credit&quot;:&quot;&quot;,&quot;camera&quot;:&quot;&quot;,&quot;caption&quot;:&quot;&quot;,&quot;created_timestamp&quot;:&quot;0&quot;,&quot;copyright&quot;:&quot;&quot;,&quot;focal_length&quot;:&quot;0&quot;,&quot;iso&quot;:&quot;0&quot;,&quot;shutter_speed&quot;:&quot;0&quot;,&quot;title&quot;:&quot;&quot;,&quot;orientation&quot;:&quot;1&quot;}\" data-image-title=\"el texto del p\u00e1rrafo_20240923_134041_00004814517867029831376.\" data-image-description=\"\" data-image-caption=\"\" data-medium-file=\"https:\/\/tierrayterritorio.wordpress.com\/wp-content\/uploads\/2024\/09\/eltextodelpc3a1rrafo_20240923_134041_00004814517867029831376.jpg?w=300\" data-large-file=\"https:\/\/tierrayterritorio.wordpress.com\/wp-content\/uploads\/2024\/09\/eltextodelpc3a1rrafo_20240923_134041_00004814517867029831376.jpg?w=1024\" tabindex=\"0\" role=\"button\" width=\"1024\" height=\"1024\" class=\"wp-image-5249\" src=\"https:\/\/tierrayterritorio.wordpress.com\/wp-content\/uploads\/2024\/09\/eltextodelpc3a1rrafo_20240923_134041_00004814517867029831376.jpg?w=1024\" alt=\"\"><\/figure><br><br><br><br><figure class=\"wp-block-image\"><img loading=\"lazy\" decoding=\"async\" data-attachment-id=\"5248\" data-permalink=\"https:\/\/tierrayterritorio.wordpress.com\/2024\/09\/23\/segunda-llamada-encuentro-global-por-el-clima-y-la-vida-oax-mx-nov-2024\/eltextodelprrafo_20240923_134041_00017936808456254262084\/\" data-orig-file=\"https:\/\/tierrayterritorio.wordpress.com\/wp-content\/uploads\/2024\/09\/eltextodelpc3a1rrafo_20240923_134041_00017936808456254262084.jpg\" data-orig-size=\"1080,1080\" data-comments-opened=\"1\" data-image-meta=\"{&quot;aperture&quot;:&quot;0&quot;,&quot;credit&quot;:&quot;&quot;,&quot;camera&quot;:&quot;&quot;,&quot;caption&quot;:&quot;&quot;,&quot;created_timestamp&quot;:&quot;0&quot;,&quot;copyright&quot;:&quot;&quot;,&quot;focal_length&quot;:&quot;0&quot;,&quot;iso&quot;:&quot;0&quot;,&quot;shutter_speed&quot;:&quot;0&quot;,&quot;title&quot;:&quot;&quot;,&quot;orientation&quot;:&quot;1&quot;}\" data-image-title=\"el texto del p\u00e1rrafo_20240923_134041_00017936808456254262084.\" data-image-description=\"\" data-image-caption=\"\" data-medium-file=\"https:\/\/tierrayterritorio.wordpress.com\/wp-content\/uploads\/2024\/09\/eltextodelpc3a1rrafo_20240923_134041_00017936808456254262084.jpg?w=300\" data-large-file=\"https:\/\/tierrayterritorio.wordpress.com\/wp-content\/uploads\/2024\/09\/eltextodelpc3a1rrafo_20240923_134041_00017936808456254262084.jpg?w=1024\" tabindex=\"0\" role=\"button\" width=\"1024\" height=\"1024\" class=\"wp-image-5248\" src=\"https:\/\/tierrayterritorio.wordpress.com\/wp-content\/uploads\/2024\/09\/eltextodelpc3a1rrafo_20240923_134041_00017936808456254262084.jpg?w=1024\" alt=\"\"><\/figure><br>\t\t\t<\/div><\/article><\/main><\/div><\/div><\/div><\/div><\/p>\n","protected":false},"excerpt":{"rendered":"<p>(ESP\/ENG) Segunda llamada\u00bfA d\u00f3nde y con qui\u00e9n navegamos? Al Ej\u00e9rcito Zapatista de Liberaci\u00f3n Nacional Al Congreso Nacional Ind\u00edgena \u2013 Concejo Ind\u00edgena de Gobierno A los Pueblos, Tribus, Naciones, Comunidades, Barrios, Organizaciones, Colectiv@s y activistas que luchan por defender a la Madre Tierra resistiendo y construyendo autonom\u00eda en todos los rincones del Sur Global (Oaxaca, M\u00e9xico [&hellip;]<\/p>\n","protected":false},"author":21,"featured_media":48957,"comment_status":"open","ping_status":"closed","sticky":false,"template":"","format":"standard","meta":{"footnotes":""},"categories":[957,51,1284,826,958,953,935],"tags":[58,53,567,147,23,545,87,27,483],"class_list":["post-48955","post","type-post","status-publish","format-standard","has-post-thumbnail","hentry","category-autonomia","category-autor","category-latinoamerica","category-medios-libres-2","category-megaproyectos","category-mundo","category-temas","tag-derechos-humanos","tag-justicia","tag-megaproyectos","tag-militarizacion","tag-paramilitares","tag-pueblos-indigenas","tag-represion","tag-solidaridad","tag-tierra-y-territorio"],"_links":{"self":[{"href":"https:\/\/radiozapatista.org\/index.php?rest_route=\/wp\/v2\/posts\/48955","targetHints":{"allow":["GET"]}}],"collection":[{"href":"https:\/\/radiozapatista.org\/index.php?rest_route=\/wp\/v2\/posts"}],"about":[{"href":"https:\/\/radiozapatista.org\/index.php?rest_route=\/wp\/v2\/types\/post"}],"author":[{"embeddable":true,"href":"https:\/\/radiozapatista.org\/index.php?rest_route=\/wp\/v2\/users\/21"}],"replies":[{"embeddable":true,"href":"https:\/\/radiozapatista.org\/index.php?rest_route=%2Fwp%2Fv2%2Fcomments&post=48955"}],"version-history":[{"count":1,"href":"https:\/\/radiozapatista.org\/index.php?rest_route=\/wp\/v2\/posts\/48955\/revisions"}],"predecessor-version":[{"id":48956,"href":"https:\/\/radiozapatista.org\/index.php?rest_route=\/wp\/v2\/posts\/48955\/revisions\/48956"}],"wp:featuredmedia":[{"embeddable":true,"href":"https:\/\/radiozapatista.org\/index.php?rest_route=\/wp\/v2\/media\/48957"}],"wp:attachment":[{"href":"https:\/\/radiozapatista.org\/index.php?rest_route=%2Fwp%2Fv2%2Fmedia&parent=48955"}],"wp:term":[{"taxonomy":"category","embeddable":true,"href":"https:\/\/radiozapatista.org\/index.php?rest_route=%2Fwp%2Fv2%2Fcategories&post=48955"},{"taxonomy":"post_tag","embeddable":true,"href":"https:\/\/radiozapatista.org\/index.php?rest_route=%2Fwp%2Fv2%2Ftags&post=48955"}],"curies":[{"name":"wp","href":"https:\/\/api.w.org\/{rel}","templated":true}]}}