{"id":48856,"date":"2024-09-09T19:11:25","date_gmt":"2024-09-10T01:11:25","guid":{"rendered":"https:\/\/radiozapatista.org\/?p=48856"},"modified":"2024-09-09T19:11:26","modified_gmt":"2024-09-10T01:11:26","slug":"ejecuciones-tortura-y-violencia-provocan-desplazamiento-de-cientos-en-michoacan","status":"publish","type":"post","link":"https:\/\/radiozapatista.org\/?p=48856","title":{"rendered":"Ejecuciones, tortura y violencia provocan desplazamiento de cientos en Michoac\u00e1n"},"content":{"rendered":"\n<p>Fuente: <a href=\"https:\/\/avispa.org\/ejecuciones-tortura-y-violencia-provocan-desplazamiento-de-cientos-en-michoacan\/\">Avispa Midia<\/a><\/p>\n\n\n\n<p>Por Sare Frabes<\/p>\n\n\n\n<p><em><sup>En portada: Familias desplazadas forzadamente se manifiestan para exigir atenci\u00f3n de autoridades estatales.<\/sup><\/em><\/p>\n\n\n\n<p>Habitantes de la comunidad nahua de El Coire, en la regi\u00f3n Costa-Sierra de Michoac\u00e1n, alertaron que desde hace tres semanas se registran ataques armados en su contra, as\u00ed como en otras poblaciones ind\u00edgenas del municipio de Aquila, Coahuayana y Chiniquila, dejando tras ello un saldo de tres asesinatos y 251 personas quienes han sido desplazadas forzadamente de sus hogares.<\/p>\n\n\n\n<p>La comunidad, con casi 60 mil hect\u00e1reas de tierras comunales y vecina de la poblaci\u00f3n nahua de Santa Mar\u00eda Ostula \u2013 cuya poblaci\u00f3n tambi\u00e9n ha&nbsp;<a href=\"https:\/\/avispa.org\/comunidad-nahua-de-ostula-denuncia-ataques-continuos-del-crimen-organizado\/\">denunciado ataques armados<\/a>&nbsp;continuos por parte del crimen organizado \u2013, se\u00f1ala que las mayores agresiones fueron cometidas entre el 13 y 19 de agosto.<\/p>\n\n\n\n<p>Una alerta emitida por la articulaci\u00f3n de organizaciones de derechos humanos RedTDT detalla que, del total de los desplazados, 125 de ellos son menores de 17 a\u00f1os. A su vez, especifica que los asesinados son Rafael Bautista Cruz, de la comunidad de Estopila; Eutimio Medina Herrera, de Chacalapa; mientras los comuneros desaparecidos son los hermanos Miguel, Antonio y Filiberto Orcino Oliveros, adem\u00e1s de Te\u00f3dulo \u00c1lvarez Renter\u00eda (menor de edad), y los hermanos Rodrigo y Ren\u00e9 Mares Doroteo e Israel \u00c1ngel Mart\u00ednez (tambi\u00e9n menor de edad).<\/p>\n\n\n\n<p>La misma Red registra decenas de personas torturadas, incluidos casos de violaci\u00f3n sexual contra mujeres, as\u00ed como robos y saqueos de viviendas y comercios.<\/p>\n\n\n\n<p>Las organizaciones de derechos humanos aseveran que, desde hace meses, han solicitado la atenci\u00f3n de las autoridades para detener m\u00faltiples ataques registrados contra habitantes de comunidades ind\u00edgenas nahuas en Santa Mar\u00eda Ostula y Coire, ambas localizadas en el municipio de Aquila; as\u00ed como de El Camalote y El Amatique en el municipio de Coahuayana y de las poblaciones nahuas de Huizontla, Coahuayula y El Salitre de Estopila, ubicadas en el municipio de Chinicuila.<\/p>\n\n\n\n<p>\u201cDesde el mes de febrero la comunidad ind\u00edgena de Santa Mar\u00eda Ostula ha exigido a los gobiernos federal y del estado que establezcan una base de operaciones en la colindancia de los municipios de Aquila y Chinicuila, como una forma de detener los ataques por parte del grupo criminal\u201d, sostiene la RedTDT.<\/p>\n\n\n\n<h3 class=\"wp-block-heading\" id=\"h-desplazados\"><strong>Desplazados<\/strong><\/h3>\n\n\n\n<p>Aunque inicialmente las autoridades del municipio de Aquila se\u00f1alaron haber registrado a 211 personas desplazadas, tras un conteo en el Auditorio Comunal, donde se refugian las familias, se contabiliz\u00f3 un total de 251 personas desplazadas. Cabe mencionar que, acorde a la RedTDT, el n\u00famero puede ser mucho mayor a los registros hasta ahora efectuados por los funcionarios locales.<\/p>\n\n\n\n<p>Testimonios de los desplazados aseguran que abandonaron sus hogares desde los primeros d\u00edas de septiembre debido al temor por los actos criminales acontecidos en El Coire, por lo que huyeron rumbo a Coahuayana, La Placita y hacia la cabecera de Aquila. Informaci\u00f3n recibida por la RedTDT sostiene que, as\u00ed como El Coire, Chacalapa, Zilapa, El Diezmo y El Salitre son poblaciones que actualmente lucen despobladas.<\/p>\n\n\n\n<figure class=\"wp-block-image\"><a href=\"https:\/\/avispa.org\/wp-content\/uploads\/2024\/09\/240814-Coire-militares.jpeg\"><img decoding=\"async\" src=\"https:\/\/avispa.org\/wp-content\/uploads\/2024\/09\/240814-Coire-militares.jpeg\" alt=\"\" class=\"wp-image-117939\"\/><\/a><figcaption class=\"wp-element-caption\"><em><sup>Militares ingresaron brevemente a la comunidad Nahua de El Coire.<\/sup><\/em><\/figcaption><\/figure>\n\n\n\n<p>M\u00e1s preocupante para los defensores de derechos humanos es que, de acuerdo a su documentaci\u00f3n, las agresiones criminales ocurrieron ante \u201cla inacci\u00f3n del Ej\u00e9rcito Mexicano, la Marina Armada de M\u00e9xico, la Guardia Nacional y la Guardia Civil, ya que el batall\u00f3n del Ej\u00e9rcito ubicado en la cabecera comunal de El Coire permaneci\u00f3 -en el poblado nahua- solamente por menos de dos horas el 13 de agosto\u201d.&nbsp;Consultados por medios locales, habitantes aseguran que la poblaci\u00f3n nahua&nbsp;<a href=\"https:\/\/www.jornada.com.mx\/2024\/09\/08\/estados\/024n1est\">ha carecido del apoyo tanto del Ej\u00e9rcito, la Marina, Guardia Nacional y Civil<\/a>.<\/p>\n\n\n\n<h3 class=\"wp-block-heading\" id=\"h-infiltraciones\"><strong>Infiltraciones<\/strong><\/h3>\n\n\n\n<p>Informaci\u00f3n recibida por la RedTDT contextualiza que fue desde hace mas de un a\u00f1o que un grupo criminal se infiltr\u00f3 en la comunidad de El Coire a trav\u00e9s del autogobierno ind\u00edgena formado en aquella poblaci\u00f3n desde principios del a\u00f1o 2023.<\/p>\n\n\n\n<p>Las organizaciones de derechos humanos acusan de \u201cprobable complicidad\u201d al ex comisariado de bienes comunales, Celerino \u00c1lvarez Mauricio, \u201cquien a pesar de haber concluido su gesti\u00f3n el pasado 15 de junio, no quiso convocar la asamblea de elecci\u00f3n del nuevo comisariado\u201d.&nbsp;<\/p>\n\n\n\n<p>Ante esta situaci\u00f3n, detallan, la comunidad se vio envuelta en una ola de violencia que deriv\u00f3 en ejecuciones extrajudiciales por parte de integrantes de la guardia comunal. Entre ellas destacan el asesinato de Jes\u00fas Pantale\u00f3n \u00c1lvarez Renter\u00eda, acontecido el 27 de junio del 2023; as\u00ed como del homicidio de Juan Orcino Reyes -previamente torturado- el 5 de julio del mismo a\u00f1o y el asesinato de Cipriano Medina Renter\u00eda el 29 de mayo del 2024.<\/p>\n\n\n\n<h3 class=\"wp-block-heading\" id=\"h-promesas\"><strong>Promesas<\/strong><\/h3>\n\n\n\n<p>Apenas el pasado domingo (8), el secretario de Gobierno de Michoac\u00e1n, Carlos Torres Pi\u00f1a, se aperson\u00f3 en el municipio de Aquila, desde donde anunci\u00f3 \u201ctodo el apoyo del gobernador Alfredo Ram\u00edrez Bedolla al autogobierno de El Coire, para superar la situaci\u00f3n de inseguridad\u201d que se registra en la regi\u00f3n.&nbsp;<\/p>\n\n\n\n<figure class=\"wp-block-image\"><a href=\"https:\/\/avispa.org\/wp-content\/uploads\/2024\/09\/240908-Coire-1.jpeg\"><img decoding=\"async\" src=\"https:\/\/avispa.org\/wp-content\/uploads\/2024\/09\/240908-Coire-1.jpeg\" alt=\"\" class=\"wp-image-117940\"\/><\/a><figcaption class=\"wp-element-caption\"><em><sup>Reuni\u00f3n de funcionarios estatales y fuerzas de seguridad el pasado domingo 8 de septiembre en la cabecera municipal de Aquila.<\/sup><\/em><\/figcaption><\/figure>\n\n\n\n<p>El funcionario estatal, acompa\u00f1ado de autoridades de los cuerpos de seguridad de Michoac\u00e1n, as\u00ed como del 85 Batall\u00f3n de Infanter\u00eda y representantes de la Secretar\u00eda de la Marina (Semar), asegur\u00f3 que el gobierno atiende las denuncias de violencia y que, para ello, ya dieron inicio a recorridos con elementos del ej\u00e9rcito en la regi\u00f3n afectada por la inseguridad.<\/p>\n","protected":false},"excerpt":{"rendered":"<p>Fuente: Avispa Midia Por Sare Frabes En portada: Familias desplazadas forzadamente se manifiestan para exigir atenci\u00f3n de autoridades estatales. Habitantes de la comunidad nahua de El Coire, en la regi\u00f3n Costa-Sierra de Michoac\u00e1n, alertaron que desde hace tres semanas se registran ataques armados en su contra, as\u00ed como en otras poblaciones ind\u00edgenas del municipio de [&hellip;]<\/p>\n","protected":false},"author":21,"featured_media":48857,"comment_status":"open","ping_status":"closed","sticky":false,"template":"","format":"standard","meta":{"footnotes":""},"categories":[957,51,826,958,954,935],"tags":[58,782,53,567,147,23,545,87,148,27,483,187],"class_list":["post-48856","post","type-post","status-publish","format-standard","has-post-thumbnail","hentry","category-autonomia","category-autor","category-medios-libres-2","category-megaproyectos","category-mexico","category-temas","tag-derechos-humanos","tag-desplazamiento-forzado","tag-justicia","tag-megaproyectos","tag-militarizacion","tag-paramilitares","tag-pueblos-indigenas","tag-represion","tag-resistencia","tag-solidaridad","tag-tierra-y-territorio","tag-tortura"],"_links":{"self":[{"href":"https:\/\/radiozapatista.org\/index.php?rest_route=\/wp\/v2\/posts\/48856","targetHints":{"allow":["GET"]}}],"collection":[{"href":"https:\/\/radiozapatista.org\/index.php?rest_route=\/wp\/v2\/posts"}],"about":[{"href":"https:\/\/radiozapatista.org\/index.php?rest_route=\/wp\/v2\/types\/post"}],"author":[{"embeddable":true,"href":"https:\/\/radiozapatista.org\/index.php?rest_route=\/wp\/v2\/users\/21"}],"replies":[{"embeddable":true,"href":"https:\/\/radiozapatista.org\/index.php?rest_route=%2Fwp%2Fv2%2Fcomments&post=48856"}],"version-history":[{"count":1,"href":"https:\/\/radiozapatista.org\/index.php?rest_route=\/wp\/v2\/posts\/48856\/revisions"}],"predecessor-version":[{"id":48858,"href":"https:\/\/radiozapatista.org\/index.php?rest_route=\/wp\/v2\/posts\/48856\/revisions\/48858"}],"wp:featuredmedia":[{"embeddable":true,"href":"https:\/\/radiozapatista.org\/index.php?rest_route=\/wp\/v2\/media\/48857"}],"wp:attachment":[{"href":"https:\/\/radiozapatista.org\/index.php?rest_route=%2Fwp%2Fv2%2Fmedia&parent=48856"}],"wp:term":[{"taxonomy":"category","embeddable":true,"href":"https:\/\/radiozapatista.org\/index.php?rest_route=%2Fwp%2Fv2%2Fcategories&post=48856"},{"taxonomy":"post_tag","embeddable":true,"href":"https:\/\/radiozapatista.org\/index.php?rest_route=%2Fwp%2Fv2%2Ftags&post=48856"}],"curies":[{"name":"wp","href":"https:\/\/api.w.org\/{rel}","templated":true}]}}