{"id":48853,"date":"2024-09-09T11:10:28","date_gmt":"2024-09-09T17:10:28","guid":{"rendered":"https:\/\/radiozapatista.org\/?p=48853"},"modified":"2024-09-09T11:10:30","modified_gmt":"2024-09-09T17:10:30","slug":"comunicado-del-movimiento-agrario-indigena-zapatista-por-la-localizacion-con-vida-de-sus-companeros-desaparecidos","status":"publish","type":"post","link":"https:\/\/radiozapatista.org\/?p=48853","title":{"rendered":"Comunicado del Movimiento Agrario Ind\u00edgena Zapatista por la localizaci\u00f3n con vida de sus compa\u00f1eros desaparecidos"},"content":{"rendered":"\n<p>A los medios de comunicaci\u00f3n.<br>A la opini\u00f3n p\u00fablica nacional e internacional.<br>Al Congreso Nacional Ind\u00edgena.<br>A las organizaciones de derechos humanos, sociales y democr\u00e1ticas.<br>A la Comisi\u00f3n Nacional de los Derechos Humanos.<br>A la Comisi\u00f3n Nacional de B\u00fasqueda.<br>Amnist\u00eda Internacional.<br>A la Oficina del Alto Comisionado de las Naciones Unidas para los Derechos Humanos (ACNUDH).<\/p>\n\n\n\n<p>El d\u00eda 1 de septiembre hicimos p\u00fablico un bolet\u00edn de b\u00fasqueda y exigencia de presentaci\u00f3n con vida de: Everardo Antonio Cruz, Fabi\u00e1n Leonel L\u00f3pez Pe\u00f1a, Justino L\u00f3pez Ortiz, y Eva Pe\u00f1a Cruz, cuatro compa\u00f1eros de la comunidad de San Miguel Monte Verde, pertenecientes al municipio de San Antonino Monte Verde, Oaxaca, y miembros del Movimiento Agrario Ind\u00edgena Zapatista. En \u00e9l informamos que el d\u00eda 20 de agosto de 2024 hab\u00edan sido detenidos y desaparecidos en un ret\u00e9n militar en Santa Rosal\u00eda, Camargo, Chihuahua.<\/p>\n\n\n\n<p>Queremos compartir con ustedes la gran noticia de que nuestros compa\u00f1eros fueron localizados con vida y que se encuentran con sus familias en buen estado de salud. Por ello, manifestamos que la fuerza de la solidaridad y la unidad en nuestras acciones dejan huella. Expresamos nuestra profunda gratitud por todas las muestras de fraternidad y cooperaci\u00f3n recibidas de los diversos medios de comunicaci\u00f3n, colectivos de familiares de desaparecidos, organizaciones sociales y personas que se sumaron a la exigencia de localizaci\u00f3n, ubicaci\u00f3n y presentaci\u00f3n con vida de nuestros compa\u00f1eros. Esa solidaridad ha hecho posible el retorno de nuestros seres queridos.<\/p>\n\n\n\n<p>Al mismo tiempo, debido a cuestiones de seguridad para nuestros compa\u00f1eros y sus familias, sabemos que entender\u00e1n que no podemos proporcionar mayores detalles. No obstante, compartimos nuestra alegr\u00eda con todas nuestras familias y agradecemos especialmente a los medios de comunicaci\u00f3n por su invaluable labor. Abrazamos la lucha de todas y todos aquellos que est\u00e1n en la b\u00fasqueda de sus seres queridos, as\u00ed como la de quienes, por su compromiso con la justicia y la verdad, han sido desaparecidos, como en el caso de Sergio Rivera Hern\u00e1ndez.<\/p>\n\n\n\n<p>\u00a1La unidad nos fortalece!<br>\u00a1Vivos se los llevaron, vivos los queremos!<br>\u00a1Que nadie se quede atr\u00e1s en esta lucha por la justicia!<br>\u00a1Porque su regreso es nuestra victoria colectiva!<\/p>\n\n\n\n<p>Atentamente<\/p>\n\n\n\n<p>Movimiento Agrario Ind\u00edgena Zapatista.<\/p>\n","protected":false},"excerpt":{"rendered":"<p>A los medios de comunicaci\u00f3n.A la opini\u00f3n p\u00fablica nacional e internacional.Al Congreso Nacional Ind\u00edgena.A las organizaciones de derechos humanos, sociales y democr\u00e1ticas.A la Comisi\u00f3n Nacional de los Derechos Humanos.A la Comisi\u00f3n Nacional de B\u00fasqueda.Amnist\u00eda Internacional.A la Oficina del Alto Comisionado de las Naciones Unidas para los Derechos Humanos (ACNUDH). El d\u00eda 1 de septiembre hicimos [&hellip;]<\/p>\n","protected":false},"author":21,"featured_media":48854,"comment_status":"open","ping_status":"closed","sticky":false,"template":"","format":"standard","meta":{"footnotes":""},"categories":[957,51,826,954,962,935],"tags":[58,53,567,147,545,87,148,27,483],"class_list":["post-48853","post","type-post","status-publish","format-standard","has-post-thumbnail","hentry","category-autonomia","category-autor","category-medios-libres-2","category-mexico","category-presos","category-temas","tag-derechos-humanos","tag-justicia","tag-megaproyectos","tag-militarizacion","tag-pueblos-indigenas","tag-represion","tag-resistencia","tag-solidaridad","tag-tierra-y-territorio"],"_links":{"self":[{"href":"https:\/\/radiozapatista.org\/index.php?rest_route=\/wp\/v2\/posts\/48853","targetHints":{"allow":["GET"]}}],"collection":[{"href":"https:\/\/radiozapatista.org\/index.php?rest_route=\/wp\/v2\/posts"}],"about":[{"href":"https:\/\/radiozapatista.org\/index.php?rest_route=\/wp\/v2\/types\/post"}],"author":[{"embeddable":true,"href":"https:\/\/radiozapatista.org\/index.php?rest_route=\/wp\/v2\/users\/21"}],"replies":[{"embeddable":true,"href":"https:\/\/radiozapatista.org\/index.php?rest_route=%2Fwp%2Fv2%2Fcomments&post=48853"}],"version-history":[{"count":1,"href":"https:\/\/radiozapatista.org\/index.php?rest_route=\/wp\/v2\/posts\/48853\/revisions"}],"predecessor-version":[{"id":48855,"href":"https:\/\/radiozapatista.org\/index.php?rest_route=\/wp\/v2\/posts\/48853\/revisions\/48855"}],"wp:featuredmedia":[{"embeddable":true,"href":"https:\/\/radiozapatista.org\/index.php?rest_route=\/wp\/v2\/media\/48854"}],"wp:attachment":[{"href":"https:\/\/radiozapatista.org\/index.php?rest_route=%2Fwp%2Fv2%2Fmedia&parent=48853"}],"wp:term":[{"taxonomy":"category","embeddable":true,"href":"https:\/\/radiozapatista.org\/index.php?rest_route=%2Fwp%2Fv2%2Fcategories&post=48853"},{"taxonomy":"post_tag","embeddable":true,"href":"https:\/\/radiozapatista.org\/index.php?rest_route=%2Fwp%2Fv2%2Ftags&post=48853"}],"curies":[{"name":"wp","href":"https:\/\/api.w.org\/{rel}","templated":true}]}}