{"id":48808,"date":"2024-09-05T22:51:42","date_gmt":"2024-09-06T04:51:42","guid":{"rendered":"https:\/\/radiozapatista.org\/?p=48808"},"modified":"2024-09-05T22:51:43","modified_gmt":"2024-09-06T04:51:43","slug":"cni-cig-condena-la-cobarde-represion-contra-la-comunidad-otomi-y-diversos-colectivos-y-exige-la-liberacion-inmediata-de-tods-ls-detenidos-y-detenidas","status":"publish","type":"post","link":"https:\/\/radiozapatista.org\/?p=48808","title":{"rendered":"CNI-CIG condena la cobarde represi\u00f3n contra la comunidad otom\u00ed y diversos colectivos y exige la liberaci\u00f3n inmediata de tod@s l@s detenidos y detenidas"},"content":{"rendered":"\n<h1 class=\"wp-block-heading\"><\/h1>\n\n\n\n<p>A los Pueblos de M\u00e9xico y el Mundo<\/p>\n\n\n\n<p>A los colectivos y organizaciones de derechos humanos<\/p>\n\n\n\n<p>A los medios de comunicaci\u00f3n<\/p>\n\n\n\n<p>La Comisi\u00f3n de Coordinaci\u00f3n y Seguimiento del Congreso Nacional Ind\u00edgena \u2013 Concejo Ind\u00edgena de Gobierno, denunciamos la cobarde represi\u00f3n a nuestras compa\u00f1eras y compa\u00f1eros de la comunidad Otom\u00ed, residente en la Ciudad de M\u00e9xico, por las fuerzas represivas del gobierno de la Ciudad de M\u00e9xico y de las alcald\u00edas de Tlalpan y Xochimilco, as\u00ed como del Gobierno de la Ciudad de M\u00e9xico, cuando participaban en una movilizaci\u00f3n para exigir el cese a la persecuci\u00f3n en contra de la compa\u00f1era Hortensia Tel\u00e9sforo originaria del pueblo de San Gregorio Atlapulco, quien es criminalizada por la defensa de su pueblo.<\/p>\n\n\n\n<p>Alrededor de las 2:00 de la tarde un grupo de cerca de 50 personas vestidas de civil, armados con palos y armas punzo cortantes, atacaron y persiguieron a compa\u00f1er@s, robaron c\u00e1maras y celulares, esto ante la mirada de los polic\u00edas que se encontraban en el lugar.<\/p>\n\n\n\n<p>Compa\u00f1eros del Frente de Pueblos y Barrios del Anahuac, la Asamblea General de San Gregorio Atlaplulco, miembros de medios libres y otros colectivos fueron golpeados, perseguidos y detenidos. Entre los compa\u00f1eros agredidos hay gente de la tercera edad, j\u00f3venes y mujeres.<\/p>\n\n\n\n<p>Tras la detenci\u00f3n de Anselma Margarito Francisco (Comunidad Otomi), Jorge Manuel Cancino Garc\u00eda (Conciencia y libertad UNAM), Uriel Garc\u00eda Rojas (Conciencia y libertad UNAM). Roberto Rodr\u00edguez Contreras (Coordinaci\u00f3n Metropolitana) y Pen\u00e9lope Estefan\u00eda Galicia Argumedo (radio Zapote), fue deliberadamente negada informaci\u00f3n sobre su paradero, manteni\u00e9ndolos en calidad de desaparecidos, hasta que fueron trasladados a la fiscal\u00eda de Tlalpan, donde acudieron miembros de la comunidad Otom\u00ed para manifestarse por su liberaci\u00f3n y presentaci\u00f3n.<\/p>\n\n\n\n<p>Estando en las instalaciones de la fiscal\u00eda de la alcald\u00eda de Tlalpan, los compa\u00f1eros de la comunidad Otom\u00ed y diversos colectivos fueron cercados y reprimidos con violencia, mediante el uso de gases lacrim\u00f3genos y golpes, fueron cercados por polic\u00edas, hasta que se liber\u00f3 a los detenidos.<\/p>\n\n\n\n<p>Condenamos este cobarde acto represivo, en la que los gobiernos usaron grupos de choque armados con arma blancas, recurrieron a los golpes, tortura sexual, desaparici\u00f3n forzada en contra de mujeres, ni\u00f1os, y personas de la tercera edad.<\/p>\n\n\n\n<p>Al momento de emitir el presente comunicado aun no ha sido liberada la compa\u00f1era Anselma Margarito Francisco, de quien exigimos su inmediata liberaci\u00f3n.<\/p>\n\n\n\n<p>Atentamente<\/p>\n\n\n\n<p>5 de septiembre de 2024<\/p>\n\n\n\n<p>Comisi\u00f3n de Coordinaci\u00f3n y Seguimiento del Congreso Nacional Ind\u00edgena. Concejo Ind\u00edgena de Gobierno<\/p>\n","protected":false},"excerpt":{"rendered":"<p>A los Pueblos de M\u00e9xico y el Mundo A los colectivos y organizaciones de derechos humanos A los medios de comunicaci\u00f3n La Comisi\u00f3n de Coordinaci\u00f3n y Seguimiento del Congreso Nacional Ind\u00edgena \u2013 Concejo Ind\u00edgena de Gobierno, denunciamos la cobarde represi\u00f3n a nuestras compa\u00f1eras y compa\u00f1eros de la comunidad Otom\u00ed, residente en la Ciudad de M\u00e9xico, [&hellip;]<\/p>\n","protected":false},"author":21,"featured_media":48809,"comment_status":"open","ping_status":"closed","sticky":false,"template":"","format":"standard","meta":{"footnotes":""},"categories":[957,51,943,1024,1095,958,954,961,962,935],"tags":[58,53,567,23,545,87,148,27,483],"class_list":["post-48808","post","type-post","status-publish","format-standard","has-post-thumbnail","hentry","category-autonomia","category-autor","category-cni","category-cni-temas","category-concejo-indigena-de-gobierno","category-megaproyectos","category-mexico","category-mujeres","category-presos","category-temas","tag-derechos-humanos","tag-justicia","tag-megaproyectos","tag-paramilitares","tag-pueblos-indigenas","tag-represion","tag-resistencia","tag-solidaridad","tag-tierra-y-territorio"],"_links":{"self":[{"href":"https:\/\/radiozapatista.org\/index.php?rest_route=\/wp\/v2\/posts\/48808","targetHints":{"allow":["GET"]}}],"collection":[{"href":"https:\/\/radiozapatista.org\/index.php?rest_route=\/wp\/v2\/posts"}],"about":[{"href":"https:\/\/radiozapatista.org\/index.php?rest_route=\/wp\/v2\/types\/post"}],"author":[{"embeddable":true,"href":"https:\/\/radiozapatista.org\/index.php?rest_route=\/wp\/v2\/users\/21"}],"replies":[{"embeddable":true,"href":"https:\/\/radiozapatista.org\/index.php?rest_route=%2Fwp%2Fv2%2Fcomments&post=48808"}],"version-history":[{"count":1,"href":"https:\/\/radiozapatista.org\/index.php?rest_route=\/wp\/v2\/posts\/48808\/revisions"}],"predecessor-version":[{"id":48810,"href":"https:\/\/radiozapatista.org\/index.php?rest_route=\/wp\/v2\/posts\/48808\/revisions\/48810"}],"wp:featuredmedia":[{"embeddable":true,"href":"https:\/\/radiozapatista.org\/index.php?rest_route=\/wp\/v2\/media\/48809"}],"wp:attachment":[{"href":"https:\/\/radiozapatista.org\/index.php?rest_route=%2Fwp%2Fv2%2Fmedia&parent=48808"}],"wp:term":[{"taxonomy":"category","embeddable":true,"href":"https:\/\/radiozapatista.org\/index.php?rest_route=%2Fwp%2Fv2%2Fcategories&post=48808"},{"taxonomy":"post_tag","embeddable":true,"href":"https:\/\/radiozapatista.org\/index.php?rest_route=%2Fwp%2Fv2%2Ftags&post=48808"}],"curies":[{"name":"wp","href":"https:\/\/api.w.org\/{rel}","templated":true}]}}