{"id":48797,"date":"2024-09-05T19:48:46","date_gmt":"2024-09-06T01:48:46","guid":{"rendered":"https:\/\/radiozapatista.org\/?p=48797"},"modified":"2024-09-05T19:48:48","modified_gmt":"2024-09-06T01:48:48","slug":"comunicado-del-cipog-ez-libertad-inmediata-a-nuestros-companeros-y-companeras-detenidas-por-el-gobierno-criminal-de-xochimilco-y-de-la-ciudad-de-mexico","status":"publish","type":"post","link":"https:\/\/radiozapatista.org\/?p=48797","title":{"rendered":"Comunicado del CIPOG-EZ: Libertad inmediata a nuestros compa\u00f1eros y compa\u00f1eras detenidas por el gobierno criminal de Xochimilco y de la ciudad de M\u00e9xico"},"content":{"rendered":"\n<p><strong>Al Ej\u00e9rcito Zapatista de Liberaci\u00f3n Nacional<\/strong><\/p>\n\n\n\n<p><strong>Al Congreso Nacional Ind\u00edgena<\/strong><\/p>\n\n\n\n<p><strong>Al Concejo Ind\u00edgena de Gobierno<\/strong><\/p>\n\n\n\n<p><strong>A la Sexta Mundial<\/strong><\/p>\n\n\n\n<p><strong>A quienes suscribieron Una Declaraci\u00f3n por la Vida<\/strong><\/p>\n\n\n\n<p><strong>A las Redes de Resistencia y Rebeld\u00eda<\/strong><\/p>\n\n\n\n<p><strong>A los organismos de derechos humanos<\/strong><\/p>\n\n\n\n<p><strong>Al Pueblo de M\u00e9xico<\/strong><\/p>\n\n\n\n<p><strong>A los medios libres y aut\u00f3nomos<\/strong><\/p>\n\n\n\n<p><strong>5 de septiembre<\/strong><\/p>\n\n\n\n<p>Hermanos y hermanas de M\u00e9xico y del mundo, mientras los malos gobiernos contin\u00faan con la simulaci\u00f3n de justicia y transformaci\u00f3n, la realidad es la misma que se vivi\u00f3 durante muchos a\u00f1os: criminalizaci\u00f3n, violencia, represi\u00f3n, c\u00e1rcel, desapariciones y asesinatos; el viejo PRI, vive en las entra\u00f1as del actual partido de Morena, que se hace llamar de la Cuarta Transformaci\u00f3n.<\/p>\n\n\n\n<p>El d\u00eda de hoy 5 de septiembre, en la Alcald\u00eda Xochimilco, fueron brutalmente reprimidas y reprimidos, nuestros compa\u00f1eros y compa\u00f1eras: Anselma Margarito (Comunidad Otom\u00ed), el Gato (Coordinacion Metropolitana), Jorge Cansino, Uriel Garc\u00eda (Conciencia y Libertad) y Mayahuel (Radio Zapote) quienes hasta el momento se encuentran, heridos y en calidad de detenidas y detenidos.<\/p>\n\n\n\n<p>\u00c9stos se encontraban en la explanada de la Alcald\u00eda Xochimilco, junto a diversas organizaciones y colectivos, exigiendo de forma pac\u00edfica, que se detuviera la orden de aprehensi\u00f3n en contra de la compa\u00f1era Hortensia Tel\u00e9sforo, defensora de la tierra y el territorio en San Gregorio Atlapulco, Xochimilco; cuando a las 14:00 horas, un grupo de aproximadamente 30 hombres, con armas blancas fue directamente a agredir con violencia extrema a nuestros compa\u00f1eros y compa\u00f1eras hiriendo de gravedad a decenas de ellos. Recalcamos que esta agresi\u00f3n se dio con con la anuencia de la polic\u00eda de la CDMX que se retir\u00f3 cuando lleg\u00f3 el grupo de golpeadores y luego reapareci\u00f3 para detener a nuestros 5 compa\u00f1eros y compa\u00f1eras. La maquinaria del Estado opera para desmovilizar al movimiento social, a las organizaciones que defienden la vida, levantan \u00f3rdenes de aprehensi\u00f3n y realizan detenciones ilegales, como el d\u00eda de hoy y como una pr\u00e1ctica com\u00fan.<\/p>\n\n\n\n<p>A la distancia, desde nuestra lejana geograf\u00eda, pero conociendo la forma de operar del estado y del capital (pues la misma din\u00e1mica vivimos en el estado de Guerrero, donde nos matan los criminales y nos criminaliza el Estado), estaremos atentos y atentas al movimiento social en Xochimilco y le exigimos al mal gobierno de Xochimilco, encabezado por Jos\u00e9 Carlos Acosta, del partido de Morena, as\u00ed como a Mart\u00ed Batres, tambi\u00e9n del partido de Morena, que libere inmediatamente a nuestros compa\u00f1eros y compa\u00f1eras que no cometieron ning\u00fan delito.<\/p>\n\n\n\n<p><strong>Atentamente:<\/strong><\/p>\n\n\n\n<p><strong>Concejo Ind\u00edgena y Popular de Guerrero Emiliano Zapata en Guerra<\/strong><\/p>\n","protected":false},"excerpt":{"rendered":"<p>Al Ej\u00e9rcito Zapatista de Liberaci\u00f3n Nacional Al Congreso Nacional Ind\u00edgena Al Concejo Ind\u00edgena de Gobierno A la Sexta Mundial A quienes suscribieron Una Declaraci\u00f3n por la Vida A las Redes de Resistencia y Rebeld\u00eda A los organismos de derechos humanos Al Pueblo de M\u00e9xico A los medios libres y aut\u00f3nomos 5 de septiembre Hermanos y [&hellip;]<\/p>\n","protected":false},"author":21,"featured_media":48798,"comment_status":"open","ping_status":"closed","sticky":false,"template":"","format":"standard","meta":{"footnotes":""},"categories":[957,51,826,958,954,961,962,935],"tags":[1434,58,53,567,147,23,545,87,148,27,483,1426],"class_list":["post-48797","post","type-post","status-publish","format-standard","has-post-thumbnail","hentry","category-autonomia","category-autor","category-medios-libres-2","category-megaproyectos","category-mexico","category-mujeres","category-presos","category-temas","tag-comunidad-otomi","tag-derechos-humanos","tag-justicia","tag-megaproyectos","tag-militarizacion","tag-paramilitares","tag-pueblos-indigenas","tag-represion","tag-resistencia","tag-solidaridad","tag-tierra-y-territorio","tag-xochimilco"],"_links":{"self":[{"href":"https:\/\/radiozapatista.org\/index.php?rest_route=\/wp\/v2\/posts\/48797","targetHints":{"allow":["GET"]}}],"collection":[{"href":"https:\/\/radiozapatista.org\/index.php?rest_route=\/wp\/v2\/posts"}],"about":[{"href":"https:\/\/radiozapatista.org\/index.php?rest_route=\/wp\/v2\/types\/post"}],"author":[{"embeddable":true,"href":"https:\/\/radiozapatista.org\/index.php?rest_route=\/wp\/v2\/users\/21"}],"replies":[{"embeddable":true,"href":"https:\/\/radiozapatista.org\/index.php?rest_route=%2Fwp%2Fv2%2Fcomments&post=48797"}],"version-history":[{"count":1,"href":"https:\/\/radiozapatista.org\/index.php?rest_route=\/wp\/v2\/posts\/48797\/revisions"}],"predecessor-version":[{"id":48799,"href":"https:\/\/radiozapatista.org\/index.php?rest_route=\/wp\/v2\/posts\/48797\/revisions\/48799"}],"wp:featuredmedia":[{"embeddable":true,"href":"https:\/\/radiozapatista.org\/index.php?rest_route=\/wp\/v2\/media\/48798"}],"wp:attachment":[{"href":"https:\/\/radiozapatista.org\/index.php?rest_route=%2Fwp%2Fv2%2Fmedia&parent=48797"}],"wp:term":[{"taxonomy":"category","embeddable":true,"href":"https:\/\/radiozapatista.org\/index.php?rest_route=%2Fwp%2Fv2%2Fcategories&post=48797"},{"taxonomy":"post_tag","embeddable":true,"href":"https:\/\/radiozapatista.org\/index.php?rest_route=%2Fwp%2Fv2%2Ftags&post=48797"}],"curies":[{"name":"wp","href":"https:\/\/api.w.org\/{rel}","templated":true}]}}