{"id":48786,"date":"2024-09-05T17:42:36","date_gmt":"2024-09-05T23:42:36","guid":{"rendered":"https:\/\/radiozapatista.org\/?p=48786"},"modified":"2024-09-05T17:42:37","modified_gmt":"2024-09-05T23:42:37","slug":"exigimos-la-aparicion-y-liberacion-inmediata-de-todos-nuestros-companeros-y-companeras","status":"publish","type":"post","link":"https:\/\/radiozapatista.org\/?p=48786","title":{"rendered":"\u00a1Exigimos la aparici\u00f3n y liberaci\u00f3n inmediata de todos nuestros compa\u00f1eros y compa\u00f1eras!"},"content":{"rendered":"\n<p>Hoy, 5 de septiembre, durante una movilizaci\u00f3n en defensa de los pueblos originarios y contra la criminalizaci\u00f3n en Xochimilco, la Fiscal\u00eda y cuerpos represivos realizaron detenciones y desapariciones forzadas en un contexto de represi\u00f3n violenta. Esta manifestaci\u00f3n, que era libre y pac\u00edfica, ten\u00eda como objetivo exigir el retiro de la denuncia penal contra Hortensia Tel\u00e9sforo, quien ha defendido el territorio de su comunidad.<\/p>\n\n\n\n<p>Un grupo de 30 golpeadores, portando armas blancas, atac\u00f3 a manifestantes de varias organizaciones sociales frente a la Alcald\u00eda de Xochimilco. La compa\u00f1era Mayahuel, de Xochimilco, fue brutalmente agredida y arrestada, mientras otras compa\u00f1eras de la radio y medios libres, junto con integrantes de pueblos originarios, tambi\u00e9n fueron atacadas. Se reportan 8 heridos, incluyendo agresiones sexuales, rostros ensangrentados y el robo de equipo. Las autoridades se niegan a informar sobre el paradero de los detenidos.<\/p>\n\n\n\n<p>Entre las personas desaparecidas y detenidas est\u00e1n:<\/p>\n\n\n\n<p>Anselma Margarita Francisco<\/p>\n\n\n\n<p>Roberto Rodrigo Contreras (Gato)<\/p>\n\n\n\n<p>Jorge Manuel Cancino Garc\u00eda<\/p>\n\n\n\n<p>Uriel Garc\u00eda Rosas<\/p>\n\n\n\n<p>Pen\u00e9lope Estefan\u00eda Galicia Argumedo<\/p>\n\n\n\n<p>Anselma Margarita Francisco fue brutalmente golpeada en el rostro frente a testigos y torturada para silenciarla. Las autoridades ahora niegan que haya estado detenida.<\/p>\n\n\n\n<p>\u00a1Exigimos la aparici\u00f3n inmediata de Anselma, Gato, Jorge, Uriel y Pen\u00e9lope, as\u00ed como justicia para todos los agredidos! Responsabilizamos directamente al Jefe de Gobierno, Mart\u00ed Batres, y a la Secretaria de Seguridad Ciudadana de la CDMX por orquestar esta represi\u00f3n violenta en contra de quienes defend\u00edan el territorio.<\/p>\n\n\n\n<p>Hacemos un llamado urgente a todas las redes, organizaciones y personas solidarias, a nivel nacional e internacional, a sumarse a esta exigencia de justicia. \u00a1No permitamos que la violencia institucional y la impunidad sigan desapareciendo a quienes luchan por la vida y los territorios!<\/p>\n\n\n\n<p>Exigimos el cese inmediato de la criminalizaci\u00f3n de la autonom\u00eda y de quienes, como Hortensia Tel\u00e9sforo, defienden la vida. \u00a1Hortensia Tel\u00e9sforo no est\u00e1 sola!<\/p>\n\n\n\n<p>Responsabilizamos a la Fiscal\u00eda 2 de Xochimilco y al gobierno de cualquier da\u00f1o a la integridad f\u00edsica y psicol\u00f3gica de nuestros compa\u00f1eros desaparecidos.<\/p>\n\n\n\n<p>Recordamos que hoy, en el D\u00eda Internacional de las Mujeres Ind\u00edgenas, decidieron atentar contra la valent\u00eda de mujeres como Anselma que defienden sus territorios y derechos, a pesar de la represi\u00f3n que enfrentan. Tno olvidamos que el 30 de agosto conmemoramos a las v\u00edctimas de desaparici\u00f3n forzada, sin olvidar lo significativo que es septiembre para la lucha contra la violencia de Estado, especialmente por nuestros 43 compa\u00f1eros de Ayotzinapa y que a\u00fan as\u00ed el gobierno asesino decide reprimir.<\/p>\n\n\n\n<p>#HortensiaEsResistencia<\/p>\n\n\n\n<p>#DefenderLaVidaNoEsDelito<\/p>\n\n\n\n<p>#AltoALaCriminalizaci\u00f3n<\/p>\n\n\n\n<p>#AltoALaGuerraContraLosPueblos<\/p>\n\n\n\n<p>#PorqueVivosSeLosLlevaronVivosLosQueremos<\/p>\n\n\n\n<p>#Aparici\u00f3nInmediata<\/p>\n\n\n\n<p>Atentamente<\/p>\n\n\n\n<p>ASAMBLEA NACIONAL POR EL AGUA Y LA VIDA Y ORGANIZACIONES Y PUEBLOS SOLIDARIOS<\/p>\n\n\n\n<figure class=\"wp-block-image\"><img decoding=\"async\" src=\"http:\/\/www.congresonacionalindigena.org\/wp-content\/uploads\/2024\/09\/FB_IMG_1725576857581-261x300.jpg\" alt=\"\" class=\"wp-image-10624\"\/><\/figure>\n\n\n\n<figure class=\"wp-block-image\"><img decoding=\"async\" src=\"http:\/\/www.congresonacionalindigena.org\/wp-content\/uploads\/2024\/09\/FB_IMG_1725576860008-300x200.jpg\" alt=\"\" class=\"wp-image-10625\"\/><\/figure>\n\n\n\n<figure class=\"wp-block-image\"><img decoding=\"async\" src=\"http:\/\/www.congresonacionalindigena.org\/wp-content\/uploads\/2024\/09\/FB_IMG_1725576861914-300x169.jpg\" alt=\"\" class=\"wp-image-10626\"\/><\/figure>\n","protected":false},"excerpt":{"rendered":"<p>Hoy, 5 de septiembre, durante una movilizaci\u00f3n en defensa de los pueblos originarios y contra la criminalizaci\u00f3n en Xochimilco, la Fiscal\u00eda y cuerpos represivos realizaron detenciones y desapariciones forzadas en un contexto de represi\u00f3n violenta. Esta manifestaci\u00f3n, que era libre y pac\u00edfica, ten\u00eda como objetivo exigir el retiro de la denuncia penal contra Hortensia Tel\u00e9sforo, [&hellip;]<\/p>\n","protected":false},"author":21,"featured_media":48787,"comment_status":"open","ping_status":"closed","sticky":false,"template":"","format":"standard","meta":{"footnotes":""},"categories":[957,51,826,958,954,961,935],"tags":[1434,58,53,567,147,545,87,148,27,483,1426],"class_list":["post-48786","post","type-post","status-publish","format-standard","has-post-thumbnail","hentry","category-autonomia","category-autor","category-medios-libres-2","category-megaproyectos","category-mexico","category-mujeres","category-temas","tag-comunidad-otomi","tag-derechos-humanos","tag-justicia","tag-megaproyectos","tag-militarizacion","tag-pueblos-indigenas","tag-represion","tag-resistencia","tag-solidaridad","tag-tierra-y-territorio","tag-xochimilco"],"_links":{"self":[{"href":"https:\/\/radiozapatista.org\/index.php?rest_route=\/wp\/v2\/posts\/48786","targetHints":{"allow":["GET"]}}],"collection":[{"href":"https:\/\/radiozapatista.org\/index.php?rest_route=\/wp\/v2\/posts"}],"about":[{"href":"https:\/\/radiozapatista.org\/index.php?rest_route=\/wp\/v2\/types\/post"}],"author":[{"embeddable":true,"href":"https:\/\/radiozapatista.org\/index.php?rest_route=\/wp\/v2\/users\/21"}],"replies":[{"embeddable":true,"href":"https:\/\/radiozapatista.org\/index.php?rest_route=%2Fwp%2Fv2%2Fcomments&post=48786"}],"version-history":[{"count":1,"href":"https:\/\/radiozapatista.org\/index.php?rest_route=\/wp\/v2\/posts\/48786\/revisions"}],"predecessor-version":[{"id":48788,"href":"https:\/\/radiozapatista.org\/index.php?rest_route=\/wp\/v2\/posts\/48786\/revisions\/48788"}],"wp:featuredmedia":[{"embeddable":true,"href":"https:\/\/radiozapatista.org\/index.php?rest_route=\/wp\/v2\/media\/48787"}],"wp:attachment":[{"href":"https:\/\/radiozapatista.org\/index.php?rest_route=%2Fwp%2Fv2%2Fmedia&parent=48786"}],"wp:term":[{"taxonomy":"category","embeddable":true,"href":"https:\/\/radiozapatista.org\/index.php?rest_route=%2Fwp%2Fv2%2Fcategories&post=48786"},{"taxonomy":"post_tag","embeddable":true,"href":"https:\/\/radiozapatista.org\/index.php?rest_route=%2Fwp%2Fv2%2Ftags&post=48786"}],"curies":[{"name":"wp","href":"https:\/\/api.w.org\/{rel}","templated":true}]}}