{"id":48765,"date":"2024-08-30T17:31:47","date_gmt":"2024-08-30T23:31:47","guid":{"rendered":"https:\/\/radiozapatista.org\/?p=48765"},"modified":"2024-08-30T17:31:48","modified_gmt":"2024-08-30T23:31:48","slug":"comando-sur-reafirma-cooperacion-con-chile-se-reune-con-nieta-de-salvador-allende","status":"publish","type":"post","link":"https:\/\/radiozapatista.org\/?p=48765","title":{"rendered":"Comando Sur reafirma cooperaci\u00f3n con Chile, se re\u00fane con nieta de Salvador Allende"},"content":{"rendered":"\n<p>Fuente: <a href=\"https:\/\/avispa.org\/comando-sur-reafirma-cooperacion-con-chile-se-reune-con-nieta-de-salvador-allende\/\">Avispa Midia<\/a><\/p>\n\n\n\n<p>Por Santiago Navarro F<\/p>\n\n\n\n<p><div id=\"td-outer-wrap\" class=\"td-theme-wrap\"><div id=\"tdb-autoload-article\" data-autoload=\"off\" data-autoload-org-post-id=\"117889\" data-autoload-type=\"\" data-autoload-count=\"5\"><div class=\"td-main-content-wrap td-container-wrap\"><div class=\"tdc-content-wrap\"><article id=\"template-id-28971\" class=\"post-28971 tdb_templates type-tdb_templates status-publish post\"><div id=\"tdi_60\" class=\"tdc-zone\"><div class=\"tdc_zone tdi_61  wpb_row td-pb-row\"><div id=\"tdi_75\" class=\"tdc-row stretch_row\"><div class=\"vc_row tdi_76 td-ss-row td-scroll-content wpb_row td-pb-row\"><div class=\"vc_column tdi_78  wpb_column vc_column_container tdc-column td-pb-span8\"><div class=\"wpb_wrapper\"><div class=\"td_block_wrap tdb_single_content tdi_80 td-pb-border-top td_block_template_1 td-post-content tagdiv-type\" data-td-block-uid=\"tdi_80\"><div class=\"tdb-block-inner td-fix-index\"><br><p>Santiago de Chile, los aires del gobierno de Daniel Boric, quien <br>asumi\u00f3 el poder en 2022, parecen de conciliaci\u00f3n. Este jueves (29), la <br>general Laura Richarson del Comando Sur y el jefe del Estado Mayor <br>Conjunto de los Estados Unidos (EEUU), Charles Q. Brown, se reunieron <br>con l\u00edderes de defensa del cono sur para discutir desaf\u00edos de seguridad y<br> la cooperaci\u00f3n en el marco de la Conferencia de Defensa Sudamericana <br>2024 (SOUTHDEC 24). Adem\u00e1s, tambi\u00e9n posaron para la foto junto a Maya <br>Fern\u00e1ndez Allende, la nieta del ex presidente Salvador Allende, quien <br>fue derrocado mediante un golpe de Estado en complicidad con el pa\u00eds <br>norteamericano.<\/p><br><br><br><br><figure class=\"wp-block-image size-large\"><a class=\"td-modal-image\" href=\"https:\/\/avispa.org\/wp-content\/uploads\/2024\/08\/Southcom-Chile1.jpg\"><img loading=\"lazy\" decoding=\"async\" width=\"1024\" height=\"685\" class=\"wp-image-117886 td-animation-stack-type0-2\" src=\"https:\/\/avispa.org\/wp-content\/uploads\/2024\/08\/Southcom-Chile1-1024x685.jpg\" alt=\"\"><\/a><\/figure><br><br><br><br><p>Este evento, donde se congregaron l\u00edderes de defensa de 10 naciones, <br>fue realizado entre 27 y 29 de agosto en Chile, patrocinado por el <br>Comando Sur (SOUTHCOM), centrado, principalmente, en c\u00f3mo \u201clas nuevas <br>tecnolog\u00edas pueden fortalecer la defensa y la soberan\u00eda hemisf\u00e9rica en <br>un contexto de crecientes desaf\u00edos globales\u201d, anunciaron los mandos de <br>las fuerzas armadas de EEUU.<\/p><br><br><br><br><p>El Comando Sur es uno de los seis comandos unificados de EEUU, <br>responsable de las operaciones militares estadounidenses en el Caribe, <br>Am\u00e9rica Central y Am\u00e9rica del Sur.<\/p><br><br><br><br><p>Esta fue la primera visita de Brown en Chile y la cuarta de <br>Richardson. En esta ocasi\u00f3n se reunieron con la Ministra de Defensa <br>chilena, Maya Fern\u00e1ndez Allende, la nieta del ex presidente Salvador <br>Allende, el mismo que fue derrocado por las Fuerzas Armadas lideradas <br>por Augusto Pinochet, quien recibi\u00f3 apoyo de Estados Unidos.\u00a0<\/p><br><br><br><br><p>Desde antes del golpe, EEUU ya ven\u00eda interviniendo en la vida <br>pol\u00edtica del pa\u00eds al saber que Allende ser\u00eda ganador en las elecciones <br>presidenciales, con t\u00e1cticas propagand\u00edsticas y campa\u00f1as de acci\u00f3n <br>pol\u00edtica, incluso, \u201cla CIA [Agencia Central de Inteligencia] se centr\u00f3 <br>en provocar un golpe militar\u201d, puntualiza el Informe sobre las <br>actividades de la Task Force chilena de la CIA, del 15 de septiembre a 3<br> de noviembre de 1970, un documento desclasificado.\u00a0<\/p><br><br><br><br><figure class=\"wp-block-image size-full\"><a class=\"td-modal-image\" href=\"https:\/\/avispa.org\/wp-content\/uploads\/2024\/08\/Captura-de-Pantalla-2024-08-30-a-las-11.44.10.png\"><img loading=\"lazy\" decoding=\"async\" width=\"995\" height=\"766\" class=\"wp-image-117885 td-animation-stack-type0-2\" src=\"https:\/\/avispa.org\/wp-content\/uploads\/2024\/08\/Captura-de-Pantalla-2024-08-30-a-las-11.44.10.png\" alt=\"\"><\/a><\/figure><br><br><br><br><p>Es as\u00ed que, seg\u00fan el memor\u00e1ndum preparado por la CIA, en Washington, <br>el 18 de noviembre de 1970, se da la orden para que \u201cla CIA tratara de <br>impedir el ascenso del marxista Salvador Allende\u201d el 15 de septiembre de<br> 1970.<\/p><br><br><br><br><p>En la actualidad es bien conocida la participaci\u00f3n de EEUU en el <br>golpe militar de Chile, a trav\u00e9s del llamado \u00abProyecto FUBELT\u00bb, \u201cnombre <br>clave de las operaciones encubiertas para promover un golpe militar y <br>socavar el gobierno de Allende\u201d, rezan los documentos desclasificados.\u00a0<\/p><br><br><br><br><p>El gobierno del general Augusto Pinochet, quien dirigi\u00f3 el golpe, <br>dur\u00f3 al menos 17 a\u00f1os con un saldo de m\u00e1s de 3 mil personas <br>desaparecidas o asesinadas y m\u00e1s de 38 mil presos pol\u00edticos, a quienes <br>emplearon t\u00e9cnicas de tortura.\u00a0<\/p><br><br><br><br><p>Hoy, ese contexto hist\u00f3rico parece que se ha esfumado. Desde el a\u00f1o <br>2023 un grupo de congresistas estadounidenses present\u00f3 una resoluci\u00f3n en<br> la que se disculpa por su participaci\u00f3n en en el golpe de Estado y <br>pidi\u00f3 que m\u00e1s documentos fueran desclasificados. Esto se dio en la <br>v\u00edspera de la participaci\u00f3n de Boric en la 78\u00aa edici\u00f3n de la Asamblea <br>General de las Naciones Unidas (ONU) en Nueva York, en septiembre de <br>2023.<\/p><br><br><br><br><h3 class=\"wp-block-heading has-black-color has-text-color has-link-color wp-elements-3e4f46fbedeccc8ff82faadf78ca81eb\" id=\"h-amistad\"><strong>\u201cAmistad\u201d<\/strong><\/h3><br><br><br><br><p>Es as\u00ed que con el evento SOUTHDEC 24, ambos gobiernos mandan el <br>mensaje de conciliaci\u00f3n y amistad. Por otro lado, la comandante del <br>Southcom, Richardson, destac\u00f3 el impacto negativo de los \u201cgobiernos <br>autoritarios\u201d y las organizaciones criminales transnacionales en la <br>regi\u00f3n, haciendo referencia a Venezuela. \u201cLos gobiernos autoritarios y <br>comunistas est\u00e1n socavando la democracia y alimentando la <br>inestabilidad\u201d, por ello llam\u00f3 a fortalecer la cooperaci\u00f3n en defensa.<\/p><br><br><br><br><p>Adem\u00e1s, la general Richardson arremeti\u00f3 contra el gobierno de Nicol\u00e1s<br> Maduro resaltando que \u201cla democracia y sus valores fundamentales <br>permanecen bajo ataque globalmente, y no tenemos que mirar m\u00e1s all\u00e1 de <br>Venezuela, donde Nicol\u00e1s Maduro sigue socavando la voluntad democr\u00e1tica <br>del pueblo venezolano\u201d.<\/p><br><br><br><br><p>Richardson hizo \u00e9nfasis en la necesidad de implementar lo que ella denomina como una\u00a0<em>Imagen Operativa Espacial Com\u00fan y el Conocimiento del Dominio Mejorado<\/em>,<br> iniciativas dise\u00f1adas para mejorar la sincronizaci\u00f3n y la capacidad de <br>respuesta en el entorno espacial integrado a la inteligencia artificial.<br> Ampliando el teatro de operaciones hacia el espacio, como un nuevo <br>dominio de poder, con implicaciones profundas para la din\u00e1mica global.\u00a0<\/p><br><br><br><br><p>En el SOUTHDEC 2024 tambi\u00e9n fueron temas de discusi\u00f3n el cambio <br>clim\u00e1tico, el tr\u00e1fico de drogas y la migraci\u00f3n irregular, considerados <br>como \u201camenazas para la seguridad\u201d. La conferencia subray\u00f3 la importancia<br> de una respuesta conjunta para \u201cfortalecer la resiliencia econ\u00f3mica y <br>la estabilidad democr\u00e1tica en Am\u00e9rica del Sur\u201d.<\/p><br><br><br><br><p>Adem\u00e1s de Chile, hubo la participaci\u00f3n de delegaciones de las fuerzas<br> armadas de Argentina, Brasil, Colombia, Ecuador, Guyana, Paraguay, <br>Per\u00fa, Surinam. Tambi\u00e9n participaron como observadores representantes de <br>Canad\u00e1, Francia y el Reino Unido.\u00a0<\/p><br><br><br><br><p>Tambi\u00e9n particip\u00f3 las guardias nacionales de Connecticut, Florida, <br>Georgia, Kentucky, Nueva York, Carolina del Sur y Texas. As\u00ed como la <br>Junta Interamericana de Defensa, el Instituto del Hemisferio Occidental <br>para la Cooperaci\u00f3n en materia de Seguridad (WHINSEC), el Centro William<br> J. Perry y el Colegio Interamericano de Defensa y el Mando Espacial de <br>los Estados Unidos.<\/p><br><\/div><\/div><\/div><\/div><\/div><\/div><\/div><\/div><\/article><\/div><\/div><\/div><\/div><\/p>\n","protected":false},"excerpt":{"rendered":"<p>Fuente: Avispa Midia Por Santiago Navarro F Santiago de Chile, los aires del gobierno de Daniel Boric, quien asumi\u00f3 el poder en 2022, parecen de conciliaci\u00f3n. Este jueves (29), la general Laura Richarson del Comando Sur y el jefe del Estado Mayor Conjunto de los Estados Unidos (EEUU), Charles Q. Brown, se reunieron con l\u00edderes [&hellip;]<\/p>\n","protected":false},"author":21,"featured_media":48766,"comment_status":"open","ping_status":"closed","sticky":false,"template":"","format":"standard","meta":{"footnotes":""},"categories":[51,1284,826,958,935],"tags":[919,53,567,147,23,545,87,483],"class_list":["post-48765","post","type-post","status-publish","format-standard","has-post-thumbnail","hentry","category-autor","category-latinoamerica","category-medios-libres-2","category-megaproyectos","category-temas","tag-estados-unidos","tag-justicia","tag-megaproyectos","tag-militarizacion","tag-paramilitares","tag-pueblos-indigenas","tag-represion","tag-tierra-y-territorio"],"_links":{"self":[{"href":"https:\/\/radiozapatista.org\/index.php?rest_route=\/wp\/v2\/posts\/48765","targetHints":{"allow":["GET"]}}],"collection":[{"href":"https:\/\/radiozapatista.org\/index.php?rest_route=\/wp\/v2\/posts"}],"about":[{"href":"https:\/\/radiozapatista.org\/index.php?rest_route=\/wp\/v2\/types\/post"}],"author":[{"embeddable":true,"href":"https:\/\/radiozapatista.org\/index.php?rest_route=\/wp\/v2\/users\/21"}],"replies":[{"embeddable":true,"href":"https:\/\/radiozapatista.org\/index.php?rest_route=%2Fwp%2Fv2%2Fcomments&post=48765"}],"version-history":[{"count":1,"href":"https:\/\/radiozapatista.org\/index.php?rest_route=\/wp\/v2\/posts\/48765\/revisions"}],"predecessor-version":[{"id":48767,"href":"https:\/\/radiozapatista.org\/index.php?rest_route=\/wp\/v2\/posts\/48765\/revisions\/48767"}],"wp:featuredmedia":[{"embeddable":true,"href":"https:\/\/radiozapatista.org\/index.php?rest_route=\/wp\/v2\/media\/48766"}],"wp:attachment":[{"href":"https:\/\/radiozapatista.org\/index.php?rest_route=%2Fwp%2Fv2%2Fmedia&parent=48765"}],"wp:term":[{"taxonomy":"category","embeddable":true,"href":"https:\/\/radiozapatista.org\/index.php?rest_route=%2Fwp%2Fv2%2Fcategories&post=48765"},{"taxonomy":"post_tag","embeddable":true,"href":"https:\/\/radiozapatista.org\/index.php?rest_route=%2Fwp%2Fv2%2Ftags&post=48765"}],"curies":[{"name":"wp","href":"https:\/\/api.w.org\/{rel}","templated":true}]}}