{"id":48734,"date":"2024-08-24T17:43:00","date_gmt":"2024-08-24T23:43:00","guid":{"rendered":"https:\/\/radiozapatista.org\/?p=48734"},"modified":"2024-08-26T17:57:17","modified_gmt":"2024-08-26T23:57:17","slug":"palabra-del-colectivo-tsijilba-bij-a-la-lucha-por-la-vida-por-la-defensa-resistencia-rebeldia-por-la-defensa-de-la-madre-tierra-y-territorio","status":"publish","type":"post","link":"https:\/\/radiozapatista.org\/?p=48734","title":{"rendered":"Palabra del colectivo Tsijilba bij. A la lucha por la vida, por la defensa, resistencia, rebeld\u00eda por la defensa de la Madre Tierra y Territorio"},"content":{"rendered":"\n<p><strong>Ejido Agua Clara, Salto de Agua, Chiapas.<\/strong><\/p>\n\n\n\n<p><strong>A 24 de agosto de 2024.<\/strong><\/p>\n\n\n\n<p><strong>A la lucha por la vida, por la defensa, resistencia, rebeld\u00eda por la defensa de la Madre Tierra y Territorio.<\/strong><\/p>\n\n\n\n<p>Hermanos y hermanas, ni\u00f1as y ni\u00f1os, abuelos y abuelas, y a todos aquellos que nos acompa\u00f1an y pueden leernos y conocernos desde otros lugares de Chiapas, M\u00e9xico y del resto del mundo, les extendemos una c\u00e1lida bienvenida a este&nbsp;<strong>5to aniversario e inauguraci\u00f3n de nuestro espacio de lucha, resistencia y rebeld\u00eda en defensa de nuestro territorio<\/strong>. Nos llena de alegr\u00eda verles, queremos que ustedes sean parte y compartirles nuestras vivencias, experiencias y dolores en esta lucha que nos une.<\/p>\n\n\n\n<p>Hoy queremos conmemorar nuestra resistencia y lucha de lo ocurrido el 4 de agosto de 2019, en donde fuimos sujetos de actos de agresiones, hostigamientos e intimidaciones en nuestra comunidad por ser de un pueblo originario tseltal, por ser defensores de derechos humanos, guardianes de la vida y nuestra postura pol\u00edtica como integrantes del Congreso Nacional Ind\u00edgena (CNI), violentando nuestro derecho a la autonom\u00eda y al territorio, hoy decimos no al olvido, si a la resistencia y lucha, ac\u00e1 seguiremos.<\/p>\n\n\n\n<p>Sabemos que, enfrentamos una tormenta que cada d\u00eda destruye la naturaleza y la vida, nuestra vida. Por eso, les invitamos a luchar y resistir juntos y juntas por un mejor ma\u00f1ana para nuestros hijos e hijas.<\/p>\n\n\n\n<p>Nuestra lucha es de todos y todas. Juntos podemos defender nuestros pueblos de todo aquello que nos cause mal. Por eso, hacemos un llamado a:<\/p>\n\n\n\n<p>A Defender Nuestra Derechos<\/p>\n\n\n\n<p>A Defender Nuestra Tierra<\/p>\n\n\n\n<p>A Defender La vida de Nuestros hijos e hijas<\/p>\n\n\n\n<p>La apuesta a una Lucha No violenta, nos sumamos una lucha no violenta, pero firme y decidida. Queremos construir un futuro mejor para las generaciones presentes y futuras.<\/p>\n\n\n\n<p>Acomp\u00e1\u00f1anos en esta lucha justa. Juntos podemos hacer la diferencia.<\/p>\n\n\n\n<p><strong>ATENTAMENTE.<\/strong><\/p>\n\n\n\n<p><strong>Colectivo &#8220;tsijilba bij&#8221; (Nuevo Camino), CNI Agua Clara, Salto de Agua, Chiapas.<\/strong><\/p>\n\n\n\n<p><a href=\"https:\/\/frayba.org.mx\/sites\/default\/files\/2024-08\/240824_palabra-camp-4-agosto.pdf\">Descarga la palabra de los pueblos en PDF<\/a>(20.44 KB)<\/p>\n","protected":false},"excerpt":{"rendered":"<p>Ejido Agua Clara, Salto de Agua, Chiapas. A 24 de agosto de 2024. A la lucha por la vida, por la defensa, resistencia, rebeld\u00eda por la defensa de la Madre Tierra y Territorio. Hermanos y hermanas, ni\u00f1as y ni\u00f1os, abuelos y abuelas, y a todos aquellos que nos acompa\u00f1an y pueden leernos y conocernos desde [&hellip;]<\/p>\n","protected":false},"author":21,"featured_media":48735,"comment_status":"open","ping_status":"closed","sticky":false,"template":"","format":"standard","meta":{"footnotes":""},"categories":[957,51,6,826,954,935],"tags":[79,58,53,147,23,545,87,148,27,483],"class_list":["post-48734","post","type-post","status-publish","format-standard","has-post-thumbnail","hentry","category-autonomia","category-autor","category-chiapas","category-medios-libres-2","category-mexico","category-temas","tag-autonomia","tag-derechos-humanos","tag-justicia","tag-militarizacion","tag-paramilitares","tag-pueblos-indigenas","tag-represion","tag-resistencia","tag-solidaridad","tag-tierra-y-territorio"],"_links":{"self":[{"href":"https:\/\/radiozapatista.org\/index.php?rest_route=\/wp\/v2\/posts\/48734","targetHints":{"allow":["GET"]}}],"collection":[{"href":"https:\/\/radiozapatista.org\/index.php?rest_route=\/wp\/v2\/posts"}],"about":[{"href":"https:\/\/radiozapatista.org\/index.php?rest_route=\/wp\/v2\/types\/post"}],"author":[{"embeddable":true,"href":"https:\/\/radiozapatista.org\/index.php?rest_route=\/wp\/v2\/users\/21"}],"replies":[{"embeddable":true,"href":"https:\/\/radiozapatista.org\/index.php?rest_route=%2Fwp%2Fv2%2Fcomments&post=48734"}],"version-history":[{"count":1,"href":"https:\/\/radiozapatista.org\/index.php?rest_route=\/wp\/v2\/posts\/48734\/revisions"}],"predecessor-version":[{"id":48736,"href":"https:\/\/radiozapatista.org\/index.php?rest_route=\/wp\/v2\/posts\/48734\/revisions\/48736"}],"wp:featuredmedia":[{"embeddable":true,"href":"https:\/\/radiozapatista.org\/index.php?rest_route=\/wp\/v2\/media\/48735"}],"wp:attachment":[{"href":"https:\/\/radiozapatista.org\/index.php?rest_route=%2Fwp%2Fv2%2Fmedia&parent=48734"}],"wp:term":[{"taxonomy":"category","embeddable":true,"href":"https:\/\/radiozapatista.org\/index.php?rest_route=%2Fwp%2Fv2%2Fcategories&post=48734"},{"taxonomy":"post_tag","embeddable":true,"href":"https:\/\/radiozapatista.org\/index.php?rest_route=%2Fwp%2Fv2%2Ftags&post=48734"}],"curies":[{"name":"wp","href":"https:\/\/api.w.org\/{rel}","templated":true}]}}