{"id":48683,"date":"2024-08-21T21:08:51","date_gmt":"2024-08-22T03:08:51","guid":{"rendered":"https:\/\/radiozapatista.org\/?p=48683"},"modified":"2024-08-23T10:31:06","modified_gmt":"2024-08-23T16:31:06","slug":"una-idea-genial-%cd%b7ati%ea%9f%bca%c9%94-%e2%85%83%c7%9d-agosto-de-2024","status":"publish","type":"post","link":"https:\/\/radiozapatista.org\/?p=48683","title":{"rendered":"UNA IDEA GENIAL | \u0376\u00c0TI\ua7fcA\u0186 \u2143\u018e | Agosto de 2024"},"content":{"rendered":"\n<p class=\"has-text-align-center\"><strong>Una Idea Genial<\/strong><\/p>\n\n\n\n<p>Agosto de 2024.<\/p>\n\n\n\n<p>&nbsp; Hice mi primera captura de pantalla.<\/p>\n\n\n\n<p>&nbsp; No est\u00e1n ustedes para saberlo, ni yo para d\u00e1rselos a conocer, pero he triunfado en la ardua y vertiginosa carrera tecnol\u00f3gica.<\/p>\n\n\n\n<p>&nbsp; Despu\u00e9s de 6 meses 6 de agotadora investigaci\u00f3n, estudios y pr\u00e1cticas desgastantes, solo, sin m\u00e1s ayuda que 453 videos tutoriales, pude hacer una captura de pantalla.&nbsp; Lo s\u00e9, parece incre\u00edble.&nbsp; Pero no crean que me conform\u00e9, ahora me propongo encontrar d\u00f3nde rayos qued\u00f3 guardada la captura de pantalla.&nbsp; Luego averiguar para que sirve una captura de pantalla. &nbsp;\u00bfDespu\u00e9s? \u2026 \u00a1el mundo!<\/p>\n\n\n\n<p>&nbsp; Bueno, de ah\u00ed que, animado por este gran logro, me dediqu\u00e9 a incursionar en el mundo de las aplicaciones digitales (que los veteranos llamamos \u201capps\u201d), y as\u00ed surgi\u00f3 la idea que ahora les refiero:<\/p>\n\n\n\n<p>&nbsp; Se trata de una idea para el tr\u00e1nsito tan cacareado hacia un capitalismo humano (o a \u201climarle las puntas al neoliberalismo\u201d -seg\u00fan la 4T-):&nbsp; Una nueva aplicaci\u00f3n digital que se llamar\u00eda \u201c<strong><em>OnlyHaters<\/em><\/strong>\u201d.&nbsp; En ella usted, dama, caballero, <em>otroa<\/em>, podr\u00eda insultar a placer al villano o villana de su preferencia a cambio de un precio razonable.&nbsp; Claro, habr\u00eda cuenta premium donde el receptor se compromete a leer su mensaje o ver su video (si tiene usted m\u00e1s recursos).&nbsp; \u00bfSe imaginan?&nbsp; Casi cualquier personaje de la pol\u00edtica y del capital se har\u00eda millonario.<\/p>\n\n\n\n<p>&nbsp; El futuro secretario de educaci\u00f3n, en M\u00e9xico, ya no tendr\u00eda que vender candidaturas al c\u00e1rtel m\u00e1s cercano a su coraz\u00f3n. &nbsp;El Supremo se retirar\u00eda con su sustento asegurado y le alcanzar\u00eda para crear su propio podcast ma\u00f1anero (que es lo \u00fanico que hizo en casi 6 a\u00f1os).&nbsp; Trump no tendr\u00eda que recurrir al fraude fiscal para financiar su campa\u00f1a y sus empresas. &nbsp;Biden-Harris no tendr\u00edan que hacer ofertas de temporada a las grandes corporaciones para la guerra de conquista en Palestina. &nbsp;Le Pen y Macron no tendr\u00edan que esconder su afinidad ideol\u00f3gica.&nbsp; El PSOE y el PP podr\u00edan al fin salir del closet y abrazarse en p\u00fablico.&nbsp; Milei no tendr\u00eda que ponerse hist\u00e9rico cada vez que dice algo ni poner cara de estre\u00f1imiento agudo. &nbsp;Lula, Petro y Boric podr\u00edan pagar su suscripci\u00f3n a los canales de tv del imperio Murdoch (Fox) sin necesidad de convertirse en sus voceros (y, por favor, que alguien les diga que \u00e9sos a quienes quieren agradar ser\u00e1n los mismos que ma\u00f1ana los lapidar\u00e1n en lo medi\u00e1tico). &nbsp;Netanyahu no tendr\u00eda que cometer cr\u00edmenes de guerra para sostenerse en el gobierno. &nbsp;Zelenski encontrar\u00eda un cauce honorable para su capacidad histri\u00f3nica. &nbsp;Putin podr\u00eda dedicarse a montar osos.<\/p>\n\n\n\n<p>&nbsp; Y claro, yo, el Capit\u00e1n, no tendr\u00eda que atender mi taller de bicicletas el\u00e9ctricas (que se llama, por supuesto, \u201cMi Abuelita en Bicicleta\u201d) para poder adquirir las obras completas de Arturo y Carlota P\u00e9rez-Reverte, Javier Mar\u00edas y Arthur Conan Doyle (antes de que empiecen con sus juicios, sentencias y condenas de correcci\u00f3n pol\u00edtica, \u201csensibilidad de g\u00e9nero\u201d y lo que est\u00e9 de moda, perm\u00edtanme avisarles que me cago en sus tribunales, los morales y los otros).<\/p>\n\n\n\n<p>&nbsp; No s\u00e9, pi\u00e9nsenlo.&nbsp; As\u00ed ya no se explotar\u00eda la fuerza de trabajo humana, s\u00f3lo los sentimientos de rechazo, odio, intolerancia, racismo, homofobia, misoginia, fanatismo, etc.&nbsp; Lo m\u00e1s ruin de la especie humana ser\u00eda fuente de riqueza.<\/p>\n\n\n\n<p>&nbsp; Oh, olv\u00eddenlo: para eso ya existen las redes sociales.<\/p>\n\n\n\n<p>&nbsp; <em>Nah<\/em>, tambi\u00e9n hay videos de gatitos y perritos (\u00a1<em>aww<\/em>!)<\/p>\n\n\n\n<p>&nbsp; En fin, como le responde Don Francisco de Quevedo a un otro Capit\u00e1n, veterano de los Tercios de Flandes: \u201c<em>No queda sino batirnos, pese a todo. Contra la ignorancia, la estupidez, la maldad, la superstici\u00f3n y la envidia<\/em>\u201d.&nbsp; Ya despu\u00e9s el autor agregar\u00e1: \u201c<em>la apat\u00eda, la incultura, la insolidaridad, la corrupci\u00f3n<\/em>\u201d.<\/p>\n\n\n\n<p>Vale.&nbsp; Salud y \u201c<em>Omitir las verdades no es otra cosa que una variedad refinada de la mentira<\/em>\u201d (Almudena Grandes. Madrid, Estado Espa\u00f1ol).<\/p>\n\n\n\n<p>Desde las monta\u00f1as del Sureste Mexicano.<\/p>\n\n\n\n<p><img loading=\"lazy\" decoding=\"async\" src=\"https:\/\/i0.wp.com\/enlacezapatista.ezln.org.mx\/wp-content\/uploads\/2023\/11\/firma.png?resize=305%2C247&amp;ssl=1\" alt=\"\" srcset=\"https:\/\/i0.wp.com\/enlacezapatista.ezln.org.mx\/wp-content\/uploads\/2023\/11\/firma.png?resize=640%2C518&amp;ssl=1 640w, https:\/\/i0.wp.com\/enlacezapatista.ezln.org.mx\/wp-content\/uploads\/2023\/11\/firma.png?resize=1024%2C828&amp;ssl=1 1024w, https:\/\/i0.wp.com\/enlacezapatista.ezln.org.mx\/wp-content\/uploads\/2023\/11\/firma.png?resize=768%2C621&amp;ssl=1 768w, https:\/\/i0.wp.com\/enlacezapatista.ezln.org.mx\/wp-content\/uploads\/2023\/11\/firma.png?w=1136&amp;ssl=1 1136w\" width=\"305\" height=\"247\"><br>El Capit\u00e1n.<br>Mirando el barco sobre la mar y a caballo en la monta\u00f1a.<br>M\u00e9xico, agosto del 2024.<\/p>\n\n\n\n<p>P.D.- Si alguien, all\u00e1 afuera, decide capitalizar esta genial idea, triunfar as\u00ed en el rudo mundo de la era digital, tener un sitio exclusivo en Silicon Valley, codearse con los Arnault, Bezos, Musk, Zuckerberg, Gates, y ser convocado por el <strong><em>Preciso<\/em><\/strong> para que opine sobre asuntos que deber\u00edan ser de Estado, no olvide \u201cmocharse\u201d con un tanto de paga.&nbsp; Necesitamos equipar varias salas de quir\u00f3fano.&nbsp; Est\u00e1n los \u201cmete cuchillo\u201d fraternales puestos, est\u00e1n los candidatos a cirug\u00eda, est\u00e1n los lugares para construirlos, est\u00e1n las <em>j\u00f3venas<\/em> y j\u00f3venes dispuestos a aprender.&nbsp; Ya s\u00f3lo faltan los equipos.&nbsp; Y la capacitaci\u00f3n para su uso y cuidado, claro.<\/p>\n","protected":false},"excerpt":{"rendered":"<p>Una Idea Genial Agosto de 2024. &nbsp; Hice mi primera captura de pantalla. &nbsp; No est\u00e1n ustedes para saberlo, ni yo para d\u00e1rselos a conocer, pero he triunfado en la ardua y vertiginosa carrera tecnol\u00f3gica. &nbsp; Despu\u00e9s de 6 meses 6 de agotadora investigaci\u00f3n, estudios y pr\u00e1cticas desgastantes, solo, sin m\u00e1s ayuda que 453 videos [&hellip;]<\/p>\n","protected":false},"author":21,"featured_media":48684,"comment_status":"open","ping_status":"closed","sticky":false,"template":"","format":"standard","meta":{"footnotes":""},"categories":[957,51,6,118,955,954,935],"tags":[644,58,926,53,147,23,545,87,148,27,483],"class_list":["post-48683","post","type-post","status-publish","format-standard","has-post-thumbnail","hentry","category-autonomia","category-autor","category-chiapas","category-ezln","category-ezln-temas","category-mexico","category-temas","tag-comunicados-ezln","tag-derechos-humanos","tag-ezln","tag-justicia","tag-militarizacion","tag-paramilitares","tag-pueblos-indigenas","tag-represion","tag-resistencia","tag-solidaridad","tag-tierra-y-territorio"],"_links":{"self":[{"href":"https:\/\/radiozapatista.org\/index.php?rest_route=\/wp\/v2\/posts\/48683","targetHints":{"allow":["GET"]}}],"collection":[{"href":"https:\/\/radiozapatista.org\/index.php?rest_route=\/wp\/v2\/posts"}],"about":[{"href":"https:\/\/radiozapatista.org\/index.php?rest_route=\/wp\/v2\/types\/post"}],"author":[{"embeddable":true,"href":"https:\/\/radiozapatista.org\/index.php?rest_route=\/wp\/v2\/users\/21"}],"replies":[{"embeddable":true,"href":"https:\/\/radiozapatista.org\/index.php?rest_route=%2Fwp%2Fv2%2Fcomments&post=48683"}],"version-history":[{"count":2,"href":"https:\/\/radiozapatista.org\/index.php?rest_route=\/wp\/v2\/posts\/48683\/revisions"}],"predecessor-version":[{"id":48721,"href":"https:\/\/radiozapatista.org\/index.php?rest_route=\/wp\/v2\/posts\/48683\/revisions\/48721"}],"wp:featuredmedia":[{"embeddable":true,"href":"https:\/\/radiozapatista.org\/index.php?rest_route=\/wp\/v2\/media\/48684"}],"wp:attachment":[{"href":"https:\/\/radiozapatista.org\/index.php?rest_route=%2Fwp%2Fv2%2Fmedia&parent=48683"}],"wp:term":[{"taxonomy":"category","embeddable":true,"href":"https:\/\/radiozapatista.org\/index.php?rest_route=%2Fwp%2Fv2%2Fcategories&post=48683"},{"taxonomy":"post_tag","embeddable":true,"href":"https:\/\/radiozapatista.org\/index.php?rest_route=%2Fwp%2Fv2%2Ftags&post=48683"}],"curies":[{"name":"wp","href":"https:\/\/api.w.org\/{rel}","templated":true}]}}