{"id":48674,"date":"2024-08-20T21:29:12","date_gmt":"2024-08-21T03:29:12","guid":{"rendered":"https:\/\/radiozapatista.org\/?p=48674"},"modified":"2024-08-20T21:31:53","modified_gmt":"2024-08-21T03:31:53","slug":"mexico-pueblos-originarios-y-colectividades-realizan-un-balance-del-despojo-del-agua","status":"publish","type":"post","link":"https:\/\/radiozapatista.org\/?p=48674","title":{"rendered":"M\u00e9xico: Pueblos originarios y colectividades realizan un balance del despojo del agua"},"content":{"rendered":"\n<p>Fuente: <a href=\"http:\/\/e\">Avispa Midia<\/a><\/p>\n\n\n\n<p>Por Santiago Navarro F<\/p>\n\n\n\n<p><em><sup>Foto de portada: Santiago Navarro F.<\/sup><\/em><\/p>\n\n\n\n<p>A casi un mes que finalice el gobierno de Andr\u00e9s Manuel L\u00f3pez Obrador (AMLO), el 1 de octubre, pueblos originarios y colectividades urbanas se congregaron en la&nbsp;<em>5\u00aa Asamblea Nacional por el Agua, la Vida y el Territorio<\/em>. Un evento que estuvo nutrido por m\u00e1s de 800 personas, quienes confluyeron en el edificio ocupado llamado Samir Flores Soberanes, el cual lleva el nombre del primer activista asesinado durante el mandato de AMLO.<\/p>\n\n\n\n<p>En este emblem\u00e1tico espacio establecido en la Ciudad de M\u00e9xico, anteriormente era el Instituto Nacional de los Pueblos Ind\u00edgenas (INPI), a manera de un balance del paso de estos a\u00f1os, se cruzaron reflexiones de pueblos originarios y de colectividades urbanas sobre la escasez del agua, tanto en la ciudad como en el campo.<\/p>\n\n\n\n<figure class=\"wp-block-image\"><a href=\"https:\/\/avispa.org\/wp-content\/uploads\/2024\/08\/5AsambleaAgua-Paco-2.jpg\"><img decoding=\"async\" src=\"https:\/\/avispa.org\/wp-content\/uploads\/2024\/08\/5AsambleaAgua-Paco-2-1024x683.jpg\" alt=\"\" class=\"wp-image-117672\"\/><\/a><figcaption class=\"wp-element-caption\"><em><sup>Fotos: Santiago Navarro F.<\/sup><\/em><\/figcaption><\/figure>\n\n\n\n<p>Tambi\u00e9n se resalt\u00f3 la continuidad de las pol\u00edticas neoliberales y proyectos de gran envergadura que han caracterizado al gobierno de L\u00f3pez Obrador, como el Tren Maya, el Corredor Interoce\u00e1nico, los nuevos parques industriales y el entramado de gasoductos que se despliegan en el Golfo y sur de M\u00e9xico, pertenecientes principalmente a la empresa canadiense TC Energy y a la estadounidense Sempra Energy.<\/p>\n\n\n\n<p>Tambi\u00e9n te puede interesar:&nbsp;<a href=\"https:\/\/avispa.org\/mexico-tc-energia-acelera-gasoducto-puerta-al-sureste-para-funcionar-en-2025\/\" target=\"_blank\" rel=\"noreferrer noopener\">M\u00e9xico: TC Energ\u00eda acelera gasoducto \u201cPuerta al Sureste\u201d para funcionar en 2025<\/a><\/p>\n\n\n\n<p>\u201cHay al menos tres preocupaciones en las que hemos coincidido. La escasez y saqueo del agua de nuestros territorios. La avanzada de los megaproyectos y la militarizaci\u00f3n y el crimen organizado, que acompa\u00f1an estos megaproyectos. Desde Sonora hasta Yucat\u00e1n se expresan los mismos problemas\u201d dijo para&nbsp;<em>Avispa M\u00eddia<\/em>&nbsp;Carlos Beas de Oaxaca.&nbsp;<\/p>\n\n\n\n<p>La asamblea estuvo nutrida por colectividades urbanas de j\u00f3venes, universitarios, amas de casa, entre otras como Luc\u00eda V\u00e1zquez del pueblo de Acochi, en Sonora, qui\u00e9n sostuvo para&nbsp;<em>Avispa M\u00edda<\/em>&nbsp;que el conglomerado \u201cGrupo M\u00e9xico, adem\u00e1s de haber contaminado el R\u00edo Sonora en el a\u00f1o 2014, con metales pesados, ahora quiere saquear el agua por medio de pipas (tanques cisterna) del r\u00edo Bacoachi\u201d, lugar donde las habitantes de estos pueblos mantienen bloqueado el acceso a las pipas.<\/p>\n\n\n\n<p>Al activista e investigador Gilberto L\u00f3pez y Rivas, quien fue part\u00edcipe de esta Asamblea, le llama la atenci\u00f3n las coincidencias de los testimonios tanto urbanos como rurales, \u201cse han identificado a los victimarios de este proceso de despojo y explotaci\u00f3n del agua; aparece, naturalmente, las refresqueras, las cerveceras, farmac\u00e9uticas, el crimen organizado\u201d.<\/p>\n\n\n\n<h3 class=\"wp-block-heading\" id=\"h-militarizacion-y-crimen-nbsp-nbsp\"><strong>Militarizaci\u00f3n y crimen&nbsp;&nbsp;<\/strong><\/h3>\n\n\n\n<p>L\u00f3pez y Rivas, quien tambi\u00e9n es integrante del colectivo&nbsp;<em>Lleg\u00f3 la hora de los pueblos<\/em>, menciona para el equipo de este reportaje que, otro elemento que destaca en los testimonios cruzados de este encuentro, \u201ces la creciente militarizaci\u00f3n en el pa\u00eds\u201d, ya que los megaproyectos han sido desarrollados y custodiados por \u201cpor la Marina y por la Guardia Nacional\u201d.<\/p>\n\n\n\n<p>Pero, sobre todo, arremete el activista, \u201cestamos en un momento donde el capitalismo esta siendo m\u00e1s agresivo; entonces se despliega un proceso de acumulaci\u00f3n de capital de forma militarizada, pero, tambi\u00e9n, delincuencial que responde a las necesidades del capitalismo\u201d, asevera L\u00f3pez y Rivas.<\/p>\n\n\n\n<figure class=\"wp-block-embed is-type-video is-provider-youtube wp-block-embed-youtube wp-embed-aspect-16-9 wp-has-aspect-ratio\"><div class=\"wp-block-embed__wrapper\">\n<iframe loading=\"lazy\" title=\"Acumulaci\u00f3n de Capital, militarizaci\u00f3n y crimen organizado\" width=\"500\" height=\"281\" src=\"https:\/\/www.youtube.com\/embed\/vhWdbk2qSRU?feature=oembed\" frameborder=\"0\" allow=\"accelerometer; autoplay; clipboard-write; encrypted-media; gyroscope; picture-in-picture; web-share\" referrerpolicy=\"strict-origin-when-cross-origin\" allowfullscreen><\/iframe>\n<\/div><\/figure>\n\n\n\n<p>Ver tambi\u00e9n:&nbsp;<a href=\"https:\/\/avispa.org\/pueblos-en-defensa-del-agua-convocan-a-cuarta-asamblea-nacional\/\" target=\"_blank\" rel=\"noreferrer noopener\">Pueblos en defensa del agua convocan a Cuarta Asamblea Nacional<\/a><\/p>\n\n\n\n<p>Adem\u00e1s, los asistentes denunciaron el acaparamiento del agua por empresas como Coca-Cola, Heineken, Cemex, el Aeropuerto Internacional Felipe \u00c1ngeles, y el Proyecto Integral Morelos. Los han colocado como ejemplos de un &#8220;saqueo sistem\u00e1tico&#8221; que perpet\u00faa el &#8220;despojo y la violencia&#8221;, declararon en plenaria.<\/p>\n\n\n\n<p>La <a href=\"https:\/\/www.congresonacionalindigena.org\/2024\/08\/18\/declaracion-de-la-5a-asamblea-nacional-por-el-agua-la-vida-y-el-territorio\/\">declaraci\u00f3n<\/a> final de esta asamblea tambi\u00e9n ha puesto de relieve el caso de Samir Flores Soberanes, un destacado activista&nbsp;<a href=\"https:\/\/avispa.org\/narcotrafico-y-gobierno-coludidos-en-el-asesinato-de-samir-flores\/\">asesinado en 2019<\/a>, cuya muerte fue vista como un indicio de la persistente guerra contra los pueblos originarios. La asamblea ha exigido justicia para Samir y para los numerosos desaparecidos que, seg\u00fan se afirma, \u201chan sido v\u00edctimas de la violencia institucional y la represi\u00f3n\u201d.<\/p>\n\n\n\n<p>Los participantes han subrayado el papel crucial del agua y la tierra en la vida y cultura de los pueblos ind\u00edgenas, llamando a la protecci\u00f3n de estos recursos frente a los intereses corporativos y gubernamentales. Se ha resaltado la importancia de la autonom\u00eda y la autodeterminaci\u00f3n de las comunidades, y se ha denunciado la simulaci\u00f3n y cooptaci\u00f3n de las instituciones gubernamentales que, seg\u00fan se afirma, \u201chan intentado desacreditar y desmovilizar la lucha ind\u00edgena\u201d.<\/p>\n\n\n\n<figure class=\"wp-block-image\"><a href=\"https:\/\/avispa.org\/wp-content\/uploads\/2024\/08\/5AsambleaAgua-Paco-5.jpg\"><img decoding=\"async\" src=\"https:\/\/avispa.org\/wp-content\/uploads\/2024\/08\/5AsambleaAgua-Paco-5-1024x683.jpg\" alt=\"\" class=\"wp-image-117675\"\/><\/a><figcaption class=\"wp-element-caption\"><em><sup>Fotos: Santiago Navarro F.<\/sup><\/em><\/figcaption><\/figure>\n\n\n\n<p>A ello se suma una serie de acciones y movilizaciones que realizar\u00e1n en los pr\u00f3ximos meses en apoyo a las comunidades afectadas en todo M\u00e9xico. La asamblea tambi\u00e9n ha anunciado la realizaci\u00f3n de la Sexta Asamblea Nacional por el Agua, la Vida y el Territorio en 2025, destacando la continuidad y el fortalecimiento de la resistencia. La fecha y lugar a\u00fan no lo han anunciado.<\/p>\n\n\n\n<p>En un emotivo cierre, los asistentes reafirmaron su compromiso con la lucha por la vida, la justicia y la dignidad. Bajo el lema &#8220;Agua, Tierra y Libertad&#8221;, la asamblea ha dejado claro que la resistencia de los pueblos originarios sigue viva y activa, desafiando las estructuras de poder que han intentado someterlos a lo largo de la historia.<\/p>\n","protected":false},"excerpt":{"rendered":"<p>Fuente: Avispa Midia Por Santiago Navarro F Foto de portada: Santiago Navarro F. A casi un mes que finalice el gobierno de Andr\u00e9s Manuel L\u00f3pez Obrador (AMLO), el 1 de octubre, pueblos originarios y colectividades urbanas se congregaron en la&nbsp;5\u00aa Asamblea Nacional por el Agua, la Vida y el Territorio. Un evento que estuvo nutrido [&hellip;]<\/p>\n","protected":false},"author":21,"featured_media":48676,"comment_status":"open","ping_status":"closed","sticky":false,"template":"","format":"standard","meta":{"footnotes":""},"categories":[957,51,826,958,954,935],"tags":[58,53,567,147,23,545,87,148,27,483],"class_list":["post-48674","post","type-post","status-publish","format-standard","has-post-thumbnail","hentry","category-autonomia","category-autor","category-medios-libres-2","category-megaproyectos","category-mexico","category-temas","tag-derechos-humanos","tag-justicia","tag-megaproyectos","tag-militarizacion","tag-paramilitares","tag-pueblos-indigenas","tag-represion","tag-resistencia","tag-solidaridad","tag-tierra-y-territorio"],"_links":{"self":[{"href":"https:\/\/radiozapatista.org\/index.php?rest_route=\/wp\/v2\/posts\/48674","targetHints":{"allow":["GET"]}}],"collection":[{"href":"https:\/\/radiozapatista.org\/index.php?rest_route=\/wp\/v2\/posts"}],"about":[{"href":"https:\/\/radiozapatista.org\/index.php?rest_route=\/wp\/v2\/types\/post"}],"author":[{"embeddable":true,"href":"https:\/\/radiozapatista.org\/index.php?rest_route=\/wp\/v2\/users\/21"}],"replies":[{"embeddable":true,"href":"https:\/\/radiozapatista.org\/index.php?rest_route=%2Fwp%2Fv2%2Fcomments&post=48674"}],"version-history":[{"count":2,"href":"https:\/\/radiozapatista.org\/index.php?rest_route=\/wp\/v2\/posts\/48674\/revisions"}],"predecessor-version":[{"id":48679,"href":"https:\/\/radiozapatista.org\/index.php?rest_route=\/wp\/v2\/posts\/48674\/revisions\/48679"}],"wp:featuredmedia":[{"embeddable":true,"href":"https:\/\/radiozapatista.org\/index.php?rest_route=\/wp\/v2\/media\/48676"}],"wp:attachment":[{"href":"https:\/\/radiozapatista.org\/index.php?rest_route=%2Fwp%2Fv2%2Fmedia&parent=48674"}],"wp:term":[{"taxonomy":"category","embeddable":true,"href":"https:\/\/radiozapatista.org\/index.php?rest_route=%2Fwp%2Fv2%2Fcategories&post=48674"},{"taxonomy":"post_tag","embeddable":true,"href":"https:\/\/radiozapatista.org\/index.php?rest_route=%2Fwp%2Fv2%2Ftags&post=48674"}],"curies":[{"name":"wp","href":"https:\/\/api.w.org\/{rel}","templated":true}]}}